{"id":8680,"date":"2023-12-14T11:30:00","date_gmt":"2023-12-14T10:30:00","guid":{"rendered":"https:\/\/www.univers-med.com\/blog\/?p=8680"},"modified":"2023-12-18T13:55:39","modified_gmt":"2023-12-18T12:55:39","slug":"carla-bruni-chirurgie-esthetique","status":"publish","type":"post","link":"https:\/\/www.univers-med.com\/blog\/carla-bruni-chirurgie-esthetique\/","title":{"rendered":"Carla Bruni chirurgie esth\u00e9tique"},"content":{"rendered":"\n<p><strong>Carla Bruni<\/strong>, c\u00e9l\u00e8bre pour sa carri\u00e8re de mannequin, sa musique et son r\u00f4le de Premi\u00e8re Dame de France, a souvent \u00e9t\u00e9 au centre des discussions concernant la chirurgie esth\u00e9tique. Cet article explore sa biographie, les interventions esth\u00e9tiques qu&rsquo;elle aurait subies, et les cons\u00e9quences de ces op\u00e9rations.<\/p>\n\n\n<div class=\"wp-block-image\">\n<figure class=\"aligncenter size-large\"><img loading=\"lazy\" width=\"1024\" height=\"507\" src=\"https:\/\/www.univers-med.com\/blog\/wp-content\/uploads\/2023\/12\/carla-bruni-avant-apres-chirurgie-esthetique-1024x507.webp\" alt=\"Carla Bruni avant apr\u00e8s chirurgie esth\u00e9tique\" class=\"wp-image-8681\" srcset=\"https:\/\/www.univers-med.com\/blog\/wp-content\/uploads\/2023\/12\/carla-bruni-avant-apres-chirurgie-esthetique-1024x507.webp 1024w, https:\/\/www.univers-med.com\/blog\/wp-content\/uploads\/2023\/12\/carla-bruni-avant-apres-chirurgie-esthetique-300x149.webp 300w, https:\/\/www.univers-med.com\/blog\/wp-content\/uploads\/2023\/12\/carla-bruni-avant-apres-chirurgie-esthetique-768x381.webp 768w, https:\/\/www.univers-med.com\/blog\/wp-content\/uploads\/2023\/12\/carla-bruni-avant-apres-chirurgie-esthetique-100x50.webp 100w, https:\/\/www.univers-med.com\/blog\/wp-content\/uploads\/2023\/12\/carla-bruni-avant-apres-chirurgie-esthetique.webp 1110w\" sizes=\"(max-width: 1024px) 100vw, 1024px\" \/><figcaption>Carla Bruni avant apr\u00e8s chirurgie esth\u00e9tique<\/figcaption><\/figure><\/div>\n\n\n<div id=\"ez-toc-container\" class=\"ez-toc-v2_0_72 counter-hierarchy ez-toc-counter ez-toc-grey ez-toc-container-direction\">\n<div class=\"ez-toc-title-container\">\n<p class=\"ez-toc-title\" style=\"cursor:inherit\">Table of Contents<\/p>\n<span class=\"ez-toc-title-toggle\"><a href=\"#\" class=\"ez-toc-pull-right ez-toc-btn ez-toc-btn-xs ez-toc-btn-default ez-toc-toggle\" aria-label=\"Toggle Table of Content\"><span class=\"ez-toc-js-icon-con\"><span class=\"\"><span class=\"eztoc-hide\" style=\"display:none;\">Toggle<\/span><span class=\"ez-toc-icon-toggle-span\"><svg style=\"fill: #999;color:#999\" xmlns=\"http:\/\/www.w3.org\/2000\/svg\" class=\"list-377408\" width=\"20px\" height=\"20px\" viewBox=\"0 0 24 24\" fill=\"none\"><path d=\"M6 6H4v2h2V6zm14 0H8v2h12V6zM4 11h2v2H4v-2zm16 0H8v2h12v-2zM4 16h2v2H4v-2zm16 0H8v2h12v-2z\" fill=\"currentColor\"><\/path><\/svg><svg style=\"fill: #999;color:#999\" class=\"arrow-unsorted-368013\" xmlns=\"http:\/\/www.w3.org\/2000\/svg\" width=\"10px\" height=\"10px\" viewBox=\"0 0 24 24\" version=\"1.2\" baseProfile=\"tiny\"><path d=\"M18.2 9.3l-6.2-6.3-6.2 6.3c-.2.2-.3.4-.3.7s.1.5.3.7c.2.2.4.3.7.3h11c.3 0 .5-.1.7-.3.2-.2.3-.5.3-.7s-.1-.5-.3-.7zM5.8 14.7l6.2 6.3 6.2-6.3c.2-.2.3-.5.3-.7s-.1-.5-.3-.7c-.2-.2-.4-.3-.7-.3h-11c-.3 0-.5.1-.7.3-.2.2-.3.5-.3.7s.1.5.3.7z\"\/><\/svg><\/span><\/span><\/span><\/a><\/span><\/div>\n<nav><ul class='ez-toc-list ez-toc-list-level-1 ' ><li class='ez-toc-page-1 ez-toc-heading-level-2'><a class=\"ez-toc-link ez-toc-heading-1\" href=\"https:\/\/www.univers-med.com\/blog\/carla-bruni-chirurgie-esthetique\/#Carla_Bruni_Sa_biographie\" title=\"Carla Bruni : Sa biographie\">Carla Bruni : Sa biographie<\/a><\/li><li class='ez-toc-page-1 ez-toc-heading-level-2'><a class=\"ez-toc-link ez-toc-heading-2\" href=\"https:\/\/www.univers-med.com\/blog\/carla-bruni-chirurgie-esthetique\/#Carla_Bruni_et_les_operations_de_chirurgie_esthetique_subies\" title=\"Carla Bruni et les op\u00e9rations de chirurgie esth\u00e9tique subies\">Carla Bruni et les op\u00e9rations de chirurgie esth\u00e9tique subies<\/a><ul class='ez-toc-list-level-3' ><li class='ez-toc-heading-level-3'><a class=\"ez-toc-link ez-toc-heading-3\" href=\"https:\/\/www.univers-med.com\/blog\/carla-bruni-chirurgie-esthetique\/#Rhinoplastie\" title=\"Rhinoplastie\">Rhinoplastie<\/a><\/li><li class='ez-toc-page-1 ez-toc-heading-level-3'><a class=\"ez-toc-link ez-toc-heading-4\" href=\"https:\/\/www.univers-med.com\/blog\/carla-bruni-chirurgie-esthetique\/#Lifting_du_visage\" title=\"Lifting du visage\">Lifting du visage<\/a><\/li><li class='ez-toc-page-1 ez-toc-heading-level-3'><a class=\"ez-toc-link ez-toc-heading-5\" href=\"https:\/\/www.univers-med.com\/blog\/carla-bruni-chirurgie-esthetique\/#Injections_de_botox\" title=\"Injections de botox\">Injections de botox<\/a><\/li><li class='ez-toc-page-1 ez-toc-heading-level-3'><a class=\"ez-toc-link ez-toc-heading-6\" href=\"https:\/\/www.univers-med.com\/blog\/carla-bruni-chirurgie-esthetique\/#Blepharoplastie\" title=\"Bl\u00e9pharoplastie\">Bl\u00e9pharoplastie<\/a><\/li><\/ul><\/li><li class='ez-toc-page-1 ez-toc-heading-level-2'><a class=\"ez-toc-link ez-toc-heading-7\" href=\"https:\/\/www.univers-med.com\/blog\/carla-bruni-chirurgie-esthetique\/#Les_consequences_fatales_des_operations_de_chirurgie_esthetique_de_Carla_Bruni\" title=\"Les cons\u00e9quences fatales des op\u00e9rations de chirurgie esth\u00e9tique de Carla Bruni\">Les cons\u00e9quences fatales des op\u00e9rations de chirurgie esth\u00e9tique de Carla Bruni<\/a><ul class='ez-toc-list-level-3' ><li class='ez-toc-heading-level-3'><a class=\"ez-toc-link ez-toc-heading-8\" href=\"https:\/\/www.univers-med.com\/blog\/carla-bruni-chirurgie-esthetique\/#Surutilisation_du_botox_entrainant_un_manque_dexpression_du_visage\" title=\"Surutilisation du botox entrainant un manque d\u2019expression du visage\">Surutilisation du botox entrainant un manque d\u2019expression du visage<\/a><\/li><li class='ez-toc-page-1 ez-toc-heading-level-3'><a class=\"ez-toc-link ez-toc-heading-9\" href=\"https:\/\/www.univers-med.com\/blog\/carla-bruni-chirurgie-esthetique\/#Trop_de_plis_cutanes_dans_la_zone_de_la_paupiere_inferieure_suite_a_sa_blepharoplastie\" title=\"Trop de plis cutan\u00e9s dans la zone de la paupi\u00e8re inf\u00e9rieure suite \u00e0 sa bl\u00e9pharoplastie\">Trop de plis cutan\u00e9s dans la zone de la paupi\u00e8re inf\u00e9rieure suite \u00e0 sa bl\u00e9pharoplastie<\/a><\/li><\/ul><\/li><li class='ez-toc-page-1 ez-toc-heading-level-2'><a class=\"ez-toc-link ez-toc-heading-10\" href=\"https:\/\/www.univers-med.com\/blog\/carla-bruni-chirurgie-esthetique\/#Les_fans_mecontents_pensent_quelle_a_abuse_de_chirurgie_esthetique\" title=\"Les fans m\u00e9contents pensent qu\u2019elle a abus\u00e9 de chirurgie esth\u00e9tique\">Les fans m\u00e9contents pensent qu\u2019elle a abus\u00e9 de chirurgie esth\u00e9tique<\/a><\/li><li class='ez-toc-page-1 ez-toc-heading-level-2'><a class=\"ez-toc-link ez-toc-heading-11\" href=\"https:\/\/www.univers-med.com\/blog\/carla-bruni-chirurgie-esthetique\/#Carla_Bruni_nie_totalement_avoir_eu_recours_au_botox\" title=\"Carla Bruni nie totalement avoir eu recours au botox\">Carla Bruni nie totalement avoir eu recours au botox<\/a><\/li><\/ul><\/nav><\/div>\n<h2><span class=\"ez-toc-section\" id=\"Carla_Bruni_Sa_biographie\"><\/span>Carla Bruni : Sa biographie<span class=\"ez-toc-section-end\"><\/span><\/h2>\n\n\n\n<p>N\u00e9e en <strong>1967 <\/strong>en Italie, Carla Bruni s&rsquo;est rapidement impos\u00e9e comme un mannequin de renom dans les <strong>ann\u00e9es 1990,<\/strong> avant de se lancer dans une carri\u00e8re musicale r\u00e9ussie. Mari\u00e9e \u00e0 l&rsquo;ancien pr\u00e9sident fran\u00e7ais <strong>Nicolas Sarkozy<\/strong>, elle a \u00e9galement jou\u00e9 un r\u00f4le influent en tant que Premi\u00e8re Dame.<\/p>\n\n\n\n<h2><span class=\"ez-toc-section\" id=\"Carla_Bruni_et_les_operations_de_chirurgie_esthetique_subies\"><\/span>Carla Bruni et les op\u00e9rations de chirurgie esth\u00e9tique subies<span class=\"ez-toc-section-end\"><\/span><\/h2>\n\n\n\n<p>Bien que Carla Bruni n&rsquo;ait jamais confirm\u00e9 avoir subi des op\u00e9rations de chirurgie esth\u00e9tique, plusieurs experts ont sp\u00e9cul\u00e9 sur les interventions possibles, bas\u00e9es sur l&rsquo;\u00e9volution de son apparence au fil des ans.<\/p>\n\n\n\n<figure class=\"wp-block-image size-full\"><img loading=\"lazy\" width=\"602\" height=\"401\" src=\"https:\/\/www.univers-med.com\/blog\/wp-content\/uploads\/2023\/12\/carla-bruni-plus-jeune.webp\" alt=\"\" class=\"wp-image-8682\" srcset=\"https:\/\/www.univers-med.com\/blog\/wp-content\/uploads\/2023\/12\/carla-bruni-plus-jeune.webp 602w, https:\/\/www.univers-med.com\/blog\/wp-content\/uploads\/2023\/12\/carla-bruni-plus-jeune-300x200.webp 300w, https:\/\/www.univers-med.com\/blog\/wp-content\/uploads\/2023\/12\/carla-bruni-plus-jeune-100x67.webp 100w\" sizes=\"(max-width: 602px) 100vw, 602px\" \/><figcaption><strong>Photo de Carla Bruni jeune et apr\u00e8s chirurgie<\/strong><\/figcaption><\/figure>\n\n\n\n<figure class=\"wp-block-image size-full\"><img loading=\"lazy\" width=\"599\" height=\"398\" src=\"https:\/\/www.univers-med.com\/blog\/wp-content\/uploads\/2023\/12\/carla-bruni-chirurgie-esthetique.webp\" alt=\"\" class=\"wp-image-8684\" srcset=\"https:\/\/www.univers-med.com\/blog\/wp-content\/uploads\/2023\/12\/carla-bruni-chirurgie-esthetique.webp 599w, https:\/\/www.univers-med.com\/blog\/wp-content\/uploads\/2023\/12\/carla-bruni-chirurgie-esthetique-300x200.webp 300w, https:\/\/www.univers-med.com\/blog\/wp-content\/uploads\/2023\/12\/carla-bruni-chirurgie-esthetique-100x66.webp 100w\" sizes=\"(max-width: 599px) 100vw, 599px\" \/><figcaption><strong>Carla Bruni apr\u00e8s chirurgie esth\u00e9tique<\/strong><\/figcaption><\/figure>\n\n\n\n<h3><span class=\"ez-toc-section\" id=\"Rhinoplastie\"><\/span>Rhinoplastie<span class=\"ez-toc-section-end\"><\/span><\/h3>\n\n\n\n<p>La rhinoplastie, ou <a href=\"https:\/\/www.univers-med.com\/rhinoplastie-tunisie.html\">chirurgie du nez<\/a>, est l&rsquo;une des interventions esth\u00e9tiques les plus discut\u00e9es en ce qui concerne Carla Bruni. Des comparaisons entre ses photos d&rsquo;antan et celles plus r\u00e9centes sugg\u00e8rent des modifications dans la forme et la taille de son nez, bien que cela n&rsquo;ait jamais \u00e9t\u00e9 confirm\u00e9 par Bruni elle-m\u00eame. Les changements observ\u00e9s pourraient \u00eatre attribu\u00e9s \u00e0 une rhinoplastie, une proc\u00e9dure couramment utilis\u00e9e pour harmoniser les traits du visage, mais dans le cas de Carla Bruni, cela reste de la sp\u00e9culation.<\/p>\n\n\n\n<h3><span class=\"ez-toc-section\" id=\"Lifting_du_visage\"><\/span>Lifting du visage<span class=\"ez-toc-section-end\"><\/span><\/h3>\n\n\n\n<p><a href=\"https:\/\/www.univers-med.com\/lifting-du-visage-tunisie.html\">Le lifting du visage <\/a>est une autre proc\u00e9dure souvent associ\u00e9e \u00e0 Carla Bruni, surtout en consid\u00e9rant l&rsquo;\u00e9volution de son apparence au fil des ann\u00e9es. Cette intervention vise \u00e0 r\u00e9duire les signes de vieillissement en retendant la peau du visage et du cou. Chez certaines c\u00e9l\u00e9brit\u00e9s, comme Bruni, les diff\u00e9rences dans la tension de la peau et l&rsquo;apparence g\u00e9n\u00e9rale du visage peuvent parfois \u00eatre interpr\u00e9t\u00e9es comme le r\u00e9sultat d&rsquo;un lifting, bien que cela ne soit pas toujours le cas.<\/p>\n\n\n\n<h3><span class=\"ez-toc-section\" id=\"Injections_de_botox\"><\/span>Injections de botox<span class=\"ez-toc-section-end\"><\/span><\/h3>\n\n\n\n<p>Les injections de botox sont couramment utilis\u00e9es pour lisser les rides et les lignes d&rsquo;expression. Dans le cas de <strong>Carla Bruni<\/strong>, certains observateurs ont not\u00e9 une certaine immobilit\u00e9 et lissage de son visage, ce qui pourrait \u00eatre le r\u00e9sultat d&rsquo;injections de botox. Cependant, comme pour les autres proc\u00e9dures, il n&rsquo;y a pas de confirmation officielle de la part de Bruni, laissant la place \u00e0 des hypoth\u00e8ses bas\u00e9es uniquement sur des observations visuelles.<\/p>\n\n\n\n<h3><span class=\"ez-toc-section\" id=\"Blepharoplastie\"><\/span>Bl\u00e9pharoplastie<span class=\"ez-toc-section-end\"><\/span><\/h3>\n\n\n\n<p><a href=\"\">La bl\u00e9pharoplastie<\/a>, la <strong>chirurgie des paupi\u00e8res<\/strong>, est parfois sugg\u00e9r\u00e9e comme une intervention que Carla Bruni aurait pu subir. Cette proc\u00e9dure vise \u00e0 corriger les paupi\u00e8res tombantes ou \u00e0 enlever les poches sous les yeux, donnant un aspect plus jeune et repos\u00e9. Des changements dans les yeux de <strong>Carla Bruni<\/strong> ont conduit \u00e0 des sp\u00e9culations sur une \u00e9ventuelle <strong>bl\u00e9pharoplastie<\/strong>, bien que, l\u00e0 encore, il n&rsquo;y ait pas de confirmation de sa part.<\/p>\n\n\n\n<p>En r\u00e9sum\u00e9, bien que de nombreuses sp\u00e9culations circulent autour des interventions de chirurgie esth\u00e9tique que Carla Bruni aurait pu subir, il est important de noter que, sans confirmation directe de sa part, ces suppositions restent dans le domaine de la conjecture. La fascination du public pour les changements dans l&rsquo;apparence des c\u00e9l\u00e9brit\u00e9s souligne l&rsquo;importance accord\u00e9e \u00e0 l&rsquo;image dans notre soci\u00e9t\u00e9, tout en rappelant la n\u00e9cessit\u00e9 de respecter la vie priv\u00e9e et les choix personnels des individus.<\/p>\n\n\n\n<h2><span class=\"ez-toc-section\" id=\"Les_consequences_fatales_des_operations_de_chirurgie_esthetique_de_Carla_Bruni\"><\/span>Les cons\u00e9quences fatales des op\u00e9rations de chirurgie esth\u00e9tique de Carla Bruni<span class=\"ez-toc-section-end\"><\/span><\/h2>\n\n\n\n<h3><span class=\"ez-toc-section\" id=\"Surutilisation_du_botox_entrainant_un_manque_dexpression_du_visage\"><\/span>Surutilisation du botox entrainant un manque d\u2019expression du visage<span class=\"ez-toc-section-end\"><\/span><\/h3>\n\n\n\n<p>Si Carla Bruni a effectivement utilis\u00e9 du botox, cela pourrait expliquer certaines critiques concernant un manque d&rsquo;expression faciale.<\/p>\n\n\n\n<h3><span class=\"ez-toc-section\" id=\"Trop_de_plis_cutanes_dans_la_zone_de_la_paupiere_inferieure_suite_a_sa_blepharoplastie\"><\/span>Trop de plis cutan\u00e9s dans la zone de la paupi\u00e8re inf\u00e9rieure suite \u00e0 sa bl\u00e9pharoplastie<span class=\"ez-toc-section-end\"><\/span><\/h3>\n\n\n\n<p>Les interventions sur les paupi\u00e8res peuvent parfois entra\u00eener des complications, comme un exc\u00e8s de plis cutan\u00e9s, bien que cela reste de la sp\u00e9culation dans le cas de Bruni.<\/p>\n\n\n\n<h2><span class=\"ez-toc-section\" id=\"Les_fans_mecontents_pensent_quelle_a_abuse_de_chirurgie_esthetique\"><\/span>Les fans m\u00e9contents pensent qu\u2019elle a abus\u00e9 de chirurgie esth\u00e9tique<span class=\"ez-toc-section-end\"><\/span><\/h2>\n\n\n\n<p>Au fil des ann\u00e9es, l&rsquo;\u00e9volution de l&rsquo;apparence de Carla a suscit\u00e9 de vives r\u00e9actions parmi ses fans et le public. Une partie significative de ses admirateurs et observateurs de la sc\u00e8ne m\u00e9diatique expriment leur m\u00e9contentement, estimant que Carla Bruni aurait peut-\u00eatre abus\u00e9 de la chirurgie esth\u00e9tique. Ces critiques se fondent principalement sur des comparaisons de photos prises \u00e0 diff\u00e9rents moments de sa carri\u00e8re, o\u00f9 des changements notables dans son apparence faciale sont visibles. Certains fans expriment une nostalgie pour son look naturel d&rsquo;antan, affirmant que les interventions esth\u00e9tiques, si elles ont eu lieu, ont alt\u00e9r\u00e9 son charme et son authenticit\u00e9 d&rsquo;origine. Cette perception est souvent aliment\u00e9e par une culture m\u00e9diatique qui scrute et analyse minutieusement les changements physiques des c\u00e9l\u00e9brit\u00e9s, parfois sans tenir compte de l&rsquo;impact du vieillissement naturel ou d&rsquo;autres facteurs non chirurgicaux. Bien que Carla Bruni ait ni\u00e9 avoir eu recours \u00e0 des proc\u00e9dures cosm\u00e9tiques invasives, l&rsquo;id\u00e9e qu&rsquo;elle ait pu d\u00e9passer les limites acceptables de la chirurgie esth\u00e9tique persiste dans certaines communaut\u00e9s de fans, illustrant la mani\u00e8re dont les c\u00e9l\u00e9brit\u00e9s sont souvent prises dans le tourbillon des attentes et des jugements publics sur leur apparence.<\/p>\n\n\n\n<h2><span class=\"ez-toc-section\" id=\"Carla_Bruni_nie_totalement_avoir_eu_recours_au_botox\"><\/span>Carla Bruni nie totalement avoir eu recours au botox<span class=\"ez-toc-section-end\"><\/span><\/h2>\n\n\n\n<p>Malgr\u00e9 les rumeurs, Carla Bruni a toujours ni\u00e9 avoir utilis\u00e9 du botox ou d&rsquo;autres formes de chirurgie esth\u00e9tique, insistant sur le fait que son apparence est le r\u00e9sultat de soins naturels et d&rsquo;un mode de vie sain.<\/p>\n\n\n\n<p>La question de la chirurgie esth\u00e9tique de Carla reste entour\u00e9e de myst\u00e8re et de sp\u00e9culation. Bien que son apparence ait \u00e9volu\u00e9 au fil des ans, elle a constamment ni\u00e9 avoir eu recours \u00e0 des interventions chirurgicales. Il est important de se rappeler que, quelle que soit la v\u00e9rit\u00e9, le choix de recourir ou non \u00e0 la chirurgie esth\u00e9tique est personnel et ne devrait pas \u00eatre l&rsquo;objet de jugement. En fin de compte, Carla reste une figure embl\u00e9matique, connue pour sa gr\u00e2ce, son talent et son \u00e9l\u00e9gance, au-del\u00e0 de son apparence physique.<\/p>\n","protected":false},"excerpt":{"rendered":"<p>Carla Bruni, c\u00e9l\u00e8bre pour sa carri\u00e8re de mannequin, sa musique et son r\u00f4le de Premi\u00e8re Dame de France, a souvent \u00e9t\u00e9 au centre des discussions concernant la chirurgie esth\u00e9tique. Cet article explore sa biographie, les interventions esth\u00e9tiques qu&rsquo;elle aurait subies, et les cons\u00e9quences de ces op\u00e9rations. Carla Bruni : Sa biographie N\u00e9e en 1967 en [&hellip;]<\/p>\n","protected":false},"author":1,"featured_media":8681,"comment_status":"closed","ping_status":"closed","sticky":false,"template":"","format":"standard","meta":[],"categories":[1105],"tags":[],"yoast_head":"<!-- This site is optimized with the Yoast SEO plugin v20.6 - https:\/\/yoast.com\/wordpress\/plugins\/seo\/ -->\n<title>Carla Bruni : Les chirurgies esth\u00e9tiques qu&#039;elle a subi<\/title>\n<meta name=\"description\" content=\"D\u00e9couvrez les chirurgie esth\u00e9tique que Carla Bruni a subi. Les cons\u00e9quences fatales d&#039;une s\u00e9rie de chirurgie esth\u00e9tique b\u00e2cl\u00e9e.\" \/>\n<meta name=\"robots\" content=\"index, follow, max-snippet:-1, max-image-preview:large, max-video-preview:-1\" \/>\n<link rel=\"canonical\" href=\"https:\/\/www.univers-med.com\/blog\/carla-bruni-chirurgie-esthetique\/\" \/>\n<meta property=\"og:locale\" content=\"fr_FR\" \/>\n<meta property=\"og:type\" content=\"article\" \/>\n<meta property=\"og:title\" content=\"Carla Bruni : Les chirurgies esth\u00e9tiques qu&#039;elle a subi\" \/>\n<meta property=\"og:description\" content=\"D\u00e9couvrez les chirurgie esth\u00e9tique que Carla Bruni a subi. Les cons\u00e9quences fatales d&#039;une s\u00e9rie de chirurgie esth\u00e9tique b\u00e2cl\u00e9e.\" \/>\n<meta property=\"og:url\" content=\"https:\/\/www.univers-med.com\/blog\/carla-bruni-chirurgie-esthetique\/\" \/>\n<meta property=\"og:site_name\" content=\"Blog Univers-med\" \/>\n<meta property=\"article:published_time\" content=\"2023-12-14T10:30:00+00:00\" \/>\n<meta property=\"article:modified_time\" content=\"2023-12-18T12:55:39+00:00\" \/>\n<meta property=\"og:image\" content=\"https:\/\/www.univers-med.com\/blog\/wp-content\/uploads\/2023\/12\/carla-bruni-avant-apres-chirurgie-esthetique.webp\" \/>\n\t<meta property=\"og:image:width\" content=\"1110\" \/>\n\t<meta property=\"og:image:height\" content=\"550\" \/>\n\t<meta property=\"og:image:type\" content=\"image\/webp\" \/>\n<meta name=\"author\" content=\"blog-univers-med\" \/>\n<meta name=\"twitter:card\" content=\"summary_large_image\" \/>\n<meta name=\"twitter:creator\" content=\"@MeduniversTn\" \/>\n<meta name=\"twitter:site\" content=\"@MeduniversTn\" \/>\n<script type=\"application\/ld+json\" class=\"yoast-schema-graph\">{\"@context\":\"https:\/\/schema.org\",\"@graph\":[{\"@type\":\"Article\",\"@id\":\"https:\/\/www.univers-med.com\/blog\/carla-bruni-chirurgie-esthetique\/#article\",\"isPartOf\":{\"@id\":\"https:\/\/www.univers-med.com\/blog\/carla-bruni-chirurgie-esthetique\/\"},\"author\":{\"name\":\"blog-univers-med\",\"@id\":\"https:\/\/www.univers-med.com\/blog\/#\/schema\/person\/a4d4b2b10c240db88faecbdd5f1175cf\"},\"headline\":\"Carla Bruni chirurgie esth\u00e9tique\",\"datePublished\":\"2023-12-14T10:30:00+00:00\",\"dateModified\":\"2023-12-18T12:55:39+00:00\",\"mainEntityOfPage\":{\"@id\":\"https:\/\/www.univers-med.com\/blog\/carla-bruni-chirurgie-esthetique\/\"},\"wordCount\":1110,\"publisher\":{\"@id\":\"https:\/\/www.univers-med.com\/blog\/#\/schema\/person\/a4d4b2b10c240db88faecbdd5f1175cf\"},\"articleSection\":[\"Beaut\u00e9 des stars\"],\"inLanguage\":\"fr-FR\"},{\"@type\":\"WebPage\",\"@id\":\"https:\/\/www.univers-med.com\/blog\/carla-bruni-chirurgie-esthetique\/\",\"url\":\"https:\/\/www.univers-med.com\/blog\/carla-bruni-chirurgie-esthetique\/\",\"name\":\"Carla Bruni : Les chirurgies esth\u00e9tiques qu'elle a subi\",\"isPartOf\":{\"@id\":\"https:\/\/www.univers-med.com\/blog\/#website\"},\"datePublished\":\"2023-12-14T10:30:00+00:00\",\"dateModified\":\"2023-12-18T12:55:39+00:00\",\"description\":\"D\u00e9couvrez les chirurgie esth\u00e9tique que Carla Bruni a subi. Les cons\u00e9quences fatales d'une s\u00e9rie de chirurgie esth\u00e9tique b\u00e2cl\u00e9e.\",\"breadcrumb\":{\"@id\":\"https:\/\/www.univers-med.com\/blog\/carla-bruni-chirurgie-esthetique\/#breadcrumb\"},\"inLanguage\":\"fr-FR\",\"potentialAction\":[{\"@type\":\"ReadAction\",\"target\":[\"https:\/\/www.univers-med.com\/blog\/carla-bruni-chirurgie-esthetique\/\"]}]},{\"@type\":\"BreadcrumbList\",\"@id\":\"https:\/\/www.univers-med.com\/blog\/carla-bruni-chirurgie-esthetique\/#breadcrumb\",\"itemListElement\":[{\"@type\":\"ListItem\",\"position\":1,\"name\":\"Accueil\",\"item\":\"https:\/\/www.univers-med.com\/blog\/\"},{\"@type\":\"ListItem\",\"position\":2,\"name\":\"Carla Bruni chirurgie esth\u00e9tique\"}]},{\"@type\":\"WebSite\",\"@id\":\"https:\/\/www.univers-med.com\/blog\/#website\",\"url\":\"https:\/\/www.univers-med.com\/blog\/\",\"name\":\"Blog Univers-med\",\"description\":\"Blog Univers-med\",\"publisher\":{\"@id\":\"https:\/\/www.univers-med.com\/blog\/#\/schema\/person\/a4d4b2b10c240db88faecbdd5f1175cf\"},\"alternateName\":\"chirurgie esth\u00e9tique Tunisie\",\"potentialAction\":[{\"@type\":\"SearchAction\",\"target\":{\"@type\":\"EntryPoint\",\"urlTemplate\":\"https:\/\/www.univers-med.com\/blog\/?s={search_term_string}\"},\"query-input\":\"required name=search_term_string\"}],\"inLanguage\":\"fr-FR\"},{\"@type\":[\"Person\",\"Organization\"],\"@id\":\"https:\/\/www.univers-med.com\/blog\/#\/schema\/person\/a4d4b2b10c240db88faecbdd5f1175cf\",\"name\":\"blog-univers-med\",\"image\":{\"@type\":\"ImageObject\",\"inLanguage\":\"fr-FR\",\"@id\":\"https:\/\/www.univers-med.com\/blog\/#\/schema\/person\/image\/\",\"url\":\"https:\/\/www.univers-med.com\/blog\/wp-content\/uploads\/2020\/10\/cropped-logo-1.png\",\"contentUrl\":\"https:\/\/www.univers-med.com\/blog\/wp-content\/uploads\/2020\/10\/cropped-logo-1.png\",\"width\":512,\"height\":512,\"caption\":\"blog-univers-med\"},\"logo\":{\"@id\":\"https:\/\/www.univers-med.com\/blog\/#\/schema\/person\/image\/\"},\"sameAs\":[\"https:\/\/www.instagram.com\/univers_med_officiel\/\"],\"url\":\"https:\/\/www.univers-med.com\/blog\/author\/blog-univers-med\/\"}]}<\/script>\n<!-- \/ Yoast SEO plugin. -->","yoast_head_json":{"title":"Carla Bruni : Les chirurgies esth\u00e9tiques qu'elle a subi","description":"D\u00e9couvrez les chirurgie esth\u00e9tique que Carla Bruni a subi. Les cons\u00e9quences fatales d'une s\u00e9rie de chirurgie esth\u00e9tique b\u00e2cl\u00e9e.","robots":{"index":"index","follow":"follow","max-snippet":"max-snippet:-1","max-image-preview":"max-image-preview:large","max-video-preview":"max-video-preview:-1"},"canonical":"https:\/\/www.univers-med.com\/blog\/carla-bruni-chirurgie-esthetique\/","og_locale":"fr_FR","og_type":"article","og_title":"Carla Bruni : Les chirurgies esth\u00e9tiques qu'elle a subi","og_description":"D\u00e9couvrez les chirurgie esth\u00e9tique que Carla Bruni a subi. Les cons\u00e9quences fatales d'une s\u00e9rie de chirurgie esth\u00e9tique b\u00e2cl\u00e9e.","og_url":"https:\/\/www.univers-med.com\/blog\/carla-bruni-chirurgie-esthetique\/","og_site_name":"Blog Univers-med","article_published_time":"2023-12-14T10:30:00+00:00","article_modified_time":"2023-12-18T12:55:39+00:00","og_image":[{"width":1110,"height":550,"url":"https:\/\/www.univers-med.com\/blog\/wp-content\/uploads\/2023\/12\/carla-bruni-avant-apres-chirurgie-esthetique.webp","type":"image\/webp"}],"author":"blog-univers-med","twitter_card":"summary_large_image","twitter_creator":"@MeduniversTn","twitter_site":"@MeduniversTn","schema":{"@context":"https:\/\/schema.org","@graph":[{"@type":"Article","@id":"https:\/\/www.univers-med.com\/blog\/carla-bruni-chirurgie-esthetique\/#article","isPartOf":{"@id":"https:\/\/www.univers-med.com\/blog\/carla-bruni-chirurgie-esthetique\/"},"author":{"name":"blog-univers-med","@id":"https:\/\/www.univers-med.com\/blog\/#\/schema\/person\/a4d4b2b10c240db88faecbdd5f1175cf"},"headline":"Carla Bruni chirurgie esth\u00e9tique","datePublished":"2023-12-14T10:30:00+00:00","dateModified":"2023-12-18T12:55:39+00:00","mainEntityOfPage":{"@id":"https:\/\/www.univers-med.com\/blog\/carla-bruni-chirurgie-esthetique\/"},"wordCount":1110,"publisher":{"@id":"https:\/\/www.univers-med.com\/blog\/#\/schema\/person\/a4d4b2b10c240db88faecbdd5f1175cf"},"articleSection":["Beaut\u00e9 des stars"],"inLanguage":"fr-FR"},{"@type":"WebPage","@id":"https:\/\/www.univers-med.com\/blog\/carla-bruni-chirurgie-esthetique\/","url":"https:\/\/www.univers-med.com\/blog\/carla-bruni-chirurgie-esthetique\/","name":"Carla Bruni : Les chirurgies esth\u00e9tiques qu'elle a subi","isPartOf":{"@id":"https:\/\/www.univers-med.com\/blog\/#website"},"datePublished":"2023-12-14T10:30:00+00:00","dateModified":"2023-12-18T12:55:39+00:00","description":"D\u00e9couvrez les chirurgie esth\u00e9tique que Carla Bruni a subi. Les cons\u00e9quences fatales d'une s\u00e9rie de chirurgie esth\u00e9tique b\u00e2cl\u00e9e.","breadcrumb":{"@id":"https:\/\/www.univers-med.com\/blog\/carla-bruni-chirurgie-esthetique\/#breadcrumb"},"inLanguage":"fr-FR","potentialAction":[{"@type":"ReadAction","target":["https:\/\/www.univers-med.com\/blog\/carla-bruni-chirurgie-esthetique\/"]}]},{"@type":"BreadcrumbList","@id":"https:\/\/www.univers-med.com\/blog\/carla-bruni-chirurgie-esthetique\/#breadcrumb","itemListElement":[{"@type":"ListItem","position":1,"name":"Accueil","item":"https:\/\/www.univers-med.com\/blog\/"},{"@type":"ListItem","position":2,"name":"Carla Bruni chirurgie esth\u00e9tique"}]},{"@type":"WebSite","@id":"https:\/\/www.univers-med.com\/blog\/#website","url":"https:\/\/www.univers-med.com\/blog\/","name":"Blog Univers-med","description":"Blog Univers-med","publisher":{"@id":"https:\/\/www.univers-med.com\/blog\/#\/schema\/person\/a4d4b2b10c240db88faecbdd5f1175cf"},"alternateName":"chirurgie esth\u00e9tique Tunisie","potentialAction":[{"@type":"SearchAction","target":{"@type":"EntryPoint","urlTemplate":"https:\/\/www.univers-med.com\/blog\/?s={search_term_string}"},"query-input":"required name=search_term_string"}],"inLanguage":"fr-FR"},{"@type":["Person","Organization"],"@id":"https:\/\/www.univers-med.com\/blog\/#\/schema\/person\/a4d4b2b10c240db88faecbdd5f1175cf","name":"blog-univers-med","image":{"@type":"ImageObject","inLanguage":"fr-FR","@id":"https:\/\/www.univers-med.com\/blog\/#\/schema\/person\/image\/","url":"https:\/\/www.univers-med.com\/blog\/wp-content\/uploads\/2020\/10\/cropped-logo-1.png","contentUrl":"https:\/\/www.univers-med.com\/blog\/wp-content\/uploads\/2020\/10\/cropped-logo-1.png","width":512,"height":512,"caption":"blog-univers-med"},"logo":{"@id":"https:\/\/www.univers-med.com\/blog\/#\/schema\/person\/image\/"},"sameAs":["https:\/\/www.instagram.com\/univers_med_officiel\/"],"url":"https:\/\/www.univers-med.com\/blog\/author\/blog-univers-med\/"}]}},"_links":{"self":[{"href":"https:\/\/www.univers-med.com\/blog\/wp-json\/wp\/v2\/posts\/8680"}],"collection":[{"href":"https:\/\/www.univers-med.com\/blog\/wp-json\/wp\/v2\/posts"}],"about":[{"href":"https:\/\/www.univers-med.com\/blog\/wp-json\/wp\/v2\/types\/post"}],"author":[{"embeddable":true,"href":"https:\/\/www.univers-med.com\/blog\/wp-json\/wp\/v2\/users\/1"}],"replies":[{"embeddable":true,"href":"https:\/\/www.univers-med.com\/blog\/wp-json\/wp\/v2\/comments?post=8680"}],"version-history":[{"count":2,"href":"https:\/\/www.univers-med.com\/blog\/wp-json\/wp\/v2\/posts\/8680\/revisions"}],"predecessor-version":[{"id":8728,"href":"https:\/\/www.univers-med.com\/blog\/wp-json\/wp\/v2\/posts\/8680\/revisions\/8728"}],"wp:featuredmedia":[{"embeddable":true,"href":"https:\/\/www.univers-med.com\/blog\/wp-json\/wp\/v2\/media\/8681"}],"wp:attachment":[{"href":"https:\/\/www.univers-med.com\/blog\/wp-json\/wp\/v2\/media?parent=8680"}],"wp:term":[{"taxonomy":"category","embeddable":true,"href":"https:\/\/www.univers-med.com\/blog\/wp-json\/wp\/v2\/categories?post=8680"},{"taxonomy":"post_tag","embeddable":true,"href":"https:\/\/www.univers-med.com\/blog\/wp-json\/wp\/v2\/tags?post=8680"}],"curies":[{"name":"wp","href":"https:\/\/api.w.org\/{rel}","templated":true}]}}