{"id":8286,"date":"2023-10-27T09:35:00","date_gmt":"2023-10-27T07:35:00","guid":{"rendered":"https:\/\/www.univers-med.com\/blog\/?p=8286"},"modified":"2023-10-23T17:16:06","modified_gmt":"2023-10-23T15:16:06","slug":"justin-trudeau-et-la-chirurgie-esthetique","status":"publish","type":"post","link":"https:\/\/www.univers-med.com\/blog\/justin-trudeau-et-la-chirurgie-esthetique\/","title":{"rendered":"Justin Trudeau Premier ministre du Canada et les rumeurs sur sa bl\u00e9pharoplastie"},"content":{"rendered":"\n<p><strong>Justin Trudeau<\/strong>, le Premier ministre du <strong>Canada<\/strong>, est une personnalit\u00e9 politique largement m\u00e9diatis\u00e9e. Au fil des ans, il a suscit\u00e9 des sp\u00e9culations et des rumeurs concernant d&rsquo;\u00e9ventuelles <strong>interventions <\/strong>de <strong>chirurgie esth\u00e9tique<\/strong> et notamment une <a href=\"https:\/\/www.univers-med.com\/blepharoplastie-tunisie.html\">bl\u00e9pharoplastie<\/a>. Cependant, il est important de noter que ces rumeurs n&rsquo;ont pas \u00e9t\u00e9 confirm\u00e9es par des sources fiables ni par lui-m\u00eame.<\/p>\n\n\n\n<figure class=\"wp-block-image size-full\"><img loading=\"lazy\" width=\"1000\" height=\"600\" src=\"https:\/\/www.univers-med.com\/blog\/wp-content\/uploads\/2023\/10\/Justin-Trudeau-Premier-ministre-du-Canada-chirurgie-esthetique.jpg\" alt=\"\" class=\"wp-image-8438\" srcset=\"https:\/\/www.univers-med.com\/blog\/wp-content\/uploads\/2023\/10\/Justin-Trudeau-Premier-ministre-du-Canada-chirurgie-esthetique.jpg 1000w, https:\/\/www.univers-med.com\/blog\/wp-content\/uploads\/2023\/10\/Justin-Trudeau-Premier-ministre-du-Canada-chirurgie-esthetique-300x180.jpg 300w, https:\/\/www.univers-med.com\/blog\/wp-content\/uploads\/2023\/10\/Justin-Trudeau-Premier-ministre-du-Canada-chirurgie-esthetique-768x461.jpg 768w, https:\/\/www.univers-med.com\/blog\/wp-content\/uploads\/2023\/10\/Justin-Trudeau-Premier-ministre-du-Canada-chirurgie-esthetique-100x60.jpg 100w\" sizes=\"(max-width: 1000px) 100vw, 1000px\" \/><\/figure>\n\n\n\n<div id=\"ez-toc-container\" class=\"ez-toc-v2_0_72 counter-hierarchy ez-toc-counter ez-toc-grey ez-toc-container-direction\">\n<div class=\"ez-toc-title-container\">\n<p class=\"ez-toc-title\" style=\"cursor:inherit\">Table of Contents<\/p>\n<span class=\"ez-toc-title-toggle\"><a href=\"#\" class=\"ez-toc-pull-right ez-toc-btn ez-toc-btn-xs ez-toc-btn-default ez-toc-toggle\" aria-label=\"Toggle Table of Content\"><span class=\"ez-toc-js-icon-con\"><span class=\"\"><span class=\"eztoc-hide\" style=\"display:none;\">Toggle<\/span><span class=\"ez-toc-icon-toggle-span\"><svg style=\"fill: #999;color:#999\" xmlns=\"http:\/\/www.w3.org\/2000\/svg\" class=\"list-377408\" width=\"20px\" height=\"20px\" viewBox=\"0 0 24 24\" fill=\"none\"><path d=\"M6 6H4v2h2V6zm14 0H8v2h12V6zM4 11h2v2H4v-2zm16 0H8v2h12v-2zM4 16h2v2H4v-2zm16 0H8v2h12v-2z\" fill=\"currentColor\"><\/path><\/svg><svg style=\"fill: #999;color:#999\" class=\"arrow-unsorted-368013\" xmlns=\"http:\/\/www.w3.org\/2000\/svg\" width=\"10px\" height=\"10px\" viewBox=\"0 0 24 24\" version=\"1.2\" baseProfile=\"tiny\"><path d=\"M18.2 9.3l-6.2-6.3-6.2 6.3c-.2.2-.3.4-.3.7s.1.5.3.7c.2.2.4.3.7.3h11c.3 0 .5-.1.7-.3.2-.2.3-.5.3-.7s-.1-.5-.3-.7zM5.8 14.7l6.2 6.3 6.2-6.3c.2-.2.3-.5.3-.7s-.1-.5-.3-.7c-.2-.2-.4-.3-.7-.3h-11c-.3 0-.5.1-.7.3-.2.2-.3.5-.3.7s.1.5.3.7z\"\/><\/svg><\/span><\/span><\/span><\/a><\/span><\/div>\n<nav><ul class='ez-toc-list ez-toc-list-level-1 ' ><li class='ez-toc-page-1 ez-toc-heading-level-2'><a class=\"ez-toc-link ez-toc-heading-1\" href=\"https:\/\/www.univers-med.com\/blog\/justin-trudeau-et-la-chirurgie-esthetique\/#Qui_est_Justin_Trudeau\" title=\"Qui est Justin Trudeau&nbsp;?\">Qui est Justin Trudeau&nbsp;?<\/a><\/li><li class='ez-toc-page-1 ez-toc-heading-level-2'><a class=\"ez-toc-link ez-toc-heading-2\" href=\"https:\/\/www.univers-med.com\/blog\/justin-trudeau-et-la-chirurgie-esthetique\/#Quest-ce_quune_blepharoplastie_et_comment_ca_se_passe\" title=\"Qu\u2019est-ce qu\u2019une bl\u00e9pharoplastie et comment \u00e7a se passe&nbsp;?\">Qu\u2019est-ce qu\u2019une bl\u00e9pharoplastie et comment \u00e7a se passe&nbsp;?<\/a><\/li><li class='ez-toc-page-1 ez-toc-heading-level-2'><a class=\"ez-toc-link ez-toc-heading-3\" href=\"https:\/\/www.univers-med.com\/blog\/justin-trudeau-et-la-chirurgie-esthetique\/#Justin_Trudeau_Premier_ministre_du_Canada_et_les_rumeurs_sur_sa_blepharoplastie\" title=\"Justin Trudeau Premier ministre du Canada et les rumeurs sur sa bl\u00e9pharoplastie\">Justin Trudeau Premier ministre du Canada et les rumeurs sur sa bl\u00e9pharoplastie<\/a><\/li><\/ul><\/nav><\/div>\n<h2><span class=\"ez-toc-section\" id=\"Qui_est_Justin_Trudeau\"><\/span>Qui est Justin Trudeau&nbsp;?<span class=\"ez-toc-section-end\"><\/span><\/h2>\n\n\n\n<p>Justin Trudeau est une personnalit\u00e9 politique canadienne n\u00e9e le <strong>25 d\u00e9cembre 1971<\/strong> \u00e0 <strong>Ottawa<\/strong>, au <strong>Canada<\/strong>. Il est le fils de Pierre Trudeau, <strong>ancien Premier ministre du Canada<\/strong>, et de Margaret Trudeau. Il a grandi au sein d&rsquo;une famille influente et a \u00e9tudi\u00e9 la litt\u00e9rature anglaise, obtenant son baccalaur\u00e9at \u00e0 l&rsquo;<strong>Universit\u00e9 McGill<\/strong>.<\/p>\n\n\n\n<p>Trudeau a fait ses d\u00e9buts en politique en tant que d\u00e9put\u00e9 du Parti lib\u00e9ral du Canada en 2008, repr\u00e9sentant la circonscription de Papineau, \u00e0 Montr\u00e9al. Il est devenu le chef du <strong>Parti lib\u00e9ral en 2013<\/strong>, menant le parti \u00e0 une victoire \u00e9clatante aux \u00e9lections de <strong>2015<\/strong>, devenant ainsi le <strong>23e Premier ministre du Canada<\/strong>. Il a \u00e9t\u00e9 r\u00e9\u00e9lu en <strong>2019<\/strong>.<\/p>\n\n\n\n<p>En tant que Premier ministre, Justin Trudeau est connu pour son engagement en faveur de politiques progressistes, notamment en mati\u00e8re d&rsquo;environnement, d&rsquo;immigration et de droits de la personne. Il est \u00e9galement un ardent d\u00e9fenseur de l&rsquo;\u00e9galit\u00e9 des sexes et de la diversit\u00e9, faisant de son gouvernement l&rsquo;un des plus diversifi\u00e9s de l&rsquo;histoire canadienne.<\/p>\n\n\n\n<p>Trudeau est \u00e9galement une personnalit\u00e9 internationale, souvent reconnu pour son charisme et son style d\u00e9contract\u00e9. Cependant, sa carri\u00e8re politique n&rsquo;a pas \u00e9t\u00e9 sans controverse, et son image publique a \u00e9t\u00e9 le sujet de d\u00e9bats et de sp\u00e9culations, notamment en ce qui concerne des <strong>rumeurs de chirurgie esth\u00e9tique<\/strong>. N\u00e9anmoins, il reste une figure marquante de la politique canadienne et internationale.<\/p>\n\n\n\n<h2><span class=\"ez-toc-section\" id=\"Quest-ce_quune_blepharoplastie_et_comment_ca_se_passe\"><\/span>Qu\u2019est-ce qu\u2019une bl\u00e9pharoplastie et comment \u00e7a se passe&nbsp;?<span class=\"ez-toc-section-end\"><\/span><\/h2>\n\n\n\n<p>La <strong>bl\u00e9pharoplastie<\/strong>, \u00e9galement connue sous le nom de <strong>chirurgie des paupi\u00e8res<\/strong>, est une intervention chirurgicale visant \u00e0 am\u00e9liorer l&rsquo;apparence des paupi\u00e8res, tant sup\u00e9rieures qu&rsquo;inf\u00e9rieures. Elle est r\u00e9alis\u00e9e principalement pour corriger les signes de <strong>vieillissement<\/strong> autour des yeux, tels que les <strong>poches sous les yeux<\/strong>, les <strong>paupi\u00e8res tombantes<\/strong>, <strong>les rides et les ridules<\/strong>.<\/p>\n\n\n\n<p>Le processus de la <strong>bl\u00e9pharoplastie<\/strong> implique g\u00e9n\u00e9ralement les \u00e9tapes suivantes :<\/p>\n\n\n\n<ol type=\"1\"><li><strong>Consultation <\/strong>: Avant l&rsquo;intervention, le patient rencontre un chirurgien plasticien pour discuter de ses objectifs, \u00e9valuer son \u00e9tat de sant\u00e9 g\u00e9n\u00e9ral et discuter des options chirurgicales disponibles.<\/li><li><strong>Anesth\u00e9sie <\/strong>: La bl\u00e9pharoplastie peut \u00eatre r\u00e9alis\u00e9e sous anesth\u00e9sie locale avec s\u00e9dation l\u00e9g\u00e8re ou sous anesth\u00e9sie g\u00e9n\u00e9rale, en fonction de la complexit\u00e9 de l&rsquo;intervention et des pr\u00e9f\u00e9rences du patient.<\/li><li><strong>Incisions <\/strong>: Le chirurgien pratique des incisions minutieuses le long des plis naturels des paupi\u00e8res sup\u00e9rieures et, le cas \u00e9ch\u00e9ant, juste en dessous des cils des paupi\u00e8res inf\u00e9rieures.<\/li><li><strong>Retrait de l&rsquo;exc\u00e8s de graisse et de peau<\/strong> : Pour les paupi\u00e8res sup\u00e9rieures, l&rsquo;exc\u00e8s de peau et parfois de graisse est retir\u00e9. Pour les paupi\u00e8res inf\u00e9rieures, l&rsquo;exc\u00e8s de graisse est souvent enlev\u00e9 ou repositionn\u00e9 pour r\u00e9duire les poches sous les yeux.<\/li><li><strong>Suture <\/strong>: Les incisions sont ensuite ferm\u00e9es avec des sutures tr\u00e8s fines et discr\u00e8tes.<\/li><li><strong>R\u00e9cup\u00e9ration <\/strong>: Apr\u00e8s l&rsquo;intervention, les patients peuvent ressentir un certain gonflement, des ecchymoses et une l\u00e9g\u00e8re g\u00eane, mais cela s&rsquo;att\u00e9nue g\u00e9n\u00e9ralement au fil du temps.<\/li><li><strong>R\u00e9sultats <\/strong>: Les r\u00e9sultats de la bl\u00e9pharoplastie peuvent prendre plusieurs semaines \u00e0 se manifester compl\u00e8tement, mais la plupart des patients constatent une am\u00e9lioration significative de l&rsquo;apparence de leurs paupi\u00e8res, avec un aspect plus jeune et plus \u00e9veill\u00e9.<\/li><\/ol>\n\n\n\n<p>Il est essentiel de noter que la <strong>bl\u00e9pharoplastie <\/strong>est une proc\u00e9dure chirurgicale, et il est important de <strong>consulter un chirurgien plasticien<\/strong> qualifi\u00e9 pour \u00e9valuer si elle convient \u00e0 vos besoins. Chaque patient est unique, et le chirurgien adaptera l&rsquo;intervention en fonction de la situation individuelle de chaque personne.<\/p>\n\n\n\n<h2><span class=\"ez-toc-section\" id=\"Justin_Trudeau_Premier_ministre_du_Canada_et_les_rumeurs_sur_sa_blepharoplastie\"><\/span>Justin Trudeau Premier ministre du Canada et les rumeurs sur sa bl\u00e9pharoplastie<span class=\"ez-toc-section-end\"><\/span><\/h2>\n\n\n\n<figure class=\"wp-block-image size-full\"><img loading=\"lazy\" width=\"1000\" height=\"600\" src=\"https:\/\/www.univers-med.com\/blog\/wp-content\/uploads\/2023\/10\/Justin-Trudeau-Premier-ministre-du-Canada-1.jpg\" alt=\"\" class=\"wp-image-8439\" srcset=\"https:\/\/www.univers-med.com\/blog\/wp-content\/uploads\/2023\/10\/Justin-Trudeau-Premier-ministre-du-Canada-1.jpg 1000w, https:\/\/www.univers-med.com\/blog\/wp-content\/uploads\/2023\/10\/Justin-Trudeau-Premier-ministre-du-Canada-1-300x180.jpg 300w, https:\/\/www.univers-med.com\/blog\/wp-content\/uploads\/2023\/10\/Justin-Trudeau-Premier-ministre-du-Canada-1-768x461.jpg 768w, https:\/\/www.univers-med.com\/blog\/wp-content\/uploads\/2023\/10\/Justin-Trudeau-Premier-ministre-du-Canada-1-100x60.jpg 100w\" sizes=\"(max-width: 1000px) 100vw, 1000px\" \/><\/figure>\n\n\n\n<p><br>Justin Trudeau, Premier ministre du Canada, est une figure politique internationalement reconnue. En plus de son r\u00f4le politique, il a \u00e9galement \u00e9t\u00e9 le sujet de rumeurs concernant une \u00e9ventuelle <strong>bl\u00e9pharoplastie<\/strong>, c&rsquo;est-\u00e0-dire une <strong>chirurgie des paupi\u00e8res<\/strong>. Ces rumeurs ont \u00e9t\u00e9 largement discut\u00e9es dans les m\u00e9dias et sur les plateformes de m\u00e9dias sociaux.<\/p>\n\n\n\n<p>Il est important de noter que les rumeurs de chirurgie esth\u00e9tique entourent souvent des personnalit\u00e9s publiques, et <strong>Justin Trudeau<\/strong> n&rsquo;a pas fait d&rsquo;annonce publique confirmant ou infirmant ces sp\u00e9culations. Les rumeurs de <strong>bl\u00e9pharoplastie <\/strong>concernaient principalement ses paupi\u00e8res sup\u00e9rieures, sugg\u00e9rant qu&rsquo;il aurait pu subir cette intervention pour rajeunir son apparence.<\/p>\n\n\n\n<p>Cependant, sans confirmation de la part de Justin Trudeau lui-m\u00eame ou de son \u00e9quipe, ces rumeurs restent purement sp\u00e9culatives. De plus, la d\u00e9cision de subir une chirurgie esth\u00e9tique est g\u00e9n\u00e9ralement personnelle et priv\u00e9e, et toute intervention devrait \u00eatre effectu\u00e9e en toute confidentialit\u00e9 par un professionnel de la sant\u00e9 qualifi\u00e9.<\/p>\n\n\n\n<p>Il est courant pour les personnalit\u00e9s publiques d&rsquo;\u00eatre scrut\u00e9es de pr\u00e8s par les m\u00e9dias et le public, ce qui peut entra\u00eener des sp\u00e9culations sur leur apparence. Toutefois, il est essentiel de rappeler que la d\u00e9cision d&rsquo;opter pour une intervention de chirurgie esth\u00e9tique est personnelle et priv\u00e9e, et les individus ont le droit de choisir ce qui est le mieux pour eux en mati\u00e8re d&rsquo;apparence physique.<\/p>\n\n\n\n<p>En fin de compte, les rumeurs de chirurgie esth\u00e9tique entourant Justin Trudeau restent des sp\u00e9culations non confirm\u00e9es. Il est important de se rappeler que la valeur d&rsquo;une personnalit\u00e9 publique r\u00e9side dans ses actions politiques et son leadership, plut\u00f4t que dans son apparence physique.<\/p>\n","protected":false},"excerpt":{"rendered":"<p>Justin Trudeau, le Premier ministre du Canada, est une personnalit\u00e9 politique largement m\u00e9diatis\u00e9e. Au fil des ans, il a suscit\u00e9 des sp\u00e9culations et des rumeurs concernant d&rsquo;\u00e9ventuelles interventions de chirurgie esth\u00e9tique et notamment une bl\u00e9pharoplastie. Cependant, il est important de noter que ces rumeurs n&rsquo;ont pas \u00e9t\u00e9 confirm\u00e9es par des sources fiables ni par lui-m\u00eame. [&hellip;]<\/p>\n","protected":false},"author":1,"featured_media":8436,"comment_status":"closed","ping_status":"closed","sticky":false,"template":"","format":"standard","meta":[],"categories":[1105],"tags":[],"yoast_head":"<!-- This site is optimized with the Yoast SEO plugin v20.6 - https:\/\/yoast.com\/wordpress\/plugins\/seo\/ -->\n<title>Justin Trudeau a subi de la chirurgie esth\u00e9tique ?<\/title>\n<meta name=\"robots\" content=\"index, follow, max-snippet:-1, max-image-preview:large, max-video-preview:-1\" \/>\n<link rel=\"canonical\" href=\"https:\/\/www.univers-med.com\/blog\/justin-trudeau-et-la-chirurgie-esthetique\/\" \/>\n<meta property=\"og:locale\" content=\"fr_FR\" \/>\n<meta property=\"og:type\" content=\"article\" \/>\n<meta property=\"og:title\" content=\"Justin Trudeau a subi de la chirurgie esth\u00e9tique ?\" \/>\n<meta property=\"og:description\" content=\"Justin Trudeau, le Premier ministre du Canada, est une personnalit\u00e9 politique largement m\u00e9diatis\u00e9e. Au fil des ans, il a suscit\u00e9 des sp\u00e9culations et des rumeurs concernant d&rsquo;\u00e9ventuelles interventions de chirurgie esth\u00e9tique et notamment une bl\u00e9pharoplastie. Cependant, il est important de noter que ces rumeurs n&rsquo;ont pas \u00e9t\u00e9 confirm\u00e9es par des sources fiables ni par lui-m\u00eame. [&hellip;]\" \/>\n<meta property=\"og:url\" content=\"https:\/\/www.univers-med.com\/blog\/justin-trudeau-et-la-chirurgie-esthetique\/\" \/>\n<meta property=\"og:site_name\" content=\"Blog Univers-med\" \/>\n<meta property=\"article:published_time\" content=\"2023-10-27T07:35:00+00:00\" \/>\n<meta property=\"article:modified_time\" content=\"2023-10-23T15:16:06+00:00\" \/>\n<meta property=\"og:image\" content=\"https:\/\/www.univers-med.com\/blog\/wp-content\/uploads\/2023\/10\/Justin-Trudeau-Premier-ministre-du-Canada.jpg\" \/>\n\t<meta property=\"og:image:width\" content=\"1000\" \/>\n\t<meta property=\"og:image:height\" content=\"600\" \/>\n\t<meta property=\"og:image:type\" content=\"image\/jpeg\" \/>\n<meta name=\"author\" content=\"blog-univers-med\" \/>\n<meta name=\"twitter:card\" content=\"summary_large_image\" \/>\n<meta name=\"twitter:creator\" content=\"@MeduniversTn\" \/>\n<meta name=\"twitter:site\" content=\"@MeduniversTn\" \/>\n<script type=\"application\/ld+json\" class=\"yoast-schema-graph\">{\"@context\":\"https:\/\/schema.org\",\"@graph\":[{\"@type\":\"Article\",\"@id\":\"https:\/\/www.univers-med.com\/blog\/justin-trudeau-et-la-chirurgie-esthetique\/#article\",\"isPartOf\":{\"@id\":\"https:\/\/www.univers-med.com\/blog\/justin-trudeau-et-la-chirurgie-esthetique\/\"},\"author\":{\"name\":\"blog-univers-med\",\"@id\":\"https:\/\/www.univers-med.com\/blog\/#\/schema\/person\/a4d4b2b10c240db88faecbdd5f1175cf\"},\"headline\":\"Justin Trudeau Premier ministre du Canada et les rumeurs sur sa bl\u00e9pharoplastie\",\"datePublished\":\"2023-10-27T07:35:00+00:00\",\"dateModified\":\"2023-10-23T15:16:06+00:00\",\"mainEntityOfPage\":{\"@id\":\"https:\/\/www.univers-med.com\/blog\/justin-trudeau-et-la-chirurgie-esthetique\/\"},\"wordCount\":1023,\"publisher\":{\"@id\":\"https:\/\/www.univers-med.com\/blog\/#\/schema\/person\/a4d4b2b10c240db88faecbdd5f1175cf\"},\"articleSection\":[\"Beaut\u00e9 des stars\"],\"inLanguage\":\"fr-FR\"},{\"@type\":\"WebPage\",\"@id\":\"https:\/\/www.univers-med.com\/blog\/justin-trudeau-et-la-chirurgie-esthetique\/\",\"url\":\"https:\/\/www.univers-med.com\/blog\/justin-trudeau-et-la-chirurgie-esthetique\/\",\"name\":\"Justin Trudeau a subi de la chirurgie esth\u00e9tique ?\",\"isPartOf\":{\"@id\":\"https:\/\/www.univers-med.com\/blog\/#website\"},\"datePublished\":\"2023-10-27T07:35:00+00:00\",\"dateModified\":\"2023-10-23T15:16:06+00:00\",\"breadcrumb\":{\"@id\":\"https:\/\/www.univers-med.com\/blog\/justin-trudeau-et-la-chirurgie-esthetique\/#breadcrumb\"},\"inLanguage\":\"fr-FR\",\"potentialAction\":[{\"@type\":\"ReadAction\",\"target\":[\"https:\/\/www.univers-med.com\/blog\/justin-trudeau-et-la-chirurgie-esthetique\/\"]}]},{\"@type\":\"BreadcrumbList\",\"@id\":\"https:\/\/www.univers-med.com\/blog\/justin-trudeau-et-la-chirurgie-esthetique\/#breadcrumb\",\"itemListElement\":[{\"@type\":\"ListItem\",\"position\":1,\"name\":\"Accueil\",\"item\":\"https:\/\/www.univers-med.com\/blog\/\"},{\"@type\":\"ListItem\",\"position\":2,\"name\":\"Justin Trudeau Premier ministre du Canada et les rumeurs sur sa bl\u00e9pharoplastie\"}]},{\"@type\":\"WebSite\",\"@id\":\"https:\/\/www.univers-med.com\/blog\/#website\",\"url\":\"https:\/\/www.univers-med.com\/blog\/\",\"name\":\"Blog Univers-med\",\"description\":\"Blog Univers-med\",\"publisher\":{\"@id\":\"https:\/\/www.univers-med.com\/blog\/#\/schema\/person\/a4d4b2b10c240db88faecbdd5f1175cf\"},\"alternateName\":\"chirurgie esth\u00e9tique Tunisie\",\"potentialAction\":[{\"@type\":\"SearchAction\",\"target\":{\"@type\":\"EntryPoint\",\"urlTemplate\":\"https:\/\/www.univers-med.com\/blog\/?s={search_term_string}\"},\"query-input\":\"required name=search_term_string\"}],\"inLanguage\":\"fr-FR\"},{\"@type\":[\"Person\",\"Organization\"],\"@id\":\"https:\/\/www.univers-med.com\/blog\/#\/schema\/person\/a4d4b2b10c240db88faecbdd5f1175cf\",\"name\":\"blog-univers-med\",\"image\":{\"@type\":\"ImageObject\",\"inLanguage\":\"fr-FR\",\"@id\":\"https:\/\/www.univers-med.com\/blog\/#\/schema\/person\/image\/\",\"url\":\"https:\/\/www.univers-med.com\/blog\/wp-content\/uploads\/2020\/10\/cropped-logo-1.png\",\"contentUrl\":\"https:\/\/www.univers-med.com\/blog\/wp-content\/uploads\/2020\/10\/cropped-logo-1.png\",\"width\":512,\"height\":512,\"caption\":\"blog-univers-med\"},\"logo\":{\"@id\":\"https:\/\/www.univers-med.com\/blog\/#\/schema\/person\/image\/\"},\"sameAs\":[\"https:\/\/www.instagram.com\/univers_med_officiel\/\"],\"url\":\"https:\/\/www.univers-med.com\/blog\/author\/blog-univers-med\/\"}]}<\/script>\n<!-- \/ Yoast SEO plugin. -->","yoast_head_json":{"title":"Justin Trudeau a subi de la chirurgie esth\u00e9tique ?","robots":{"index":"index","follow":"follow","max-snippet":"max-snippet:-1","max-image-preview":"max-image-preview:large","max-video-preview":"max-video-preview:-1"},"canonical":"https:\/\/www.univers-med.com\/blog\/justin-trudeau-et-la-chirurgie-esthetique\/","og_locale":"fr_FR","og_type":"article","og_title":"Justin Trudeau a subi de la chirurgie esth\u00e9tique ?","og_description":"Justin Trudeau, le Premier ministre du Canada, est une personnalit\u00e9 politique largement m\u00e9diatis\u00e9e. Au fil des ans, il a suscit\u00e9 des sp\u00e9culations et des rumeurs concernant d&rsquo;\u00e9ventuelles interventions de chirurgie esth\u00e9tique et notamment une bl\u00e9pharoplastie. Cependant, il est important de noter que ces rumeurs n&rsquo;ont pas \u00e9t\u00e9 confirm\u00e9es par des sources fiables ni par lui-m\u00eame. [&hellip;]","og_url":"https:\/\/www.univers-med.com\/blog\/justin-trudeau-et-la-chirurgie-esthetique\/","og_site_name":"Blog Univers-med","article_published_time":"2023-10-27T07:35:00+00:00","article_modified_time":"2023-10-23T15:16:06+00:00","og_image":[{"width":1000,"height":600,"url":"https:\/\/www.univers-med.com\/blog\/wp-content\/uploads\/2023\/10\/Justin-Trudeau-Premier-ministre-du-Canada.jpg","type":"image\/jpeg"}],"author":"blog-univers-med","twitter_card":"summary_large_image","twitter_creator":"@MeduniversTn","twitter_site":"@MeduniversTn","schema":{"@context":"https:\/\/schema.org","@graph":[{"@type":"Article","@id":"https:\/\/www.univers-med.com\/blog\/justin-trudeau-et-la-chirurgie-esthetique\/#article","isPartOf":{"@id":"https:\/\/www.univers-med.com\/blog\/justin-trudeau-et-la-chirurgie-esthetique\/"},"author":{"name":"blog-univers-med","@id":"https:\/\/www.univers-med.com\/blog\/#\/schema\/person\/a4d4b2b10c240db88faecbdd5f1175cf"},"headline":"Justin Trudeau Premier ministre du Canada et les rumeurs sur sa bl\u00e9pharoplastie","datePublished":"2023-10-27T07:35:00+00:00","dateModified":"2023-10-23T15:16:06+00:00","mainEntityOfPage":{"@id":"https:\/\/www.univers-med.com\/blog\/justin-trudeau-et-la-chirurgie-esthetique\/"},"wordCount":1023,"publisher":{"@id":"https:\/\/www.univers-med.com\/blog\/#\/schema\/person\/a4d4b2b10c240db88faecbdd5f1175cf"},"articleSection":["Beaut\u00e9 des stars"],"inLanguage":"fr-FR"},{"@type":"WebPage","@id":"https:\/\/www.univers-med.com\/blog\/justin-trudeau-et-la-chirurgie-esthetique\/","url":"https:\/\/www.univers-med.com\/blog\/justin-trudeau-et-la-chirurgie-esthetique\/","name":"Justin Trudeau a subi de la chirurgie esth\u00e9tique ?","isPartOf":{"@id":"https:\/\/www.univers-med.com\/blog\/#website"},"datePublished":"2023-10-27T07:35:00+00:00","dateModified":"2023-10-23T15:16:06+00:00","breadcrumb":{"@id":"https:\/\/www.univers-med.com\/blog\/justin-trudeau-et-la-chirurgie-esthetique\/#breadcrumb"},"inLanguage":"fr-FR","potentialAction":[{"@type":"ReadAction","target":["https:\/\/www.univers-med.com\/blog\/justin-trudeau-et-la-chirurgie-esthetique\/"]}]},{"@type":"BreadcrumbList","@id":"https:\/\/www.univers-med.com\/blog\/justin-trudeau-et-la-chirurgie-esthetique\/#breadcrumb","itemListElement":[{"@type":"ListItem","position":1,"name":"Accueil","item":"https:\/\/www.univers-med.com\/blog\/"},{"@type":"ListItem","position":2,"name":"Justin Trudeau Premier ministre du Canada et les rumeurs sur sa bl\u00e9pharoplastie"}]},{"@type":"WebSite","@id":"https:\/\/www.univers-med.com\/blog\/#website","url":"https:\/\/www.univers-med.com\/blog\/","name":"Blog Univers-med","description":"Blog Univers-med","publisher":{"@id":"https:\/\/www.univers-med.com\/blog\/#\/schema\/person\/a4d4b2b10c240db88faecbdd5f1175cf"},"alternateName":"chirurgie esth\u00e9tique Tunisie","potentialAction":[{"@type":"SearchAction","target":{"@type":"EntryPoint","urlTemplate":"https:\/\/www.univers-med.com\/blog\/?s={search_term_string}"},"query-input":"required name=search_term_string"}],"inLanguage":"fr-FR"},{"@type":["Person","Organization"],"@id":"https:\/\/www.univers-med.com\/blog\/#\/schema\/person\/a4d4b2b10c240db88faecbdd5f1175cf","name":"blog-univers-med","image":{"@type":"ImageObject","inLanguage":"fr-FR","@id":"https:\/\/www.univers-med.com\/blog\/#\/schema\/person\/image\/","url":"https:\/\/www.univers-med.com\/blog\/wp-content\/uploads\/2020\/10\/cropped-logo-1.png","contentUrl":"https:\/\/www.univers-med.com\/blog\/wp-content\/uploads\/2020\/10\/cropped-logo-1.png","width":512,"height":512,"caption":"blog-univers-med"},"logo":{"@id":"https:\/\/www.univers-med.com\/blog\/#\/schema\/person\/image\/"},"sameAs":["https:\/\/www.instagram.com\/univers_med_officiel\/"],"url":"https:\/\/www.univers-med.com\/blog\/author\/blog-univers-med\/"}]}},"_links":{"self":[{"href":"https:\/\/www.univers-med.com\/blog\/wp-json\/wp\/v2\/posts\/8286"}],"collection":[{"href":"https:\/\/www.univers-med.com\/blog\/wp-json\/wp\/v2\/posts"}],"about":[{"href":"https:\/\/www.univers-med.com\/blog\/wp-json\/wp\/v2\/types\/post"}],"author":[{"embeddable":true,"href":"https:\/\/www.univers-med.com\/blog\/wp-json\/wp\/v2\/users\/1"}],"replies":[{"embeddable":true,"href":"https:\/\/www.univers-med.com\/blog\/wp-json\/wp\/v2\/comments?post=8286"}],"version-history":[{"count":4,"href":"https:\/\/www.univers-med.com\/blog\/wp-json\/wp\/v2\/posts\/8286\/revisions"}],"predecessor-version":[{"id":8440,"href":"https:\/\/www.univers-med.com\/blog\/wp-json\/wp\/v2\/posts\/8286\/revisions\/8440"}],"wp:featuredmedia":[{"embeddable":true,"href":"https:\/\/www.univers-med.com\/blog\/wp-json\/wp\/v2\/media\/8436"}],"wp:attachment":[{"href":"https:\/\/www.univers-med.com\/blog\/wp-json\/wp\/v2\/media?parent=8286"}],"wp:term":[{"taxonomy":"category","embeddable":true,"href":"https:\/\/www.univers-med.com\/blog\/wp-json\/wp\/v2\/categories?post=8286"},{"taxonomy":"post_tag","embeddable":true,"href":"https:\/\/www.univers-med.com\/blog\/wp-json\/wp\/v2\/tags?post=8286"}],"curies":[{"name":"wp","href":"https:\/\/api.w.org\/{rel}","templated":true}]}}