{"id":8256,"date":"2023-10-09T21:00:00","date_gmt":"2023-10-09T19:00:00","guid":{"rendered":"https:\/\/www.univers-med.com\/blog\/?p=8256"},"modified":"2023-10-12T10:42:12","modified_gmt":"2023-10-12T08:42:12","slug":"danica-patrick-et-la-chirurgie-esthetique","status":"publish","type":"post","link":"https:\/\/www.univers-med.com\/blog\/danica-patrick-et-la-chirurgie-esthetique\/","title":{"rendered":"Danica Patrick et la chirurgie esth\u00e9tique"},"content":{"rendered":"\n<figure class=\"wp-block-image size-full\"><img loading=\"lazy\" width=\"828\" height=\"552\" src=\"https:\/\/www.univers-med.com\/blog\/wp-content\/uploads\/2023\/10\/Danica-Patrick-1.jpg\" alt=\"Danica Patrick\" class=\"wp-image-8387\" srcset=\"https:\/\/www.univers-med.com\/blog\/wp-content\/uploads\/2023\/10\/Danica-Patrick-1.jpg 828w, https:\/\/www.univers-med.com\/blog\/wp-content\/uploads\/2023\/10\/Danica-Patrick-1-300x200.jpg 300w, https:\/\/www.univers-med.com\/blog\/wp-content\/uploads\/2023\/10\/Danica-Patrick-1-768x512.jpg 768w, https:\/\/www.univers-med.com\/blog\/wp-content\/uploads\/2023\/10\/Danica-Patrick-1-100x67.jpg 100w\" sizes=\"(max-width: 828px) 100vw, 828px\" \/><\/figure>\n\n\n\n<p><strong>Danica Patrick<\/strong>, c\u00e9l\u00e8bre pilote automobile am\u00e9ricaine et ic\u00f4ne du sport automobile, a toujours attir\u00e9 l&rsquo;attention gr\u00e2ce \u00e0 ses performances sur la piste. Cependant, au fil des ann\u00e9es, elle a \u00e9galement suscit\u00e9 des sp\u00e9culations et des rumeurs concernant une \u00e9ventuelle chirurgie plastique, notamment une chirurgie du nez. Dans cet article, nous examinons de plus pr\u00e8s les rumeurs entourant la chirurgie nasale de <strong>Danica Patrick<\/strong> et tentons de s\u00e9parer le mythe de la r\u00e9alit\u00e9.<\/p>\n\n\n\n<div id=\"ez-toc-container\" class=\"ez-toc-v2_0_72 counter-hierarchy ez-toc-counter ez-toc-grey ez-toc-container-direction\">\n<div class=\"ez-toc-title-container\">\n<p class=\"ez-toc-title\" style=\"cursor:inherit\">Table of Contents<\/p>\n<span class=\"ez-toc-title-toggle\"><a href=\"#\" class=\"ez-toc-pull-right ez-toc-btn ez-toc-btn-xs ez-toc-btn-default ez-toc-toggle\" aria-label=\"Toggle Table of Content\"><span class=\"ez-toc-js-icon-con\"><span class=\"\"><span class=\"eztoc-hide\" style=\"display:none;\">Toggle<\/span><span class=\"ez-toc-icon-toggle-span\"><svg style=\"fill: #999;color:#999\" xmlns=\"http:\/\/www.w3.org\/2000\/svg\" class=\"list-377408\" width=\"20px\" height=\"20px\" viewBox=\"0 0 24 24\" fill=\"none\"><path d=\"M6 6H4v2h2V6zm14 0H8v2h12V6zM4 11h2v2H4v-2zm16 0H8v2h12v-2zM4 16h2v2H4v-2zm16 0H8v2h12v-2z\" fill=\"currentColor\"><\/path><\/svg><svg style=\"fill: #999;color:#999\" class=\"arrow-unsorted-368013\" xmlns=\"http:\/\/www.w3.org\/2000\/svg\" width=\"10px\" height=\"10px\" viewBox=\"0 0 24 24\" version=\"1.2\" baseProfile=\"tiny\"><path d=\"M18.2 9.3l-6.2-6.3-6.2 6.3c-.2.2-.3.4-.3.7s.1.5.3.7c.2.2.4.3.7.3h11c.3 0 .5-.1.7-.3.2-.2.3-.5.3-.7s-.1-.5-.3-.7zM5.8 14.7l6.2 6.3 6.2-6.3c.2-.2.3-.5.3-.7s-.1-.5-.3-.7c-.2-.2-.4-.3-.7-.3h-11c-.3 0-.5.1-.7.3-.2.2-.3.5-.3.7s.1.5.3.7z\"\/><\/svg><\/span><\/span><\/span><\/a><\/span><\/div>\n<nav><ul class='ez-toc-list ez-toc-list-level-1 ' ><li class='ez-toc-page-1 ez-toc-heading-level-2'><a class=\"ez-toc-link ez-toc-heading-1\" href=\"https:\/\/www.univers-med.com\/blog\/danica-patrick-et-la-chirurgie-esthetique\/#Qui_est_Danica_Patrick\" title=\"Qui est Danica Patrick&nbsp;?\">Qui est Danica Patrick&nbsp;?<\/a><\/li><li class='ez-toc-page-1 ez-toc-heading-level-2'><a class=\"ez-toc-link ez-toc-heading-2\" href=\"https:\/\/www.univers-med.com\/blog\/danica-patrick-et-la-chirurgie-esthetique\/#La_Course_Vers_la_Celebrite\" title=\"La Course Vers la C\u00e9l\u00e9brit\u00e9\">La Course Vers la C\u00e9l\u00e9brit\u00e9<\/a><\/li><li class='ez-toc-page-1 ez-toc-heading-level-2'><a class=\"ez-toc-link ez-toc-heading-3\" href=\"https:\/\/www.univers-med.com\/blog\/danica-patrick-et-la-chirurgie-esthetique\/#Les_Rumeurs_Persistantes\" title=\"Les Rumeurs Persistantes\">Les Rumeurs Persistantes<\/a><\/li><li class='ez-toc-page-1 ez-toc-heading-level-2'><a class=\"ez-toc-link ez-toc-heading-4\" href=\"https:\/\/www.univers-med.com\/blog\/danica-patrick-et-la-chirurgie-esthetique\/#Les_Possibles_Raisons\" title=\"Les Possibles Raisons\">Les Possibles Raisons<\/a><\/li><\/ul><\/nav><\/div>\n<h2><span class=\"ez-toc-section\" id=\"Qui_est_Danica_Patrick\"><\/span>Qui est Danica Patrick&nbsp;?<span class=\"ez-toc-section-end\"><\/span><\/h2>\n\n\n\n<p>Danica Patrick est une figure embl\u00e9matique de la course automobile et du sport en g\u00e9n\u00e9ral. <strong>N\u00e9e le 25 mars 1982<\/strong> \u00e0 <strong>Beloit<\/strong>, dans le <strong>Wisconsin<\/strong>, aux <strong>\u00c9tats-Unis<\/strong>, elle a connu une carri\u00e8re exceptionnelle en tant que pilote de course automobile, marquant l&rsquo;histoire en tant que l&rsquo;une des rares femmes \u00e0 avoir r\u00e9ussi dans ce domaine traditionnellement masculin.<\/p>\n\n\n\n<p>Sa carri\u00e8re a \u00e9t\u00e9 ponctu\u00e9e de plusieurs notables. Danica Patrick est devenue la premi\u00e8re femme \u00e0 remporter une course en monoplace aux <strong>\u00c9tats-Unis en 2008<\/strong>, lors de la course <strong>Indy Japan 300<\/strong>. Elle a \u00e9galement \u00e9t\u00e9 la premi\u00e8re femme \u00e0 remporter la pole position lors de la <strong>Daytona 500<\/strong>, l&rsquo;une des courses les plus prestigieuses de la NASCAR.<\/p>\n\n\n\n<p>En dehors des circuits, Danica Patrick est \u00e9galement une <strong>entrepreneure <\/strong>complice et une personnalit\u00e9 m\u00e9diatique. Elle a cr\u00e9\u00e9 sa propre ligne de v\u00eatements et s&rsquo;est engag\u00e9e dans des activit\u00e9s de bien-\u00eatre et de fitness. Sa notori\u00e9t\u00e9 a d\u00e9pass\u00e9 le monde du sport automobile, faisant d&rsquo;elle une ic\u00f4ne \u00e0 part enti\u00e8re.<\/p>\n\n\n\n<p>Au fil des ans, Danica Patrick a attir\u00e9 l&rsquo;attention pour son talent, son d\u00e9vouement et son charisme, ce qui en fait l&rsquo;une des personnalit\u00e9s les plus <strong>reconnaissables du sport aux \u00c9tats-Unis<\/strong>. Cependant, malgr\u00e9 son statut de personnalit\u00e9 publique, elle a toujours cherch\u00e9 \u00e0 pr\u00e9server une partie de sa vie priv\u00e9e. C&rsquo;est pourquoi les sp\u00e9culations sur des rumeurs de chirurgie esth\u00e9tique restent non confirm\u00e9es et rel\u00e8vent de la sph\u00e8re des conjectures.<\/p>\n\n\n\n<h2><span class=\"ez-toc-section\" id=\"La_Course_Vers_la_Celebrite\"><\/span>La Course Vers la C\u00e9l\u00e9brit\u00e9<span class=\"ez-toc-section-end\"><\/span><\/h2>\n\n\n\n<p>Danica Patrick est entr\u00e9e dans le monde de la course automobile avec d\u00e9termination et talent. Elle a marqu\u00e9 l&rsquo;histoire en devenant <strong>la premi\u00e8re femme<\/strong> \u00e0 remporter une course dans la s\u00e9rie IndyCar en 2008. Sa carri\u00e8re a \u00e9t\u00e9 jalonn\u00e9e de succ\u00e8s et de r\u00e9alisations impressionnantes. Cependant, avec la renomm\u00e9e et la c\u00e9l\u00e9brit\u00e9 viennent souvent les sp\u00e9culations sur l&rsquo;apparence physique des personnalit\u00e9s publiques, et Danica Patrick n&rsquo;a pas \u00e9chapp\u00e9 \u00e0 cette attention.<\/p>\n\n\n\n<h2><span class=\"ez-toc-section\" id=\"Les_Rumeurs_Persistantes\"><\/span>Les Rumeurs Persistantes<span class=\"ez-toc-section-end\"><\/span><\/h2>\n\n\n\n<p><br>Les rumeurs persistantes entourant une possible chirurgie du nez de Danica Patrick ont \u200b\u200bcontinu\u00e9 \u00e0 alimenter la curiosit\u00e9 du public et des m\u00e9dias. Ces sp\u00e9culations se sont d\u00e9velopp\u00e9es en grande partie en raison des comparaisons visuelles entre des photos plus anciennes et des images plus r\u00e9centes du pilote automobile. Certains observateurs ont pr\u00e9tendu avoir remarqu\u00e9 des diff\u00e9rences subtiles dans la forme de son nez, sugg\u00e9rant ainsi que des modifications chirurgicales pourraient \u00eatre \u00e0 l&rsquo;origine de ces changements.<\/p>\n\n\n\n<p>Cependant, il est essentiel de rappeler que les variations d&rsquo;apparence peuvent \u00eatre influenc\u00e9es par divers facteurs, notamment l&rsquo;\u00e9clairage, l&rsquo;angle de la photographie, le maquillage et le vieillissement naturel. Dans le monde des c\u00e9l\u00e9brit\u00e9s, o\u00f9 chaque d\u00e9tail de l&rsquo;apparence est scrut\u00e9 de pr\u00e8s, la moindre variation peut susciter des sp\u00e9culations, m\u00eame si elle est tout \u00e0 fait naturelle.<\/p>\n\n\n\n<p>Malgr\u00e9 ces rumeurs, Danica Patrick n&rsquo;a jamais publiquement confirm\u00e9 avoir eu recours \u00e0 la chirurgie plastique pour son nez. Elle a toujours privil\u00e9gi\u00e9 la discussion de sa carri\u00e8re et de ses r\u00e9alisations sportives plut\u00f4t que de se livrer sur sa vie personnelle ou ses choix esth\u00e9tiques.<\/p>\n\n\n\n<p>En fin de compte, les rumeurs persistantes, mais sans confirmation officielle de la part de Danica Patrick, elles restent purement hypoth\u00e9tiques.<\/p>\n\n\n\n<h2><span class=\"ez-toc-section\" id=\"Les_Possibles_Raisons\"><\/span>Les Possibles Raisons<span class=\"ez-toc-section-end\"><\/span><\/h2>\n\n\n\n<p>Les rumeurs persistantes concernant une \u00e9ventuelle <strong><a href=\"https:\/\/www.univers-med.com\/rhinoplastie-tunisie.html\">chirurgie du nez<\/a> de Danica Patrick<\/strong> peuvent s&rsquo;expliquer par plusieurs raisons. Tout d&rsquo;abord, Danica Patrick est une personnalit\u00e9 tr\u00e8s m\u00e9diatis\u00e9e en raison de sa carri\u00e8re dans le sport automobile, ce qui la place sous les projecteurs et suscite naturellement l&rsquo;int\u00e9r\u00eat du public pour tous les aspects de sa vie, y compris son apparence.<\/p>\n\n\n\n<figure class=\"wp-block-image size-full\"><img loading=\"lazy\" width=\"728\" height=\"546\" src=\"https:\/\/www.univers-med.com\/blog\/wp-content\/uploads\/2023\/10\/Danica-Patrick-avant-apres-chirurgie.webp\" alt=\"Danica Patrick et la chirurgie esth\u00e9tique\" class=\"wp-image-8372\" srcset=\"https:\/\/www.univers-med.com\/blog\/wp-content\/uploads\/2023\/10\/Danica-Patrick-avant-apres-chirurgie.webp 728w, https:\/\/www.univers-med.com\/blog\/wp-content\/uploads\/2023\/10\/Danica-Patrick-avant-apres-chirurgie-300x225.webp 300w, https:\/\/www.univers-med.com\/blog\/wp-content\/uploads\/2023\/10\/Danica-Patrick-avant-apres-chirurgie-100x75.webp 100w\" sizes=\"(max-width: 728px) 100vw, 728px\" \/><\/figure>\n\n\n\n<p>De plus, dans l&rsquo;industrie du sport automobile et du divertissement en g\u00e9n\u00e9ral, il existe une pression consid\u00e9rable pour maintenir une apparence physique attrayante. Les athl\u00e8tes et les c\u00e9l\u00e9brit\u00e9s sont souvent soumis \u00e0 des normes de beaut\u00e9 \u00e9lev\u00e9es, ce qui peut les pousser \u00e0 envisager des interventions esth\u00e9tiques pour r\u00e9pondre \u00e0 ces attentes.<\/p>\n\n\n\n<p>Les m\u00e9dias sociaux et la facilit\u00e9 avec laquelle les photos peuvent \u00eatre compar\u00e9es en ligne ont \u00e9galement contribu\u00e9 \u00e0 alimenter les sp\u00e9culations. Les internautes peuvent rep\u00e9rer rapidement des diff\u00e9rences subtiles dans l&rsquo;apparence de Danica Patrick sur des photos plus anciennes par rapport \u00e0 des images plus r\u00e9centes, ce qui conduit souvent \u00e0 des conjectures sur d&rsquo;\u00e9ventuelles proc\u00e9dures chirurgicales.<\/p>\n\n\n\n<p>En fin de compte, il est important de rappeler que les rumeurs de chirurgie esth\u00e9tique restent des conjectures tant qu&rsquo;elles ne sont pas confirm\u00e9es par la personne concern\u00e9e. La vie priv\u00e9e des c\u00e9l\u00e9brit\u00e9s doit \u00eatre respect\u00e9e, et il est pr\u00e9f\u00e9rable de se concentrer sur leurs r\u00e9alisations professionnelles plut\u00f4t que sur leur apparence.<\/p>\n\n\n\n<p>En conclusion, les rumeurs concernant une \u00e9ventuelle chirurgie du nez de Danica Patrick restent non confirm\u00e9es et ne devraient pas occulter sa carri\u00e8re exceptionnelle dans le monde du sport automobile. Le choix de subir ou non une chirurgie plastique rel\u00e8ve de la sph\u00e8re personnelle de chacun, et le respect de la vie priv\u00e9e de chaque individu doit pr\u00e9valoir. Danica Patrick reste une figure inspirante et influente dans le monde de la course automobile, quelles sont les sp\u00e9culations sur son apparence.<\/p>\n","protected":false},"excerpt":{"rendered":"<p>Danica Patrick, c\u00e9l\u00e8bre pilote automobile am\u00e9ricaine et ic\u00f4ne du sport automobile, a toujours attir\u00e9 l&rsquo;attention gr\u00e2ce \u00e0 ses performances sur la piste. Cependant, au fil des ann\u00e9es, elle a \u00e9galement suscit\u00e9 des sp\u00e9culations et des rumeurs concernant une \u00e9ventuelle chirurgie plastique, notamment une chirurgie du nez. Dans cet article, nous examinons de plus pr\u00e8s les [&hellip;]<\/p>\n","protected":false},"author":1,"featured_media":8374,"comment_status":"closed","ping_status":"closed","sticky":false,"template":"","format":"standard","meta":[],"categories":[1105],"tags":[],"yoast_head":"<!-- This site is optimized with the Yoast SEO plugin v20.6 - https:\/\/yoast.com\/wordpress\/plugins\/seo\/ -->\n<title>Danica Patrick : Les chirurgies esth\u00e9tiques qu&#039;elle a subi<\/title>\n<meta name=\"description\" content=\"Danica Patrick a-t-elle fait des chirurgies esth\u00e9tiques ? D\u00e9couvrez en photos les changements qu&#039;elle a subi depuis son adolescence\" \/>\n<meta name=\"robots\" content=\"index, follow, max-snippet:-1, max-image-preview:large, max-video-preview:-1\" \/>\n<link rel=\"canonical\" href=\"https:\/\/www.univers-med.com\/blog\/danica-patrick-et-la-chirurgie-esthetique\/\" \/>\n<meta property=\"og:locale\" content=\"fr_FR\" \/>\n<meta property=\"og:type\" content=\"article\" \/>\n<meta property=\"og:title\" content=\"Danica Patrick : Les chirurgies esth\u00e9tiques qu&#039;elle a subi\" \/>\n<meta property=\"og:description\" content=\"Danica Patrick a-t-elle fait des chirurgies esth\u00e9tiques ? D\u00e9couvrez en photos les changements qu&#039;elle a subi depuis son adolescence\" \/>\n<meta property=\"og:url\" content=\"https:\/\/www.univers-med.com\/blog\/danica-patrick-et-la-chirurgie-esthetique\/\" \/>\n<meta property=\"og:site_name\" content=\"Blog Univers-med\" \/>\n<meta property=\"article:published_time\" content=\"2023-10-09T19:00:00+00:00\" \/>\n<meta property=\"article:modified_time\" content=\"2023-10-12T08:42:12+00:00\" \/>\n<meta property=\"og:image\" content=\"https:\/\/www.univers-med.com\/blog\/wp-content\/uploads\/2023\/10\/Danica-Patrick.jpg\" \/>\n\t<meta property=\"og:image:width\" content=\"1296\" \/>\n\t<meta property=\"og:image:height\" content=\"730\" \/>\n\t<meta property=\"og:image:type\" content=\"image\/jpeg\" \/>\n<meta name=\"author\" content=\"blog-univers-med\" \/>\n<meta name=\"twitter:card\" content=\"summary_large_image\" \/>\n<meta name=\"twitter:creator\" content=\"@MeduniversTn\" \/>\n<meta name=\"twitter:site\" content=\"@MeduniversTn\" \/>\n<script type=\"application\/ld+json\" class=\"yoast-schema-graph\">{\"@context\":\"https:\/\/schema.org\",\"@graph\":[{\"@type\":\"Article\",\"@id\":\"https:\/\/www.univers-med.com\/blog\/danica-patrick-et-la-chirurgie-esthetique\/#article\",\"isPartOf\":{\"@id\":\"https:\/\/www.univers-med.com\/blog\/danica-patrick-et-la-chirurgie-esthetique\/\"},\"author\":{\"name\":\"blog-univers-med\",\"@id\":\"https:\/\/www.univers-med.com\/blog\/#\/schema\/person\/a4d4b2b10c240db88faecbdd5f1175cf\"},\"headline\":\"Danica Patrick et la chirurgie esth\u00e9tique\",\"datePublished\":\"2023-10-09T19:00:00+00:00\",\"dateModified\":\"2023-10-12T08:42:12+00:00\",\"mainEntityOfPage\":{\"@id\":\"https:\/\/www.univers-med.com\/blog\/danica-patrick-et-la-chirurgie-esthetique\/\"},\"wordCount\":1020,\"publisher\":{\"@id\":\"https:\/\/www.univers-med.com\/blog\/#\/schema\/person\/a4d4b2b10c240db88faecbdd5f1175cf\"},\"articleSection\":[\"Beaut\u00e9 des stars\"],\"inLanguage\":\"fr-FR\"},{\"@type\":\"WebPage\",\"@id\":\"https:\/\/www.univers-med.com\/blog\/danica-patrick-et-la-chirurgie-esthetique\/\",\"url\":\"https:\/\/www.univers-med.com\/blog\/danica-patrick-et-la-chirurgie-esthetique\/\",\"name\":\"Danica Patrick : Les chirurgies esth\u00e9tiques qu'elle a subi\",\"isPartOf\":{\"@id\":\"https:\/\/www.univers-med.com\/blog\/#website\"},\"datePublished\":\"2023-10-09T19:00:00+00:00\",\"dateModified\":\"2023-10-12T08:42:12+00:00\",\"description\":\"Danica Patrick a-t-elle fait des chirurgies esth\u00e9tiques ? D\u00e9couvrez en photos les changements qu'elle a subi depuis son adolescence\",\"breadcrumb\":{\"@id\":\"https:\/\/www.univers-med.com\/blog\/danica-patrick-et-la-chirurgie-esthetique\/#breadcrumb\"},\"inLanguage\":\"fr-FR\",\"potentialAction\":[{\"@type\":\"ReadAction\",\"target\":[\"https:\/\/www.univers-med.com\/blog\/danica-patrick-et-la-chirurgie-esthetique\/\"]}]},{\"@type\":\"BreadcrumbList\",\"@id\":\"https:\/\/www.univers-med.com\/blog\/danica-patrick-et-la-chirurgie-esthetique\/#breadcrumb\",\"itemListElement\":[{\"@type\":\"ListItem\",\"position\":1,\"name\":\"Accueil\",\"item\":\"https:\/\/www.univers-med.com\/blog\/\"},{\"@type\":\"ListItem\",\"position\":2,\"name\":\"Danica Patrick et la chirurgie esth\u00e9tique\"}]},{\"@type\":\"WebSite\",\"@id\":\"https:\/\/www.univers-med.com\/blog\/#website\",\"url\":\"https:\/\/www.univers-med.com\/blog\/\",\"name\":\"Blog Univers-med\",\"description\":\"Blog Univers-med\",\"publisher\":{\"@id\":\"https:\/\/www.univers-med.com\/blog\/#\/schema\/person\/a4d4b2b10c240db88faecbdd5f1175cf\"},\"alternateName\":\"chirurgie esth\u00e9tique Tunisie\",\"potentialAction\":[{\"@type\":\"SearchAction\",\"target\":{\"@type\":\"EntryPoint\",\"urlTemplate\":\"https:\/\/www.univers-med.com\/blog\/?s={search_term_string}\"},\"query-input\":\"required name=search_term_string\"}],\"inLanguage\":\"fr-FR\"},{\"@type\":[\"Person\",\"Organization\"],\"@id\":\"https:\/\/www.univers-med.com\/blog\/#\/schema\/person\/a4d4b2b10c240db88faecbdd5f1175cf\",\"name\":\"blog-univers-med\",\"image\":{\"@type\":\"ImageObject\",\"inLanguage\":\"fr-FR\",\"@id\":\"https:\/\/www.univers-med.com\/blog\/#\/schema\/person\/image\/\",\"url\":\"https:\/\/www.univers-med.com\/blog\/wp-content\/uploads\/2020\/10\/cropped-logo-1.png\",\"contentUrl\":\"https:\/\/www.univers-med.com\/blog\/wp-content\/uploads\/2020\/10\/cropped-logo-1.png\",\"width\":512,\"height\":512,\"caption\":\"blog-univers-med\"},\"logo\":{\"@id\":\"https:\/\/www.univers-med.com\/blog\/#\/schema\/person\/image\/\"},\"sameAs\":[\"https:\/\/www.instagram.com\/univers_med_officiel\/\"],\"url\":\"https:\/\/www.univers-med.com\/blog\/author\/blog-univers-med\/\"}]}<\/script>\n<!-- \/ Yoast SEO plugin. -->","yoast_head_json":{"title":"Danica Patrick : Les chirurgies esth\u00e9tiques qu'elle a subi","description":"Danica Patrick a-t-elle fait des chirurgies esth\u00e9tiques ? D\u00e9couvrez en photos les changements qu'elle a subi depuis son adolescence","robots":{"index":"index","follow":"follow","max-snippet":"max-snippet:-1","max-image-preview":"max-image-preview:large","max-video-preview":"max-video-preview:-1"},"canonical":"https:\/\/www.univers-med.com\/blog\/danica-patrick-et-la-chirurgie-esthetique\/","og_locale":"fr_FR","og_type":"article","og_title":"Danica Patrick : Les chirurgies esth\u00e9tiques qu'elle a subi","og_description":"Danica Patrick a-t-elle fait des chirurgies esth\u00e9tiques ? D\u00e9couvrez en photos les changements qu'elle a subi depuis son adolescence","og_url":"https:\/\/www.univers-med.com\/blog\/danica-patrick-et-la-chirurgie-esthetique\/","og_site_name":"Blog Univers-med","article_published_time":"2023-10-09T19:00:00+00:00","article_modified_time":"2023-10-12T08:42:12+00:00","og_image":[{"width":1296,"height":730,"url":"https:\/\/www.univers-med.com\/blog\/wp-content\/uploads\/2023\/10\/Danica-Patrick.jpg","type":"image\/jpeg"}],"author":"blog-univers-med","twitter_card":"summary_large_image","twitter_creator":"@MeduniversTn","twitter_site":"@MeduniversTn","schema":{"@context":"https:\/\/schema.org","@graph":[{"@type":"Article","@id":"https:\/\/www.univers-med.com\/blog\/danica-patrick-et-la-chirurgie-esthetique\/#article","isPartOf":{"@id":"https:\/\/www.univers-med.com\/blog\/danica-patrick-et-la-chirurgie-esthetique\/"},"author":{"name":"blog-univers-med","@id":"https:\/\/www.univers-med.com\/blog\/#\/schema\/person\/a4d4b2b10c240db88faecbdd5f1175cf"},"headline":"Danica Patrick et la chirurgie esth\u00e9tique","datePublished":"2023-10-09T19:00:00+00:00","dateModified":"2023-10-12T08:42:12+00:00","mainEntityOfPage":{"@id":"https:\/\/www.univers-med.com\/blog\/danica-patrick-et-la-chirurgie-esthetique\/"},"wordCount":1020,"publisher":{"@id":"https:\/\/www.univers-med.com\/blog\/#\/schema\/person\/a4d4b2b10c240db88faecbdd5f1175cf"},"articleSection":["Beaut\u00e9 des stars"],"inLanguage":"fr-FR"},{"@type":"WebPage","@id":"https:\/\/www.univers-med.com\/blog\/danica-patrick-et-la-chirurgie-esthetique\/","url":"https:\/\/www.univers-med.com\/blog\/danica-patrick-et-la-chirurgie-esthetique\/","name":"Danica Patrick : Les chirurgies esth\u00e9tiques qu'elle a subi","isPartOf":{"@id":"https:\/\/www.univers-med.com\/blog\/#website"},"datePublished":"2023-10-09T19:00:00+00:00","dateModified":"2023-10-12T08:42:12+00:00","description":"Danica Patrick a-t-elle fait des chirurgies esth\u00e9tiques ? D\u00e9couvrez en photos les changements qu'elle a subi depuis son adolescence","breadcrumb":{"@id":"https:\/\/www.univers-med.com\/blog\/danica-patrick-et-la-chirurgie-esthetique\/#breadcrumb"},"inLanguage":"fr-FR","potentialAction":[{"@type":"ReadAction","target":["https:\/\/www.univers-med.com\/blog\/danica-patrick-et-la-chirurgie-esthetique\/"]}]},{"@type":"BreadcrumbList","@id":"https:\/\/www.univers-med.com\/blog\/danica-patrick-et-la-chirurgie-esthetique\/#breadcrumb","itemListElement":[{"@type":"ListItem","position":1,"name":"Accueil","item":"https:\/\/www.univers-med.com\/blog\/"},{"@type":"ListItem","position":2,"name":"Danica Patrick et la chirurgie esth\u00e9tique"}]},{"@type":"WebSite","@id":"https:\/\/www.univers-med.com\/blog\/#website","url":"https:\/\/www.univers-med.com\/blog\/","name":"Blog Univers-med","description":"Blog Univers-med","publisher":{"@id":"https:\/\/www.univers-med.com\/blog\/#\/schema\/person\/a4d4b2b10c240db88faecbdd5f1175cf"},"alternateName":"chirurgie esth\u00e9tique Tunisie","potentialAction":[{"@type":"SearchAction","target":{"@type":"EntryPoint","urlTemplate":"https:\/\/www.univers-med.com\/blog\/?s={search_term_string}"},"query-input":"required name=search_term_string"}],"inLanguage":"fr-FR"},{"@type":["Person","Organization"],"@id":"https:\/\/www.univers-med.com\/blog\/#\/schema\/person\/a4d4b2b10c240db88faecbdd5f1175cf","name":"blog-univers-med","image":{"@type":"ImageObject","inLanguage":"fr-FR","@id":"https:\/\/www.univers-med.com\/blog\/#\/schema\/person\/image\/","url":"https:\/\/www.univers-med.com\/blog\/wp-content\/uploads\/2020\/10\/cropped-logo-1.png","contentUrl":"https:\/\/www.univers-med.com\/blog\/wp-content\/uploads\/2020\/10\/cropped-logo-1.png","width":512,"height":512,"caption":"blog-univers-med"},"logo":{"@id":"https:\/\/www.univers-med.com\/blog\/#\/schema\/person\/image\/"},"sameAs":["https:\/\/www.instagram.com\/univers_med_officiel\/"],"url":"https:\/\/www.univers-med.com\/blog\/author\/blog-univers-med\/"}]}},"_links":{"self":[{"href":"https:\/\/www.univers-med.com\/blog\/wp-json\/wp\/v2\/posts\/8256"}],"collection":[{"href":"https:\/\/www.univers-med.com\/blog\/wp-json\/wp\/v2\/posts"}],"about":[{"href":"https:\/\/www.univers-med.com\/blog\/wp-json\/wp\/v2\/types\/post"}],"author":[{"embeddable":true,"href":"https:\/\/www.univers-med.com\/blog\/wp-json\/wp\/v2\/users\/1"}],"replies":[{"embeddable":true,"href":"https:\/\/www.univers-med.com\/blog\/wp-json\/wp\/v2\/comments?post=8256"}],"version-history":[{"count":4,"href":"https:\/\/www.univers-med.com\/blog\/wp-json\/wp\/v2\/posts\/8256\/revisions"}],"predecessor-version":[{"id":8388,"href":"https:\/\/www.univers-med.com\/blog\/wp-json\/wp\/v2\/posts\/8256\/revisions\/8388"}],"wp:featuredmedia":[{"embeddable":true,"href":"https:\/\/www.univers-med.com\/blog\/wp-json\/wp\/v2\/media\/8374"}],"wp:attachment":[{"href":"https:\/\/www.univers-med.com\/blog\/wp-json\/wp\/v2\/media?parent=8256"}],"wp:term":[{"taxonomy":"category","embeddable":true,"href":"https:\/\/www.univers-med.com\/blog\/wp-json\/wp\/v2\/categories?post=8256"},{"taxonomy":"post_tag","embeddable":true,"href":"https:\/\/www.univers-med.com\/blog\/wp-json\/wp\/v2\/tags?post=8256"}],"curies":[{"name":"wp","href":"https:\/\/api.w.org\/{rel}","templated":true}]}}