{"id":8000,"date":"2023-08-16T01:14:00","date_gmt":"2023-08-15T23:14:00","guid":{"rendered":"https:\/\/www.univers-med.com\/blog\/?p=8000"},"modified":"2023-08-07T22:32:31","modified_gmt":"2023-08-07T20:32:31","slug":"megan-fox-levres-augmentees-rhinoplastie-avant-apres","status":"publish","type":"post","link":"https:\/\/www.univers-med.com\/blog\/megan-fox-levres-augmentees-rhinoplastie-avant-apres\/","title":{"rendered":"Megan Fox : L\u00e8vres augment\u00e9es, rhinoplastie"},"content":{"rendered":"\n<p><br><strong>Megan Fox<\/strong> est une personnalit\u00e9 qui a captiv\u00e9 les projecteurs d&rsquo;Hollywood avec son charme envo\u00fbtant et son talent d&rsquo;actrice. Au fil des ans, elle est devenue une ic\u00f4ne de beaut\u00e9 et un mod\u00e8le pour de nombreux fans. Cependant, les rumeurs et les sp\u00e9culations sur la possibilit\u00e9 qu&rsquo;elle ait eu <strong><a href=\"https:\/\/www.univers-med.com\/\">recours \u00e0 la chirurgie esth\u00e9tique<\/a><\/strong> ont \u00e9galement fait surface. Dans cet article, nous allons examiner de plus pr\u00e8s les \u00e9ventuelles op\u00e9rations de chirurgie esth\u00e9tique que Megan Fox aurait subies, notamment <strong>l&rsquo;augmentation de ses l\u00e8vres<\/strong> et une \u00e9ventuelle <strong>rhinoplastie<\/strong>.<\/p>\n\n\n\n<figure class=\"wp-block-image size-full\"><img loading=\"lazy\" width=\"1000\" height=\"600\" src=\"https:\/\/www.univers-med.com\/blog\/wp-content\/uploads\/2023\/08\/megan-fox.jpg\" alt=\"megan fox\" class=\"wp-image-8007\" srcset=\"https:\/\/www.univers-med.com\/blog\/wp-content\/uploads\/2023\/08\/megan-fox.jpg 1000w, https:\/\/www.univers-med.com\/blog\/wp-content\/uploads\/2023\/08\/megan-fox-300x180.jpg 300w, https:\/\/www.univers-med.com\/blog\/wp-content\/uploads\/2023\/08\/megan-fox-768x461.jpg 768w, https:\/\/www.univers-med.com\/blog\/wp-content\/uploads\/2023\/08\/megan-fox-100x60.jpg 100w\" sizes=\"(max-width: 1000px) 100vw, 1000px\" \/><\/figure>\n\n\n\n<div id=\"ez-toc-container\" class=\"ez-toc-v2_0_72 counter-hierarchy ez-toc-counter ez-toc-grey ez-toc-container-direction\">\n<div class=\"ez-toc-title-container\">\n<p class=\"ez-toc-title\" style=\"cursor:inherit\">Table of Contents<\/p>\n<span class=\"ez-toc-title-toggle\"><a href=\"#\" class=\"ez-toc-pull-right ez-toc-btn ez-toc-btn-xs ez-toc-btn-default ez-toc-toggle\" aria-label=\"Toggle Table of Content\"><span class=\"ez-toc-js-icon-con\"><span class=\"\"><span class=\"eztoc-hide\" style=\"display:none;\">Toggle<\/span><span class=\"ez-toc-icon-toggle-span\"><svg style=\"fill: #999;color:#999\" xmlns=\"http:\/\/www.w3.org\/2000\/svg\" class=\"list-377408\" width=\"20px\" height=\"20px\" viewBox=\"0 0 24 24\" fill=\"none\"><path d=\"M6 6H4v2h2V6zm14 0H8v2h12V6zM4 11h2v2H4v-2zm16 0H8v2h12v-2zM4 16h2v2H4v-2zm16 0H8v2h12v-2z\" fill=\"currentColor\"><\/path><\/svg><svg style=\"fill: #999;color:#999\" class=\"arrow-unsorted-368013\" xmlns=\"http:\/\/www.w3.org\/2000\/svg\" width=\"10px\" height=\"10px\" viewBox=\"0 0 24 24\" version=\"1.2\" baseProfile=\"tiny\"><path d=\"M18.2 9.3l-6.2-6.3-6.2 6.3c-.2.2-.3.4-.3.7s.1.5.3.7c.2.2.4.3.7.3h11c.3 0 .5-.1.7-.3.2-.2.3-.5.3-.7s-.1-.5-.3-.7zM5.8 14.7l6.2 6.3 6.2-6.3c.2-.2.3-.5.3-.7s-.1-.5-.3-.7c-.2-.2-.4-.3-.7-.3h-11c-.3 0-.5.1-.7.3-.2.2-.3.5-.3.7s.1.5.3.7z\"\/><\/svg><\/span><\/span><\/span><\/a><\/span><\/div>\n<nav><ul class='ez-toc-list ez-toc-list-level-1 ' ><li class='ez-toc-page-1 ez-toc-heading-level-2'><a class=\"ez-toc-link ez-toc-heading-1\" href=\"https:\/\/www.univers-med.com\/blog\/megan-fox-levres-augmentees-rhinoplastie-avant-apres\/#Qui_est_Megan_Fox\" title=\"Qui est Megan Fox ?\">Qui est Megan Fox ?<\/a><ul class='ez-toc-list-level-3' ><li class='ez-toc-heading-level-3'><a class=\"ez-toc-link ez-toc-heading-2\" href=\"https:\/\/www.univers-med.com\/blog\/megan-fox-levres-augmentees-rhinoplastie-avant-apres\/#Megan_Fox_a-t-elle_vraiment_eu_recours_a_la_chirurgie_esthetique\" title=\"Megan Fox a-t-elle vraiment eu recours \u00e0 la chirurgie esth\u00e9tique ?\">Megan Fox a-t-elle vraiment eu recours \u00e0 la chirurgie esth\u00e9tique ?<\/a><\/li><li class='ez-toc-page-1 ez-toc-heading-level-3'><a class=\"ez-toc-link ez-toc-heading-3\" href=\"https:\/\/www.univers-med.com\/blog\/megan-fox-levres-augmentees-rhinoplastie-avant-apres\/#Les_operations_de_chirurgie_esthetique_subies_par_Megan\" title=\"Les op\u00e9rations de chirurgie esth\u00e9tique subies par Megan\">Les op\u00e9rations de chirurgie esth\u00e9tique subies par Megan<\/a><\/li><li class='ez-toc-page-1 ez-toc-heading-level-3'><a class=\"ez-toc-link ez-toc-heading-4\" href=\"https:\/\/www.univers-med.com\/blog\/megan-fox-levres-augmentees-rhinoplastie-avant-apres\/#Lapproche_de_Megan_Fox_pour_ses_interventions_de_chirurgie_esthetique\" title=\"L&rsquo;approche de Megan Fox pour ses interventions de chirurgie esth\u00e9tique\">L&rsquo;approche de Megan Fox pour ses interventions de chirurgie esth\u00e9tique<\/a><\/li><\/ul><\/li><\/ul><\/nav><\/div>\n<h2><span class=\"ez-toc-section\" id=\"Qui_est_Megan_Fox\"><\/span>Qui est Megan Fox ?<span class=\"ez-toc-section-end\"><\/span><\/h2>\n\n\n\n<p>Megan Denise Fox, n\u00e9e le 16 mai 1986, est une actrice et mannequin am\u00e9ricaine. Elle a fait ses d\u00e9buts dans le monde du divertissement \u00e0 un jeune \u00e2ge et a rapidement gagn\u00e9 en popularit\u00e9 pour ses r\u00f4les dans des films \u00e0 succ\u00e8s tels que \u00ab\u00a0<strong>Transformers<\/strong>\u00ab\u00a0. Son allure s\u00e9duisante et son apparence frappante l&rsquo;ont propuls\u00e9e au rang de sex-symbol et d&rsquo;ic\u00f4ne de beaut\u00e9, attirant ainsi l&rsquo;attention du public et des m\u00e9dias.<\/p><figure class=\"wp-block-image size-full\"><img loading=\"lazy\" width=\"1000\" height=\"600\" src=\"https:\/\/www.univers-med.com\/blog\/wp-content\/uploads\/2023\/08\/megan-fox-avant-apres.jpg\" alt=\"megan fox avant apres\" class=\"wp-image-8004\" srcset=\"https:\/\/www.univers-med.com\/blog\/wp-content\/uploads\/2023\/08\/megan-fox-avant-apres.jpg 1000w, https:\/\/www.univers-med.com\/blog\/wp-content\/uploads\/2023\/08\/megan-fox-avant-apres-300x180.jpg 300w, https:\/\/www.univers-med.com\/blog\/wp-content\/uploads\/2023\/08\/megan-fox-avant-apres-768x461.jpg 768w, https:\/\/www.univers-med.com\/blog\/wp-content\/uploads\/2023\/08\/megan-fox-avant-apres-100x60.jpg 100w\" sizes=\"(max-width: 1000px) 100vw, 1000px\" \/><figcaption><strong>Megan Fox avant apres<\/strong><\/figcaption><\/figure>\n\n\n\n<p><\/p>\n\n\n\n<h3><span class=\"ez-toc-section\" id=\"Megan_Fox_a-t-elle_vraiment_eu_recours_a_la_chirurgie_esthetique\"><\/span>Megan Fox a-t-elle vraiment eu recours \u00e0 la chirurgie esth\u00e9tique ?<span class=\"ez-toc-section-end\"><\/span><\/h3>\n\n\n\n<p>La question de savoir si Megan Fox a eu recours \u00e0 la chirurgie esth\u00e9tique est un sujet qui suscite un vif d\u00e9bat parmi les experts en beaut\u00e9, les fans et les m\u00e9dias. Au fil des ann\u00e9es, l&rsquo;apparence de Megan Fox a l\u00e9g\u00e8rement \u00e9volu\u00e9, ce qui a aliment\u00e9 les sp\u00e9culations sur d&rsquo;\u00e9ventuelles <strong><a href=\"https:\/\/www.univers-med.com\/interventions\/\">interventions chirurgicales<\/a><\/strong>. Cependant, il est important de noter que Megan Fox n&rsquo;a jamais confirm\u00e9 publiquement avoir subi des op\u00e9rations de chirurgie esth\u00e9tique.<\/p>\n\n\n\n<p>Certains observateurs ont not\u00e9 des changements subtils dans la forme de ses l\u00e8vres, sugg\u00e9rant une possible augmentation labiale \u00e0 l&rsquo;aide d&rsquo;injections d&rsquo;acide hyaluronique. De plus, la <strong>forme de son nez<\/strong> semble \u00e9galement avoir subi de l\u00e9g\u00e8res modifications, ce qui a conduit \u00e0 des sp\u00e9culations sur une <strong><a href=\"https:\/\/www.univers-med.com\/rhinoplastie-tunisie.html\">\u00e9ventuelle rhinoplastie<\/a><\/strong>. Ces changements, bien qu&rsquo;apparents, peuvent \u00e9galement \u00eatre attribu\u00e9s \u00e0 des techniques de maquillage habiles et \u00e0 des variations naturelles.<\/p>\n\n\n\n<p>Il est important de reconna\u00eetre que les c\u00e9l\u00e9brit\u00e9s sont souvent soumises \u00e0 des pressions esth\u00e9tiques et \u00e0 des normes de beaut\u00e9 id\u00e9alis\u00e9es, ce qui peut influencer leurs d\u00e9cisions en mati\u00e8re de chirurgie esth\u00e9tique. Cependant, Megan Fox a toujours maintenu une position r\u00e9serv\u00e9e sur sa vie priv\u00e9e et n&rsquo;a pas officiellement abord\u00e9 le sujet de la chirurgie esth\u00e9tique.<\/p>\n\n\n\n<p>En fin de compte, la question de savoir si Megan Fox a eu recours \u00e0 la chirurgie esth\u00e9tique reste sans r\u00e9ponse certaine. Que ce soit le r\u00e9sultat de proc\u00e9dures chirurgicales ou de techniques de maquillage astucieuses, il est important de respecter les choix personnels des individus en mati\u00e8re d&rsquo;apparence et de reconna\u00eetre qu&rsquo;il n&rsquo;y a rien de mal \u00e0 choisir d&rsquo;am\u00e9liorer ou de modifier certaines caract\u00e9ristiques physiques si c&rsquo;est ce qui les rend heureux et confiants.<\/p>\n\n\n\n<figure class=\"wp-block-image size-full\"><img loading=\"lazy\" width=\"1000\" height=\"600\" src=\"https:\/\/www.univers-med.com\/blog\/wp-content\/uploads\/2023\/08\/megan-fox-levres.jpg\" alt=\"megan fox l\u00e8vres\" class=\"wp-image-8011\" srcset=\"https:\/\/www.univers-med.com\/blog\/wp-content\/uploads\/2023\/08\/megan-fox-levres.jpg 1000w, https:\/\/www.univers-med.com\/blog\/wp-content\/uploads\/2023\/08\/megan-fox-levres-300x180.jpg 300w, https:\/\/www.univers-med.com\/blog\/wp-content\/uploads\/2023\/08\/megan-fox-levres-768x461.jpg 768w, https:\/\/www.univers-med.com\/blog\/wp-content\/uploads\/2023\/08\/megan-fox-levres-100x60.jpg 100w\" sizes=\"(max-width: 1000px) 100vw, 1000px\" \/><figcaption><strong>Megan Fox l\u00e8vres<\/strong><\/figcaption><\/figure>\n\n\n\n<h3><span class=\"ez-toc-section\" id=\"Les_operations_de_chirurgie_esthetique_subies_par_Megan\"><\/span>Les op\u00e9rations de chirurgie esth\u00e9tique subies par Megan<span class=\"ez-toc-section-end\"><\/span><\/h3>\n\n\n\n<p>Les observateurs et les experts en beaut\u00e9 ont not\u00e9 des changements subtils dans l&rsquo;apparence de Megan Fox au fil des ans, suscitant des sp\u00e9culations sur d&rsquo;\u00e9ventuelles interventions de chirurgie esth\u00e9tique. Deux domaines en particulier ont retenu l&rsquo;attention : <strong>ses l\u00e8vres et son nez<\/strong>.<\/p>\n\n\n\n<p>1. <strong>Augmentation des l\u00e8vres<\/strong> : Il a \u00e9t\u00e9 sugg\u00e9r\u00e9 que Megan Fox aurait eu recours \u00e0 des injections d&rsquo;acide hyaluronique pour augmenter le volume de ses l\u00e8vres. Au fil du temps, la forme de ses l\u00e8vres semble avoir chang\u00e9, passant d&rsquo;une apparence plus mince \u00e0 des l\u00e8vres l\u00e9g\u00e8rement plus pulpeuses. Cette modification subtile pourrait \u00eatre le r\u00e9sultat d&rsquo;injections d&rsquo;acide hyaluronique, une proc\u00e9dure courante pour obtenir des l\u00e8vres plus pleines et plus d\u00e9finies. Cependant, il est important de noter que ces changements pourraient \u00e9galement \u00eatre obtenus temporairement \u00e0 l&rsquo;aide de techniques de maquillage.<\/p>\n\n\n\n<p>2. <strong>Rhinoplastie<\/strong> : Une autre zone qui a suscit\u00e9 des sp\u00e9culations est le nez de Megan Fox. Certains observateurs ont remarqu\u00e9 des diff\u00e9rences dans la forme de son nez au fil des ann\u00e9es, ce qui a conduit \u00e0 des discussions sur une \u00e9ventuelle rhinoplastie. Son nez semble avoir une apparence l\u00e9g\u00e8rement plus fine et plus d\u00e9finie par rapport \u00e0 ses d\u00e9buts. Cependant, il est \u00e9galement possible que ces changements soient le r\u00e9sultat d&rsquo;astuces de maquillage ou d&rsquo;autres facteurs, tels que la croissance naturelle.<\/p>\n\n\n\n<p>Il est important de garder \u00e0 l&rsquo;esprit que les c\u00e9l\u00e9brit\u00e9s peuvent opter pour des interventions de chirurgie esth\u00e9tique pour diverses raisons personnelles. Dans le cas de Megan Fox, bien que les changements dans ses l\u00e8vres et son nez puissent susciter des sp\u00e9culations, elle n&rsquo;a jamais confirm\u00e9 publiquement avoir subi de telles interventions. Les variations dans son apparence pourraient \u00e9galement \u00eatre le r\u00e9sultat de facteurs non chirurgicaux tels que le maquillage, l&rsquo;\u00e9clairage et le vieillissement naturel.<\/p>\n\n\n\n<p>Haut du formulaire<\/p>\n\n\n\n<h3><span class=\"ez-toc-section\" id=\"Lapproche_de_Megan_Fox_pour_ses_interventions_de_chirurgie_esthetique\"><\/span>L&rsquo;approche de Megan Fox pour ses interventions de chirurgie esth\u00e9tique<span class=\"ez-toc-section-end\"><\/span><\/h3>\n\n\n\n<p>Megan Fox a toujours \u00e9t\u00e9 discr\u00e8te au sujet de sa vie priv\u00e9e et de sa vie personnelle, y compris en ce qui concerne la chirurgie esth\u00e9tique. Si elle a effectivement subi des interventions, elle semble adopter une approche subtile pour conserver son apparence naturelle. Les changements sont g\u00e9n\u00e9ralement subtils et visent \u00e0 am\u00e9liorer ses traits plut\u00f4t qu&rsquo;\u00e0 les transformer radicalement.<\/p>\n\n\n\n<p>L&rsquo;apparence de Megan Fox a \u00e9volu\u00e9 au fil des ans, suscitant des rumeurs et des sp\u00e9culations sur la possibilit\u00e9 qu&rsquo;elle ait eu recours \u00e0 la chirurgie esth\u00e9tique. Cependant, quels que soient les choix qu&rsquo;elle a pu faire en mati\u00e8re de beaut\u00e9, il est important de reconna\u00eetre que chaque personne a le droit de prendre des d\u00e9cisions concernant son apparence. Megan Fox reste une figure embl\u00e9matique qui continue d&rsquo;inspirer et d&rsquo;influencer de nombreuses personnes \u00e0 travers le monde, quels que soient les choix qu&rsquo;elle a pu faire en mati\u00e8re de chirurgie esth\u00e9tique.<\/p>\n","protected":false},"excerpt":{"rendered":"<p>Megan Fox est une personnalit\u00e9 qui a captiv\u00e9 les projecteurs d&rsquo;Hollywood avec son charme envo\u00fbtant et son talent d&rsquo;actrice. Au fil des ans, elle est devenue une ic\u00f4ne de beaut\u00e9 et un mod\u00e8le pour de nombreux fans. Cependant, les rumeurs et les sp\u00e9culations sur la possibilit\u00e9 qu&rsquo;elle ait eu recours \u00e0 la chirurgie esth\u00e9tique ont [&hellip;]<\/p>\n","protected":false},"author":1,"featured_media":8009,"comment_status":"closed","ping_status":"closed","sticky":false,"template":"","format":"standard","meta":[],"categories":[1105],"tags":[],"yoast_head":"<!-- This site is optimized with the Yoast SEO plugin v20.6 - https:\/\/yoast.com\/wordpress\/plugins\/seo\/ -->\n<title>Megan Fox avant apr\u00e8s : L\u00e8vres augment\u00e9es, rhinoplastie<\/title>\n<meta name=\"description\" content=\"Megan Fox avant apr\u00e8s : L\u00e8vres augment\u00e9es, rhinoplastie . Megan a-t-elle vraiment eu recours \u00e0 la chirurgie esth\u00e9tique ? Elle n\u2019a jamais confirm\u00e9 ...\" \/>\n<meta name=\"robots\" content=\"index, follow, max-snippet:-1, max-image-preview:large, max-video-preview:-1\" \/>\n<link rel=\"canonical\" href=\"https:\/\/www.univers-med.com\/blog\/megan-fox-levres-augmentees-rhinoplastie-avant-apres\/\" \/>\n<meta property=\"og:locale\" content=\"fr_FR\" \/>\n<meta property=\"og:type\" content=\"article\" \/>\n<meta property=\"og:title\" content=\"Megan Fox avant apr\u00e8s : L\u00e8vres augment\u00e9es, rhinoplastie\" \/>\n<meta property=\"og:description\" content=\"Megan Fox avant apr\u00e8s : L\u00e8vres augment\u00e9es, rhinoplastie . Megan a-t-elle vraiment eu recours \u00e0 la chirurgie esth\u00e9tique ? Elle n\u2019a jamais confirm\u00e9 ...\" \/>\n<meta property=\"og:url\" content=\"https:\/\/www.univers-med.com\/blog\/megan-fox-levres-augmentees-rhinoplastie-avant-apres\/\" \/>\n<meta property=\"og:site_name\" content=\"Blog Univers-med\" \/>\n<meta property=\"article:published_time\" content=\"2023-08-15T23:14:00+00:00\" \/>\n<meta property=\"article:modified_time\" content=\"2023-08-07T20:32:31+00:00\" \/>\n<meta property=\"og:image\" content=\"https:\/\/www.univers-med.com\/blog\/wp-content\/uploads\/2023\/08\/megan-fox-2023.jpg\" \/>\n\t<meta property=\"og:image:width\" content=\"1050\" \/>\n\t<meta property=\"og:image:height\" content=\"700\" \/>\n\t<meta property=\"og:image:type\" content=\"image\/jpeg\" \/>\n<meta name=\"author\" content=\"blog-univers-med\" \/>\n<meta name=\"twitter:card\" content=\"summary_large_image\" \/>\n<meta name=\"twitter:creator\" content=\"@MeduniversTn\" \/>\n<meta name=\"twitter:site\" content=\"@MeduniversTn\" \/>\n<script type=\"application\/ld+json\" class=\"yoast-schema-graph\">{\"@context\":\"https:\/\/schema.org\",\"@graph\":[{\"@type\":\"Article\",\"@id\":\"https:\/\/www.univers-med.com\/blog\/megan-fox-levres-augmentees-rhinoplastie-avant-apres\/#article\",\"isPartOf\":{\"@id\":\"https:\/\/www.univers-med.com\/blog\/megan-fox-levres-augmentees-rhinoplastie-avant-apres\/\"},\"author\":{\"name\":\"blog-univers-med\",\"@id\":\"https:\/\/www.univers-med.com\/blog\/#\/schema\/person\/a4d4b2b10c240db88faecbdd5f1175cf\"},\"headline\":\"Megan Fox : L\u00e8vres augment\u00e9es, rhinoplastie\",\"datePublished\":\"2023-08-15T23:14:00+00:00\",\"dateModified\":\"2023-08-07T20:32:31+00:00\",\"mainEntityOfPage\":{\"@id\":\"https:\/\/www.univers-med.com\/blog\/megan-fox-levres-augmentees-rhinoplastie-avant-apres\/\"},\"wordCount\":1038,\"publisher\":{\"@id\":\"https:\/\/www.univers-med.com\/blog\/#\/schema\/person\/a4d4b2b10c240db88faecbdd5f1175cf\"},\"articleSection\":[\"Beaut\u00e9 des stars\"],\"inLanguage\":\"fr-FR\"},{\"@type\":\"WebPage\",\"@id\":\"https:\/\/www.univers-med.com\/blog\/megan-fox-levres-augmentees-rhinoplastie-avant-apres\/\",\"url\":\"https:\/\/www.univers-med.com\/blog\/megan-fox-levres-augmentees-rhinoplastie-avant-apres\/\",\"name\":\"Megan Fox avant apr\u00e8s : L\u00e8vres augment\u00e9es, rhinoplastie\",\"isPartOf\":{\"@id\":\"https:\/\/www.univers-med.com\/blog\/#website\"},\"datePublished\":\"2023-08-15T23:14:00+00:00\",\"dateModified\":\"2023-08-07T20:32:31+00:00\",\"description\":\"Megan Fox avant apr\u00e8s : L\u00e8vres augment\u00e9es, rhinoplastie . Megan a-t-elle vraiment eu recours \u00e0 la chirurgie esth\u00e9tique ? Elle n\u2019a jamais confirm\u00e9 ...\",\"breadcrumb\":{\"@id\":\"https:\/\/www.univers-med.com\/blog\/megan-fox-levres-augmentees-rhinoplastie-avant-apres\/#breadcrumb\"},\"inLanguage\":\"fr-FR\",\"potentialAction\":[{\"@type\":\"ReadAction\",\"target\":[\"https:\/\/www.univers-med.com\/blog\/megan-fox-levres-augmentees-rhinoplastie-avant-apres\/\"]}]},{\"@type\":\"BreadcrumbList\",\"@id\":\"https:\/\/www.univers-med.com\/blog\/megan-fox-levres-augmentees-rhinoplastie-avant-apres\/#breadcrumb\",\"itemListElement\":[{\"@type\":\"ListItem\",\"position\":1,\"name\":\"Accueil\",\"item\":\"https:\/\/www.univers-med.com\/blog\/\"},{\"@type\":\"ListItem\",\"position\":2,\"name\":\"Megan Fox : L\u00e8vres augment\u00e9es, rhinoplastie\"}]},{\"@type\":\"WebSite\",\"@id\":\"https:\/\/www.univers-med.com\/blog\/#website\",\"url\":\"https:\/\/www.univers-med.com\/blog\/\",\"name\":\"Blog Univers-med\",\"description\":\"Blog Univers-med\",\"publisher\":{\"@id\":\"https:\/\/www.univers-med.com\/blog\/#\/schema\/person\/a4d4b2b10c240db88faecbdd5f1175cf\"},\"alternateName\":\"chirurgie esth\u00e9tique Tunisie\",\"potentialAction\":[{\"@type\":\"SearchAction\",\"target\":{\"@type\":\"EntryPoint\",\"urlTemplate\":\"https:\/\/www.univers-med.com\/blog\/?s={search_term_string}\"},\"query-input\":\"required name=search_term_string\"}],\"inLanguage\":\"fr-FR\"},{\"@type\":[\"Person\",\"Organization\"],\"@id\":\"https:\/\/www.univers-med.com\/blog\/#\/schema\/person\/a4d4b2b10c240db88faecbdd5f1175cf\",\"name\":\"blog-univers-med\",\"image\":{\"@type\":\"ImageObject\",\"inLanguage\":\"fr-FR\",\"@id\":\"https:\/\/www.univers-med.com\/blog\/#\/schema\/person\/image\/\",\"url\":\"https:\/\/www.univers-med.com\/blog\/wp-content\/uploads\/2020\/10\/cropped-logo-1.png\",\"contentUrl\":\"https:\/\/www.univers-med.com\/blog\/wp-content\/uploads\/2020\/10\/cropped-logo-1.png\",\"width\":512,\"height\":512,\"caption\":\"blog-univers-med\"},\"logo\":{\"@id\":\"https:\/\/www.univers-med.com\/blog\/#\/schema\/person\/image\/\"},\"sameAs\":[\"https:\/\/www.instagram.com\/univers_med_officiel\/\"],\"url\":\"https:\/\/www.univers-med.com\/blog\/author\/blog-univers-med\/\"}]}<\/script>\n<!-- \/ Yoast SEO plugin. -->","yoast_head_json":{"title":"Megan Fox avant apr\u00e8s : L\u00e8vres augment\u00e9es, rhinoplastie","description":"Megan Fox avant apr\u00e8s : L\u00e8vres augment\u00e9es, rhinoplastie . Megan a-t-elle vraiment eu recours \u00e0 la chirurgie esth\u00e9tique ? Elle n\u2019a jamais confirm\u00e9 ...","robots":{"index":"index","follow":"follow","max-snippet":"max-snippet:-1","max-image-preview":"max-image-preview:large","max-video-preview":"max-video-preview:-1"},"canonical":"https:\/\/www.univers-med.com\/blog\/megan-fox-levres-augmentees-rhinoplastie-avant-apres\/","og_locale":"fr_FR","og_type":"article","og_title":"Megan Fox avant apr\u00e8s : L\u00e8vres augment\u00e9es, rhinoplastie","og_description":"Megan Fox avant apr\u00e8s : L\u00e8vres augment\u00e9es, rhinoplastie . Megan a-t-elle vraiment eu recours \u00e0 la chirurgie esth\u00e9tique ? Elle n\u2019a jamais confirm\u00e9 ...","og_url":"https:\/\/www.univers-med.com\/blog\/megan-fox-levres-augmentees-rhinoplastie-avant-apres\/","og_site_name":"Blog Univers-med","article_published_time":"2023-08-15T23:14:00+00:00","article_modified_time":"2023-08-07T20:32:31+00:00","og_image":[{"width":1050,"height":700,"url":"https:\/\/www.univers-med.com\/blog\/wp-content\/uploads\/2023\/08\/megan-fox-2023.jpg","type":"image\/jpeg"}],"author":"blog-univers-med","twitter_card":"summary_large_image","twitter_creator":"@MeduniversTn","twitter_site":"@MeduniversTn","schema":{"@context":"https:\/\/schema.org","@graph":[{"@type":"Article","@id":"https:\/\/www.univers-med.com\/blog\/megan-fox-levres-augmentees-rhinoplastie-avant-apres\/#article","isPartOf":{"@id":"https:\/\/www.univers-med.com\/blog\/megan-fox-levres-augmentees-rhinoplastie-avant-apres\/"},"author":{"name":"blog-univers-med","@id":"https:\/\/www.univers-med.com\/blog\/#\/schema\/person\/a4d4b2b10c240db88faecbdd5f1175cf"},"headline":"Megan Fox : L\u00e8vres augment\u00e9es, rhinoplastie","datePublished":"2023-08-15T23:14:00+00:00","dateModified":"2023-08-07T20:32:31+00:00","mainEntityOfPage":{"@id":"https:\/\/www.univers-med.com\/blog\/megan-fox-levres-augmentees-rhinoplastie-avant-apres\/"},"wordCount":1038,"publisher":{"@id":"https:\/\/www.univers-med.com\/blog\/#\/schema\/person\/a4d4b2b10c240db88faecbdd5f1175cf"},"articleSection":["Beaut\u00e9 des stars"],"inLanguage":"fr-FR"},{"@type":"WebPage","@id":"https:\/\/www.univers-med.com\/blog\/megan-fox-levres-augmentees-rhinoplastie-avant-apres\/","url":"https:\/\/www.univers-med.com\/blog\/megan-fox-levres-augmentees-rhinoplastie-avant-apres\/","name":"Megan Fox avant apr\u00e8s : L\u00e8vres augment\u00e9es, rhinoplastie","isPartOf":{"@id":"https:\/\/www.univers-med.com\/blog\/#website"},"datePublished":"2023-08-15T23:14:00+00:00","dateModified":"2023-08-07T20:32:31+00:00","description":"Megan Fox avant apr\u00e8s : L\u00e8vres augment\u00e9es, rhinoplastie . Megan a-t-elle vraiment eu recours \u00e0 la chirurgie esth\u00e9tique ? Elle n\u2019a jamais confirm\u00e9 ...","breadcrumb":{"@id":"https:\/\/www.univers-med.com\/blog\/megan-fox-levres-augmentees-rhinoplastie-avant-apres\/#breadcrumb"},"inLanguage":"fr-FR","potentialAction":[{"@type":"ReadAction","target":["https:\/\/www.univers-med.com\/blog\/megan-fox-levres-augmentees-rhinoplastie-avant-apres\/"]}]},{"@type":"BreadcrumbList","@id":"https:\/\/www.univers-med.com\/blog\/megan-fox-levres-augmentees-rhinoplastie-avant-apres\/#breadcrumb","itemListElement":[{"@type":"ListItem","position":1,"name":"Accueil","item":"https:\/\/www.univers-med.com\/blog\/"},{"@type":"ListItem","position":2,"name":"Megan Fox : L\u00e8vres augment\u00e9es, rhinoplastie"}]},{"@type":"WebSite","@id":"https:\/\/www.univers-med.com\/blog\/#website","url":"https:\/\/www.univers-med.com\/blog\/","name":"Blog Univers-med","description":"Blog Univers-med","publisher":{"@id":"https:\/\/www.univers-med.com\/blog\/#\/schema\/person\/a4d4b2b10c240db88faecbdd5f1175cf"},"alternateName":"chirurgie esth\u00e9tique Tunisie","potentialAction":[{"@type":"SearchAction","target":{"@type":"EntryPoint","urlTemplate":"https:\/\/www.univers-med.com\/blog\/?s={search_term_string}"},"query-input":"required name=search_term_string"}],"inLanguage":"fr-FR"},{"@type":["Person","Organization"],"@id":"https:\/\/www.univers-med.com\/blog\/#\/schema\/person\/a4d4b2b10c240db88faecbdd5f1175cf","name":"blog-univers-med","image":{"@type":"ImageObject","inLanguage":"fr-FR","@id":"https:\/\/www.univers-med.com\/blog\/#\/schema\/person\/image\/","url":"https:\/\/www.univers-med.com\/blog\/wp-content\/uploads\/2020\/10\/cropped-logo-1.png","contentUrl":"https:\/\/www.univers-med.com\/blog\/wp-content\/uploads\/2020\/10\/cropped-logo-1.png","width":512,"height":512,"caption":"blog-univers-med"},"logo":{"@id":"https:\/\/www.univers-med.com\/blog\/#\/schema\/person\/image\/"},"sameAs":["https:\/\/www.instagram.com\/univers_med_officiel\/"],"url":"https:\/\/www.univers-med.com\/blog\/author\/blog-univers-med\/"}]}},"_links":{"self":[{"href":"https:\/\/www.univers-med.com\/blog\/wp-json\/wp\/v2\/posts\/8000"}],"collection":[{"href":"https:\/\/www.univers-med.com\/blog\/wp-json\/wp\/v2\/posts"}],"about":[{"href":"https:\/\/www.univers-med.com\/blog\/wp-json\/wp\/v2\/types\/post"}],"author":[{"embeddable":true,"href":"https:\/\/www.univers-med.com\/blog\/wp-json\/wp\/v2\/users\/1"}],"replies":[{"embeddable":true,"href":"https:\/\/www.univers-med.com\/blog\/wp-json\/wp\/v2\/comments?post=8000"}],"version-history":[{"count":5,"href":"https:\/\/www.univers-med.com\/blog\/wp-json\/wp\/v2\/posts\/8000\/revisions"}],"predecessor-version":[{"id":8012,"href":"https:\/\/www.univers-med.com\/blog\/wp-json\/wp\/v2\/posts\/8000\/revisions\/8012"}],"wp:featuredmedia":[{"embeddable":true,"href":"https:\/\/www.univers-med.com\/blog\/wp-json\/wp\/v2\/media\/8009"}],"wp:attachment":[{"href":"https:\/\/www.univers-med.com\/blog\/wp-json\/wp\/v2\/media?parent=8000"}],"wp:term":[{"taxonomy":"category","embeddable":true,"href":"https:\/\/www.univers-med.com\/blog\/wp-json\/wp\/v2\/categories?post=8000"},{"taxonomy":"post_tag","embeddable":true,"href":"https:\/\/www.univers-med.com\/blog\/wp-json\/wp\/v2\/tags?post=8000"}],"curies":[{"name":"wp","href":"https:\/\/api.w.org\/{rel}","templated":true}]}}