{"id":7976,"date":"2023-08-12T01:12:00","date_gmt":"2023-08-11T23:12:00","guid":{"rendered":"https:\/\/www.univers-med.com\/blog\/?p=7976"},"modified":"2023-08-07T21:53:02","modified_gmt":"2023-08-07T19:53:02","slug":"harry-styles-rhinoplastie-pour-corriger-une-deviation-du-nez","status":"publish","type":"post","link":"https:\/\/www.univers-med.com\/blog\/harry-styles-rhinoplastie-pour-corriger-une-deviation-du-nez\/","title":{"rendered":"Harry Styles : Rhinoplastie pour corriger une d\u00e9viation du nez"},"content":{"rendered":"\n<p><br>La <strong><a href=\"https:\/\/www.univers-med.com\">chirurgie esth\u00e9tique<\/a><\/strong> est devenue une option courante pour de nombreuses personnalit\u00e9s publiques cherchant \u00e0 am\u00e9liorer leur <strong>apparence physique<\/strong>. Parmi ces <strong>c\u00e9l\u00e9brit\u00e9s<\/strong> figure <strong>Harry Styles<\/strong>, le <strong>c\u00e9l\u00e8bre chanteur<\/strong> et <strong>membre du groupe One Direction<\/strong>. R\u00e9cemment, des sp\u00e9culations ont \u00e9merg\u00e9 concernant une <strong>possible rhinoplastie subie<\/strong> par Styles pour corriger une <strong>d\u00e9viation de son nez<\/strong>. Dans cet article, nous allons explorer cette question plus en d\u00e9tail et examiner les raisons possibles derri\u00e8re sa d\u00e9cision.<\/p>\n\n\n\n<figure class=\"wp-block-image size-full\"><img loading=\"lazy\" width=\"1000\" height=\"600\" src=\"https:\/\/www.univers-med.com\/blog\/wp-content\/uploads\/2023\/08\/harry-styles.jpg\" alt=\"harry styles\" class=\"wp-image-7979\" srcset=\"https:\/\/www.univers-med.com\/blog\/wp-content\/uploads\/2023\/08\/harry-styles.jpg 1000w, https:\/\/www.univers-med.com\/blog\/wp-content\/uploads\/2023\/08\/harry-styles-300x180.jpg 300w, https:\/\/www.univers-med.com\/blog\/wp-content\/uploads\/2023\/08\/harry-styles-768x461.jpg 768w, https:\/\/www.univers-med.com\/blog\/wp-content\/uploads\/2023\/08\/harry-styles-100x60.jpg 100w\" sizes=\"(max-width: 1000px) 100vw, 1000px\" \/><figcaption><strong>harry styles avant apres<\/strong><\/figcaption><\/figure>\n\n\n\n<div id=\"ez-toc-container\" class=\"ez-toc-v2_0_72 counter-hierarchy ez-toc-counter ez-toc-grey ez-toc-container-direction\">\n<div class=\"ez-toc-title-container\">\n<p class=\"ez-toc-title\" style=\"cursor:inherit\">Table of Contents<\/p>\n<span class=\"ez-toc-title-toggle\"><a href=\"#\" class=\"ez-toc-pull-right ez-toc-btn ez-toc-btn-xs ez-toc-btn-default ez-toc-toggle\" aria-label=\"Toggle Table of Content\"><span class=\"ez-toc-js-icon-con\"><span class=\"\"><span class=\"eztoc-hide\" style=\"display:none;\">Toggle<\/span><span class=\"ez-toc-icon-toggle-span\"><svg style=\"fill: #999;color:#999\" xmlns=\"http:\/\/www.w3.org\/2000\/svg\" class=\"list-377408\" width=\"20px\" height=\"20px\" viewBox=\"0 0 24 24\" fill=\"none\"><path d=\"M6 6H4v2h2V6zm14 0H8v2h12V6zM4 11h2v2H4v-2zm16 0H8v2h12v-2zM4 16h2v2H4v-2zm16 0H8v2h12v-2z\" fill=\"currentColor\"><\/path><\/svg><svg style=\"fill: #999;color:#999\" class=\"arrow-unsorted-368013\" xmlns=\"http:\/\/www.w3.org\/2000\/svg\" width=\"10px\" height=\"10px\" viewBox=\"0 0 24 24\" version=\"1.2\" baseProfile=\"tiny\"><path d=\"M18.2 9.3l-6.2-6.3-6.2 6.3c-.2.2-.3.4-.3.7s.1.5.3.7c.2.2.4.3.7.3h11c.3 0 .5-.1.7-.3.2-.2.3-.5.3-.7s-.1-.5-.3-.7zM5.8 14.7l6.2 6.3 6.2-6.3c.2-.2.3-.5.3-.7s-.1-.5-.3-.7c-.2-.2-.4-.3-.7-.3h-11c-.3 0-.5.1-.7.3-.2.2-.3.5-.3.7s.1.5.3.7z\"\/><\/svg><\/span><\/span><\/span><\/a><\/span><\/div>\n<nav><ul class='ez-toc-list ez-toc-list-level-1 ' ><li class='ez-toc-page-1 ez-toc-heading-level-2'><a class=\"ez-toc-link ez-toc-heading-1\" href=\"https:\/\/www.univers-med.com\/blog\/harry-styles-rhinoplastie-pour-corriger-une-deviation-du-nez\/#Qui_est_Harry_Styles\" title=\"Qui est Harry Styles ?\">Qui est Harry Styles ?<\/a><ul class='ez-toc-list-level-3' ><li class='ez-toc-heading-level-3'><a class=\"ez-toc-link ez-toc-heading-2\" href=\"https:\/\/www.univers-med.com\/blog\/harry-styles-rhinoplastie-pour-corriger-une-deviation-du-nez\/#Harry_Styles_et_la_rhinoplastie_pour_corriger_une_deviation_du_nez\" title=\"Harry Styles et la rhinoplastie pour corriger une d\u00e9viation du nez\">Harry Styles et la rhinoplastie pour corriger une d\u00e9viation du nez<\/a><\/li><li class='ez-toc-page-1 ez-toc-heading-level-3'><a class=\"ez-toc-link ez-toc-heading-3\" href=\"https:\/\/www.univers-med.com\/blog\/harry-styles-rhinoplastie-pour-corriger-une-deviation-du-nez\/#Raisons_possibles_derriere_la_decision_dHarry\" title=\"Raisons possibles derri\u00e8re la d\u00e9cision d&rsquo;Harry\">Raisons possibles derri\u00e8re la d\u00e9cision d&rsquo;Harry<\/a><\/li><\/ul><\/li><\/ul><\/nav><\/div>\n<h2><span class=\"ez-toc-section\" id=\"Qui_est_Harry_Styles\"><\/span>Qui est Harry Styles ?<span class=\"ez-toc-section-end\"><\/span><\/h2>\n\n\n\n<p>Harry Styles, de son nom complet Harry Edward Styles, est un artiste britannique aux multiples talents. N\u00e9 le 1er f\u00e9vrier 1994 \u00e0 Redditch, en Angleterre, il s&rsquo;est rapidement fait un nom dans l&rsquo;industrie du divertissement en tant que chanteur, auteur-compositeur et acteur. Il a acquis une renomm\u00e9e mondiale en tant que membre du groupe ph\u00e9nom\u00e8ne One Direction, form\u00e9 lors de l&rsquo;\u00e9mission de t\u00e9l\u00e9-r\u00e9alit\u00e9 \u00ab\u00a0<strong>The X Factor<\/strong>\u00a0\u00bb en 2010.<\/p>\n\n\n\n<p>Styles a conquis les c\u0153urs du public avec sa voix distinctive, son charme charismatique et sa pr\u00e9sence sc\u00e9nique captivante. En tant que membre de One Direction, il a contribu\u00e9 au succ\u00e8s de hits comme \u00ab\u00a0<strong>What Makes You Beautiful<\/strong>\u00ab\u00a0, \u00ab\u00a0<strong>Story of My Lif<\/strong>e\u00a0\u00bb et \u00ab\u00a0<strong>Drag Me Down<\/strong>\u00ab\u00a0. Le groupe a rapidement gagn\u00e9 une immense base de fans d\u00e9vou\u00e9s \u00e0 travers le monde, cr\u00e9ant une v\u00e9ritable \u00ab\u00a0<strong>fi\u00e8vre<\/strong>\u00a0\u00bb pop.<\/p>\n\n\n\n<p>Apr\u00e8s la s\u00e9paration de One Direction en 2016, Harry Styles a poursuivi une carri\u00e8re solo acclam\u00e9e. Son premier album \u00e9ponyme, sorti en 2017, a d\u00e9voil\u00e9 une facette artistique plus mature et exploratoire de sa personnalit\u00e9. L&rsquo;album a \u00e9t\u00e9 salu\u00e9 par la critique et a produit des chansons \u00e0 succ\u00e8s telles que \u00ab\u00a0<strong>Sign of the Time<\/strong>s\u00a0\u00bb et \u00ab\u00a0<strong>Kiwi<\/strong>\u00ab\u00a0. Son style musical vari\u00e9 int\u00e8gre des \u00e9l\u00e9ments de rock, de pop et de folk, ce qui a attir\u00e9 un public encore plus large.<\/p>\n\n\n\n<p>Au-del\u00e0 de la musique, Harry Styles est \u00e9galement connu pour son sens de la mode audacieux et avant-gardiste. Ses choix vestimentaires uniques et sa volont\u00e9 de briser les conventions ont fait de lui une ic\u00f4ne de style dans le monde de la mode. Il a collabor\u00e9 avec des marques de renom et a m\u00eame pos\u00e9 pour des campagnes publicitaires de mode.<\/p>\n\n\n\n<p>En plus de sa carri\u00e8re musicale, Harry Styles s&rsquo;est aventur\u00e9 dans le domaine de la com\u00e9die. Il a fait ses d\u00e9buts au cin\u00e9ma dans le film acclam\u00e9 \u00ab\u00a0<strong>Dunkerque<\/strong>\u00a0\u00bb en 2017, r\u00e9alis\u00e9 par Christopher Nolan. Son talent d&rsquo;acteur a \u00e9t\u00e9 salu\u00e9 par les critiques et a montr\u00e9 sa polyvalence en tant qu&rsquo;artiste.<\/p>\n\n\n\n<p>Au fil des ann\u00e9es, Harry Styles est devenu une figure incontournable de la culture pop mondiale. Son impact s&rsquo;\u00e9tend bien au-del\u00e0 de la musique, touchant la mode, le cin\u00e9ma et m\u00eame des domaines sociaux et culturels. En tant que personnalit\u00e9 publique influente, il continue de captiver et d&rsquo;inspirer des millions de fans \u00e0 travers le monde, tout en restant fid\u00e8le \u00e0 son authenticit\u00e9 et \u00e0 son individualit\u00e9.<\/p>\n\n\n\n<figure class=\"wp-block-image size-full\"><img loading=\"lazy\" width=\"1000\" height=\"600\" src=\"https:\/\/www.univers-med.com\/blog\/wp-content\/uploads\/2023\/08\/did-harry-styles-get-a-nose-job.jpg\" alt=\"did harry styles get a nose job\" class=\"wp-image-7984\" srcset=\"https:\/\/www.univers-med.com\/blog\/wp-content\/uploads\/2023\/08\/did-harry-styles-get-a-nose-job.jpg 1000w, https:\/\/www.univers-med.com\/blog\/wp-content\/uploads\/2023\/08\/did-harry-styles-get-a-nose-job-300x180.jpg 300w, https:\/\/www.univers-med.com\/blog\/wp-content\/uploads\/2023\/08\/did-harry-styles-get-a-nose-job-768x461.jpg 768w, https:\/\/www.univers-med.com\/blog\/wp-content\/uploads\/2023\/08\/did-harry-styles-get-a-nose-job-100x60.jpg 100w\" sizes=\"(max-width: 1000px) 100vw, 1000px\" \/><figcaption><strong>Did Harry Styles get a nose job<\/strong><\/figcaption><\/figure>\n\n\n\n<h3><span class=\"ez-toc-section\" id=\"Harry_Styles_et_la_rhinoplastie_pour_corriger_une_deviation_du_nez\"><\/span>Harry Styles et la rhinoplastie pour corriger une d\u00e9viation du nez<span class=\"ez-toc-section-end\"><\/span><\/h3>\n\n\n\n<p>Au fil des ann\u00e9es, les fans et les m\u00e9dias ont observ\u00e9 des changements subtils dans l&rsquo;apparence d&rsquo;Harry Styles, en particulier au niveau de son nez. Les rumeurs ont commenc\u00e9 \u00e0 circuler selon lesquelles Styles aurait subi <strong><a href=\"https:\/\/www.univers-med.com\/rhinoplastie-tunisie.html\">une rhinoplastie<\/a><\/strong> pour corriger une <strong>d\u00e9viation de son nez<\/strong>.<\/p>\n\n\n\n<p>La d\u00e9viation du nez est une condition dans laquelle la cloison nasale, qui divise les cavit\u00e9s nasales, est d\u00e9plac\u00e9e ou courb\u00e9e, ce qui peut entra\u00eener des probl\u00e8mes respiratoires et esth\u00e9tiques. Si Harry Styles a effectivement subi une rhinoplastie pour corriger cette d\u00e9viation, il ne serait pas seul parmi les c\u00e9l\u00e9brit\u00e9s \u00e0 choisir cette proc\u00e9dure pour am\u00e9liorer \u00e0 la fois sa respiration et son apparence.<\/p>\n\n\n\n<h3><span class=\"ez-toc-section\" id=\"Raisons_possibles_derriere_la_decision_dHarry\"><\/span>Raisons possibles derri\u00e8re la d\u00e9cision d&rsquo;Harry <span class=\"ez-toc-section-end\"><\/span><\/h3>\n\n\n\n<ul><li><strong>Am\u00e9lioration de la respiration<\/strong> : Si les rumeurs sont vraies, l&rsquo;une des principales raisons derri\u00e8re la rhinoplastie d&rsquo;Harry Styles pourrait \u00eatre l&rsquo;am\u00e9lioration de sa respiration. Une d\u00e9viation du nez peut entra\u00eener des difficult\u00e9s respiratoires, et la chirurgie peut aider \u00e0 corriger ce probl\u00e8me, ce qui serait particuli\u00e8rement important pour un chanteur qui d\u00e9pend de ses capacit\u00e9s vocales.<\/li><li><strong>Am\u00e9lioration de l&rsquo;esth\u00e9tique<\/strong> : Outre les consid\u00e9rations fonctionnelles, l&rsquo;esth\u00e9tique joue \u00e9galement un r\u00f4le crucial dans les d\u00e9cisions de chirurgie esth\u00e9tique. Si Harry Styles avait des pr\u00e9occupations concernant l&rsquo;apparence de son nez en raison de la d\u00e9viation, il aurait pu choisir la rhinoplastie pour am\u00e9liorer l&rsquo;harmonie de ses traits faciaux.<\/li><\/ul>\n\n\n\n<p>Il est important de noter que, jusqu&rsquo;\u00e0 pr\u00e9sent, Harry Styles n&rsquo;a pas confirm\u00e9 publiquement s&rsquo;il a subi une rhinoplastie pour corriger une d\u00e9viation de son nez. Les sp\u00e9culations concernant la <strong><a href=\"https:\/\/www.univers-med.com\/blog\/ou-faire-chirurgie-esthetique-celebrites-qui-se-sont-fait-operer-en-tunisie\/\">chirurgie esth\u00e9tique des c\u00e9l\u00e9brit\u00e9s<\/a><\/strong> sont courantes, mais il est crucial de respecter la vie priv\u00e9e et les choix personnels de chacun.<\/p>\n\n\n\n<p>La rhinoplastie est une proc\u00e9dure courante et polyvalente, utilis\u00e9e \u00e0 la fois pour des raisons esth\u00e9tiques et m\u00e9dicales. Si Harry Styles a effectivement choisi cette proc\u00e9dure, cela d\u00e9montre la fa\u00e7on dont la chirurgie esth\u00e9tique peut jouer un r\u00f4le positif dans l&rsquo;am\u00e9lioration de la confiance en soi et de la qualit\u00e9 de vie d&rsquo;une personne. Quoi qu&rsquo;il en soit, la carri\u00e8re musicale de Styles et son influence sur la sc\u00e8ne pop mondiale restent ind\u00e9niables, et sa contribution artistique continue de captiver ses fans \u00e0 travers le monde.<\/p>\n","protected":false},"excerpt":{"rendered":"<p>La chirurgie esth\u00e9tique est devenue une option courante pour de nombreuses personnalit\u00e9s publiques cherchant \u00e0 am\u00e9liorer leur apparence physique. Parmi ces c\u00e9l\u00e9brit\u00e9s figure Harry Styles, le c\u00e9l\u00e8bre chanteur et membre du groupe One Direction. R\u00e9cemment, des sp\u00e9culations ont \u00e9merg\u00e9 concernant une possible rhinoplastie subie par Styles pour corriger une d\u00e9viation de son nez. Dans cet [&hellip;]<\/p>\n","protected":false},"author":1,"featured_media":7978,"comment_status":"closed","ping_status":"closed","sticky":false,"template":"","format":"standard","meta":[],"categories":[1105],"tags":[],"yoast_head":"<!-- This site is optimized with the Yoast SEO plugin v20.6 - https:\/\/yoast.com\/wordpress\/plugins\/seo\/ -->\n<title>harry styles rhinoplastie : avant chirurgie et apres<\/title>\n<meta name=\"description\" content=\"Harry Styles avant apres : rhinoplastie pour corriger une d\u00e9viation du nez. Did Harry Styles get a Nose Job ? les c\u00e9l\u00e9brit\u00e9s de la musique avant et apr\u00e8s\" \/>\n<meta name=\"robots\" content=\"index, follow, max-snippet:-1, max-image-preview:large, max-video-preview:-1\" \/>\n<link rel=\"canonical\" href=\"https:\/\/www.univers-med.com\/blog\/harry-styles-rhinoplastie-pour-corriger-une-deviation-du-nez\/\" \/>\n<meta property=\"og:locale\" content=\"fr_FR\" \/>\n<meta property=\"og:type\" content=\"article\" \/>\n<meta property=\"og:title\" content=\"harry styles rhinoplastie : avant chirurgie et apres\" \/>\n<meta property=\"og:description\" content=\"Harry Styles avant apres : rhinoplastie pour corriger une d\u00e9viation du nez. Did Harry Styles get a Nose Job ? les c\u00e9l\u00e9brit\u00e9s de la musique avant et apr\u00e8s\" \/>\n<meta property=\"og:url\" content=\"https:\/\/www.univers-med.com\/blog\/harry-styles-rhinoplastie-pour-corriger-une-deviation-du-nez\/\" \/>\n<meta property=\"og:site_name\" content=\"Blog Univers-med\" \/>\n<meta property=\"article:published_time\" content=\"2023-08-11T23:12:00+00:00\" \/>\n<meta property=\"article:modified_time\" content=\"2023-08-07T19:53:02+00:00\" \/>\n<meta property=\"og:image\" content=\"https:\/\/www.univers-med.com\/blog\/wp-content\/uploads\/2023\/08\/harry-styles-rhinoplastie.jpg\" \/>\n\t<meta property=\"og:image:width\" content=\"1050\" \/>\n\t<meta property=\"og:image:height\" content=\"700\" \/>\n\t<meta property=\"og:image:type\" content=\"image\/jpeg\" \/>\n<meta name=\"author\" content=\"blog-univers-med\" \/>\n<meta name=\"twitter:card\" content=\"summary_large_image\" \/>\n<meta name=\"twitter:creator\" content=\"@MeduniversTn\" \/>\n<meta name=\"twitter:site\" content=\"@MeduniversTn\" \/>\n<script type=\"application\/ld+json\" class=\"yoast-schema-graph\">{\"@context\":\"https:\/\/schema.org\",\"@graph\":[{\"@type\":\"Article\",\"@id\":\"https:\/\/www.univers-med.com\/blog\/harry-styles-rhinoplastie-pour-corriger-une-deviation-du-nez\/#article\",\"isPartOf\":{\"@id\":\"https:\/\/www.univers-med.com\/blog\/harry-styles-rhinoplastie-pour-corriger-une-deviation-du-nez\/\"},\"author\":{\"name\":\"blog-univers-med\",\"@id\":\"https:\/\/www.univers-med.com\/blog\/#\/schema\/person\/a4d4b2b10c240db88faecbdd5f1175cf\"},\"headline\":\"Harry Styles : Rhinoplastie pour corriger une d\u00e9viation du nez\",\"datePublished\":\"2023-08-11T23:12:00+00:00\",\"dateModified\":\"2023-08-07T19:53:02+00:00\",\"mainEntityOfPage\":{\"@id\":\"https:\/\/www.univers-med.com\/blog\/harry-styles-rhinoplastie-pour-corriger-une-deviation-du-nez\/\"},\"wordCount\":973,\"publisher\":{\"@id\":\"https:\/\/www.univers-med.com\/blog\/#\/schema\/person\/a4d4b2b10c240db88faecbdd5f1175cf\"},\"articleSection\":[\"Beaut\u00e9 des stars\"],\"inLanguage\":\"fr-FR\"},{\"@type\":\"WebPage\",\"@id\":\"https:\/\/www.univers-med.com\/blog\/harry-styles-rhinoplastie-pour-corriger-une-deviation-du-nez\/\",\"url\":\"https:\/\/www.univers-med.com\/blog\/harry-styles-rhinoplastie-pour-corriger-une-deviation-du-nez\/\",\"name\":\"harry styles rhinoplastie : avant chirurgie et apres\",\"isPartOf\":{\"@id\":\"https:\/\/www.univers-med.com\/blog\/#website\"},\"datePublished\":\"2023-08-11T23:12:00+00:00\",\"dateModified\":\"2023-08-07T19:53:02+00:00\",\"description\":\"Harry Styles avant apres : rhinoplastie pour corriger une d\u00e9viation du nez. Did Harry Styles get a Nose Job ? les c\u00e9l\u00e9brit\u00e9s de la musique avant et apr\u00e8s\",\"breadcrumb\":{\"@id\":\"https:\/\/www.univers-med.com\/blog\/harry-styles-rhinoplastie-pour-corriger-une-deviation-du-nez\/#breadcrumb\"},\"inLanguage\":\"fr-FR\",\"potentialAction\":[{\"@type\":\"ReadAction\",\"target\":[\"https:\/\/www.univers-med.com\/blog\/harry-styles-rhinoplastie-pour-corriger-une-deviation-du-nez\/\"]}]},{\"@type\":\"BreadcrumbList\",\"@id\":\"https:\/\/www.univers-med.com\/blog\/harry-styles-rhinoplastie-pour-corriger-une-deviation-du-nez\/#breadcrumb\",\"itemListElement\":[{\"@type\":\"ListItem\",\"position\":1,\"name\":\"Accueil\",\"item\":\"https:\/\/www.univers-med.com\/blog\/\"},{\"@type\":\"ListItem\",\"position\":2,\"name\":\"Harry Styles : Rhinoplastie pour corriger une d\u00e9viation du nez\"}]},{\"@type\":\"WebSite\",\"@id\":\"https:\/\/www.univers-med.com\/blog\/#website\",\"url\":\"https:\/\/www.univers-med.com\/blog\/\",\"name\":\"Blog Univers-med\",\"description\":\"Blog Univers-med\",\"publisher\":{\"@id\":\"https:\/\/www.univers-med.com\/blog\/#\/schema\/person\/a4d4b2b10c240db88faecbdd5f1175cf\"},\"alternateName\":\"chirurgie esth\u00e9tique Tunisie\",\"potentialAction\":[{\"@type\":\"SearchAction\",\"target\":{\"@type\":\"EntryPoint\",\"urlTemplate\":\"https:\/\/www.univers-med.com\/blog\/?s={search_term_string}\"},\"query-input\":\"required name=search_term_string\"}],\"inLanguage\":\"fr-FR\"},{\"@type\":[\"Person\",\"Organization\"],\"@id\":\"https:\/\/www.univers-med.com\/blog\/#\/schema\/person\/a4d4b2b10c240db88faecbdd5f1175cf\",\"name\":\"blog-univers-med\",\"image\":{\"@type\":\"ImageObject\",\"inLanguage\":\"fr-FR\",\"@id\":\"https:\/\/www.univers-med.com\/blog\/#\/schema\/person\/image\/\",\"url\":\"https:\/\/www.univers-med.com\/blog\/wp-content\/uploads\/2020\/10\/cropped-logo-1.png\",\"contentUrl\":\"https:\/\/www.univers-med.com\/blog\/wp-content\/uploads\/2020\/10\/cropped-logo-1.png\",\"width\":512,\"height\":512,\"caption\":\"blog-univers-med\"},\"logo\":{\"@id\":\"https:\/\/www.univers-med.com\/blog\/#\/schema\/person\/image\/\"},\"sameAs\":[\"https:\/\/www.instagram.com\/univers_med_officiel\/\"],\"url\":\"https:\/\/www.univers-med.com\/blog\/author\/blog-univers-med\/\"}]}<\/script>\n<!-- \/ Yoast SEO plugin. -->","yoast_head_json":{"title":"harry styles rhinoplastie : avant chirurgie et apres","description":"Harry Styles avant apres : rhinoplastie pour corriger une d\u00e9viation du nez. Did Harry Styles get a Nose Job ? les c\u00e9l\u00e9brit\u00e9s de la musique avant et apr\u00e8s","robots":{"index":"index","follow":"follow","max-snippet":"max-snippet:-1","max-image-preview":"max-image-preview:large","max-video-preview":"max-video-preview:-1"},"canonical":"https:\/\/www.univers-med.com\/blog\/harry-styles-rhinoplastie-pour-corriger-une-deviation-du-nez\/","og_locale":"fr_FR","og_type":"article","og_title":"harry styles rhinoplastie : avant chirurgie et apres","og_description":"Harry Styles avant apres : rhinoplastie pour corriger une d\u00e9viation du nez. Did Harry Styles get a Nose Job ? les c\u00e9l\u00e9brit\u00e9s de la musique avant et apr\u00e8s","og_url":"https:\/\/www.univers-med.com\/blog\/harry-styles-rhinoplastie-pour-corriger-une-deviation-du-nez\/","og_site_name":"Blog Univers-med","article_published_time":"2023-08-11T23:12:00+00:00","article_modified_time":"2023-08-07T19:53:02+00:00","og_image":[{"width":1050,"height":700,"url":"https:\/\/www.univers-med.com\/blog\/wp-content\/uploads\/2023\/08\/harry-styles-rhinoplastie.jpg","type":"image\/jpeg"}],"author":"blog-univers-med","twitter_card":"summary_large_image","twitter_creator":"@MeduniversTn","twitter_site":"@MeduniversTn","schema":{"@context":"https:\/\/schema.org","@graph":[{"@type":"Article","@id":"https:\/\/www.univers-med.com\/blog\/harry-styles-rhinoplastie-pour-corriger-une-deviation-du-nez\/#article","isPartOf":{"@id":"https:\/\/www.univers-med.com\/blog\/harry-styles-rhinoplastie-pour-corriger-une-deviation-du-nez\/"},"author":{"name":"blog-univers-med","@id":"https:\/\/www.univers-med.com\/blog\/#\/schema\/person\/a4d4b2b10c240db88faecbdd5f1175cf"},"headline":"Harry Styles : Rhinoplastie pour corriger une d\u00e9viation du nez","datePublished":"2023-08-11T23:12:00+00:00","dateModified":"2023-08-07T19:53:02+00:00","mainEntityOfPage":{"@id":"https:\/\/www.univers-med.com\/blog\/harry-styles-rhinoplastie-pour-corriger-une-deviation-du-nez\/"},"wordCount":973,"publisher":{"@id":"https:\/\/www.univers-med.com\/blog\/#\/schema\/person\/a4d4b2b10c240db88faecbdd5f1175cf"},"articleSection":["Beaut\u00e9 des stars"],"inLanguage":"fr-FR"},{"@type":"WebPage","@id":"https:\/\/www.univers-med.com\/blog\/harry-styles-rhinoplastie-pour-corriger-une-deviation-du-nez\/","url":"https:\/\/www.univers-med.com\/blog\/harry-styles-rhinoplastie-pour-corriger-une-deviation-du-nez\/","name":"harry styles rhinoplastie : avant chirurgie et apres","isPartOf":{"@id":"https:\/\/www.univers-med.com\/blog\/#website"},"datePublished":"2023-08-11T23:12:00+00:00","dateModified":"2023-08-07T19:53:02+00:00","description":"Harry Styles avant apres : rhinoplastie pour corriger une d\u00e9viation du nez. Did Harry Styles get a Nose Job ? les c\u00e9l\u00e9brit\u00e9s de la musique avant et apr\u00e8s","breadcrumb":{"@id":"https:\/\/www.univers-med.com\/blog\/harry-styles-rhinoplastie-pour-corriger-une-deviation-du-nez\/#breadcrumb"},"inLanguage":"fr-FR","potentialAction":[{"@type":"ReadAction","target":["https:\/\/www.univers-med.com\/blog\/harry-styles-rhinoplastie-pour-corriger-une-deviation-du-nez\/"]}]},{"@type":"BreadcrumbList","@id":"https:\/\/www.univers-med.com\/blog\/harry-styles-rhinoplastie-pour-corriger-une-deviation-du-nez\/#breadcrumb","itemListElement":[{"@type":"ListItem","position":1,"name":"Accueil","item":"https:\/\/www.univers-med.com\/blog\/"},{"@type":"ListItem","position":2,"name":"Harry Styles : Rhinoplastie pour corriger une d\u00e9viation du nez"}]},{"@type":"WebSite","@id":"https:\/\/www.univers-med.com\/blog\/#website","url":"https:\/\/www.univers-med.com\/blog\/","name":"Blog Univers-med","description":"Blog Univers-med","publisher":{"@id":"https:\/\/www.univers-med.com\/blog\/#\/schema\/person\/a4d4b2b10c240db88faecbdd5f1175cf"},"alternateName":"chirurgie esth\u00e9tique Tunisie","potentialAction":[{"@type":"SearchAction","target":{"@type":"EntryPoint","urlTemplate":"https:\/\/www.univers-med.com\/blog\/?s={search_term_string}"},"query-input":"required name=search_term_string"}],"inLanguage":"fr-FR"},{"@type":["Person","Organization"],"@id":"https:\/\/www.univers-med.com\/blog\/#\/schema\/person\/a4d4b2b10c240db88faecbdd5f1175cf","name":"blog-univers-med","image":{"@type":"ImageObject","inLanguage":"fr-FR","@id":"https:\/\/www.univers-med.com\/blog\/#\/schema\/person\/image\/","url":"https:\/\/www.univers-med.com\/blog\/wp-content\/uploads\/2020\/10\/cropped-logo-1.png","contentUrl":"https:\/\/www.univers-med.com\/blog\/wp-content\/uploads\/2020\/10\/cropped-logo-1.png","width":512,"height":512,"caption":"blog-univers-med"},"logo":{"@id":"https:\/\/www.univers-med.com\/blog\/#\/schema\/person\/image\/"},"sameAs":["https:\/\/www.instagram.com\/univers_med_officiel\/"],"url":"https:\/\/www.univers-med.com\/blog\/author\/blog-univers-med\/"}]}},"_links":{"self":[{"href":"https:\/\/www.univers-med.com\/blog\/wp-json\/wp\/v2\/posts\/7976"}],"collection":[{"href":"https:\/\/www.univers-med.com\/blog\/wp-json\/wp\/v2\/posts"}],"about":[{"href":"https:\/\/www.univers-med.com\/blog\/wp-json\/wp\/v2\/types\/post"}],"author":[{"embeddable":true,"href":"https:\/\/www.univers-med.com\/blog\/wp-json\/wp\/v2\/users\/1"}],"replies":[{"embeddable":true,"href":"https:\/\/www.univers-med.com\/blog\/wp-json\/wp\/v2\/comments?post=7976"}],"version-history":[{"count":4,"href":"https:\/\/www.univers-med.com\/blog\/wp-json\/wp\/v2\/posts\/7976\/revisions"}],"predecessor-version":[{"id":7985,"href":"https:\/\/www.univers-med.com\/blog\/wp-json\/wp\/v2\/posts\/7976\/revisions\/7985"}],"wp:featuredmedia":[{"embeddable":true,"href":"https:\/\/www.univers-med.com\/blog\/wp-json\/wp\/v2\/media\/7978"}],"wp:attachment":[{"href":"https:\/\/www.univers-med.com\/blog\/wp-json\/wp\/v2\/media?parent=7976"}],"wp:term":[{"taxonomy":"category","embeddable":true,"href":"https:\/\/www.univers-med.com\/blog\/wp-json\/wp\/v2\/categories?post=7976"},{"taxonomy":"post_tag","embeddable":true,"href":"https:\/\/www.univers-med.com\/blog\/wp-json\/wp\/v2\/tags?post=7976"}],"curies":[{"name":"wp","href":"https:\/\/api.w.org\/{rel}","templated":true}]}}