{"id":7862,"date":"2023-07-26T15:20:00","date_gmt":"2023-07-26T13:20:00","guid":{"rendered":"https:\/\/www.univers-med.com\/blog\/?p=7862"},"modified":"2023-07-26T18:32:08","modified_gmt":"2023-07-26T16:32:08","slug":"elodie-frege-et-la-chirurgie-esthetique-je-prefere-avoir-des-rides","status":"publish","type":"post","link":"https:\/\/www.univers-med.com\/blog\/elodie-frege-et-la-chirurgie-esthetique-je-prefere-avoir-des-rides\/","title":{"rendered":"\u00c9lodie Fr\u00e9g\u00e9&nbsp;et la&nbsp;chirurgie esth\u00e9tique"},"content":{"rendered":"\n<p>La <strong><a href=\"https:\/\/www.univers-med.com\/blog\/\">chirurgie esth\u00e9tique<\/a><\/strong> est un sujet qui suscite souvent beaucoup d&rsquo;int\u00e9r\u00eat et de d\u00e9bat, surtout lorsqu&rsquo;il s&rsquo;agit de <strong>personnalit\u00e9s publiques<\/strong>. Parmi elles, <strong>Elodie Fr\u00e9g\u00e9<\/strong>, <strong>chanteuse<\/strong> et <strong>com\u00e9dienne fran\u00e7aise<\/strong>, n&rsquo;a pas \u00e9chapp\u00e9 aux rumeurs et aux sp\u00e9culations concernant d&rsquo;\u00e9ventuelles interventions esth\u00e9tiques. Cependant, Elodie Fr\u00e9g\u00e9 a toujours \u00e9t\u00e9 tr\u00e8s franche sur sa vision de la <strong>beaut\u00e9 et de la chirurgie esth\u00e9tique<\/strong>. Dans cet article, nous explorerons le point de vue d&rsquo;Elodie Fr\u00e9g\u00e9 sur la chirurgie esth\u00e9tique et ses choix personnels concernant son apparence.<\/p>\n\n\n\n<figure class=\"wp-block-image size-full\"><img loading=\"lazy\" width=\"1000\" height=\"600\" src=\"https:\/\/www.univers-med.com\/blog\/wp-content\/uploads\/2023\/07\/elodie-frege.jpg\" alt=\"\u00e9lodie fr\u00e9g\u00e9\" class=\"wp-image-7868\" srcset=\"https:\/\/www.univers-med.com\/blog\/wp-content\/uploads\/2023\/07\/elodie-frege.jpg 1000w, https:\/\/www.univers-med.com\/blog\/wp-content\/uploads\/2023\/07\/elodie-frege-300x180.jpg 300w, https:\/\/www.univers-med.com\/blog\/wp-content\/uploads\/2023\/07\/elodie-frege-768x461.jpg 768w, https:\/\/www.univers-med.com\/blog\/wp-content\/uploads\/2023\/07\/elodie-frege-100x60.jpg 100w\" sizes=\"(max-width: 1000px) 100vw, 1000px\" \/><\/figure>\n\n\n\n<div id=\"ez-toc-container\" class=\"ez-toc-v2_0_72 counter-hierarchy ez-toc-counter ez-toc-grey ez-toc-container-direction\">\n<div class=\"ez-toc-title-container\">\n<p class=\"ez-toc-title\" style=\"cursor:inherit\">Table of Contents<\/p>\n<span class=\"ez-toc-title-toggle\"><a href=\"#\" class=\"ez-toc-pull-right ez-toc-btn ez-toc-btn-xs ez-toc-btn-default ez-toc-toggle\" aria-label=\"Toggle Table of Content\"><span class=\"ez-toc-js-icon-con\"><span class=\"\"><span class=\"eztoc-hide\" style=\"display:none;\">Toggle<\/span><span class=\"ez-toc-icon-toggle-span\"><svg style=\"fill: #999;color:#999\" xmlns=\"http:\/\/www.w3.org\/2000\/svg\" class=\"list-377408\" width=\"20px\" height=\"20px\" viewBox=\"0 0 24 24\" fill=\"none\"><path d=\"M6 6H4v2h2V6zm14 0H8v2h12V6zM4 11h2v2H4v-2zm16 0H8v2h12v-2zM4 16h2v2H4v-2zm16 0H8v2h12v-2z\" fill=\"currentColor\"><\/path><\/svg><svg style=\"fill: #999;color:#999\" class=\"arrow-unsorted-368013\" xmlns=\"http:\/\/www.w3.org\/2000\/svg\" width=\"10px\" height=\"10px\" viewBox=\"0 0 24 24\" version=\"1.2\" baseProfile=\"tiny\"><path d=\"M18.2 9.3l-6.2-6.3-6.2 6.3c-.2.2-.3.4-.3.7s.1.5.3.7c.2.2.4.3.7.3h11c.3 0 .5-.1.7-.3.2-.2.3-.5.3-.7s-.1-.5-.3-.7zM5.8 14.7l6.2 6.3 6.2-6.3c.2-.2.3-.5.3-.7s-.1-.5-.3-.7c-.2-.2-.4-.3-.7-.3h-11c-.3 0-.5.1-.7.3-.2.2-.3.5-.3.7s.1.5.3.7z\"\/><\/svg><\/span><\/span><\/span><\/a><\/span><\/div>\n<nav><ul class='ez-toc-list ez-toc-list-level-1 ' ><li class='ez-toc-page-1 ez-toc-heading-level-2'><a class=\"ez-toc-link ez-toc-heading-1\" href=\"https:\/\/www.univers-med.com\/blog\/elodie-frege-et-la-chirurgie-esthetique-je-prefere-avoir-des-rides\/#Qui_est_Elodie_Frege\" title=\"Qui est Elodie Fr\u00e9g\u00e9 ?\">Qui est Elodie Fr\u00e9g\u00e9 ?<\/a><ul class='ez-toc-list-level-3' ><li class='ez-toc-heading-level-3'><a class=\"ez-toc-link ez-toc-heading-2\" href=\"https:\/\/www.univers-med.com\/blog\/elodie-frege-et-la-chirurgie-esthetique-je-prefere-avoir-des-rides\/#Elodie_Frege_est_contre_la_chirurgie_esthetique_belle_avec_les_rides\" title=\"Elodie Fr\u00e9g\u00e9 est contre la chirurgie esth\u00e9tique : belle avec les rides\">Elodie Fr\u00e9g\u00e9 est contre la chirurgie esth\u00e9tique : belle avec les rides<\/a><\/li><li class='ez-toc-page-1 ez-toc-heading-level-3'><a class=\"ez-toc-link ez-toc-heading-3\" href=\"https:\/\/www.univers-med.com\/blog\/elodie-frege-et-la-chirurgie-esthetique-je-prefere-avoir-des-rides\/#Pour_elle_laddiction_est_dangereuse\" title=\"Pour elle l\u2019addiction est dangereuse\">Pour elle l\u2019addiction est dangereuse<\/a><\/li><li class='ez-toc-page-1 ez-toc-heading-level-3'><a class=\"ez-toc-link ez-toc-heading-4\" href=\"https:\/\/www.univers-med.com\/blog\/elodie-frege-et-la-chirurgie-esthetique-je-prefere-avoir-des-rides\/#Elodie_Frege_na_fait_quun_changement_capillaire\" title=\"\u00c9lodie Fr\u00e9g\u00e9 n\u2019a fait qu\u2019un changement capillaire\">\u00c9lodie Fr\u00e9g\u00e9 n\u2019a fait qu\u2019un changement capillaire<\/a><\/li><\/ul><\/li><\/ul><\/nav><\/div>\n<h2><span class=\"ez-toc-section\" id=\"Qui_est_Elodie_Frege\"><\/span>Qui est Elodie Fr\u00e9g\u00e9 ?<span class=\"ez-toc-section-end\"><\/span><\/h2>\n\n\n\n<p>Elodie Fr\u00e9g\u00e9 est une artiste fran\u00e7aise n\u00e9e le 15 f\u00e9vrier 1982 \u00e0 Cosne-Cours-sur-Loire. Elle a \u00e9t\u00e9 r\u00e9v\u00e9l\u00e9e au grand public en 2003 lorsqu&rsquo;elle a remport\u00e9 la saison 3 de l&rsquo;\u00e9mission de t\u00e9l\u00e9-r\u00e9alit\u00e9 musicale \u00ab\u00a0<strong>Star Academy<\/strong>\u00ab\u00a0. Sa voix suave et sa personnalit\u00e9 charmante lui ont rapidement valu une place dans le c\u0153ur des fans de musique en France.<\/p>\n\n\n\n<p>Outre sa carri\u00e8re de chanteuse, Elodie Fr\u00e9g\u00e9 s&rsquo;est \u00e9galement essay\u00e9e \u00e0 la com\u00e9die en jouant dans plusieurs films et pi\u00e8ces de th\u00e9\u00e2tre. Elle est reconnue pour son \u00e9l\u00e9gance, son style unique et son charme naturel, ce qui en fait l&rsquo;une des personnalit\u00e9s fran\u00e7aises les plus appr\u00e9ci\u00e9es.<\/p>\n\n\n\n<h3><span class=\"ez-toc-section\" id=\"Elodie_Frege_est_contre_la_chirurgie_esthetique_belle_avec_les_rides\"><\/span>Elodie Fr\u00e9g\u00e9 est contre la chirurgie esth\u00e9tique : belle avec les rides<span class=\"ez-toc-section-end\"><\/span><\/h3>\n\n\n\n<figure class=\"wp-block-image size-full\"><img loading=\"lazy\" width=\"1000\" height=\"600\" src=\"https:\/\/www.univers-med.com\/blog\/wp-content\/uploads\/2023\/07\/elodie-frege-cheveux.jpg\" alt=\"elodie frege cheveux\" class=\"wp-image-7871\" srcset=\"https:\/\/www.univers-med.com\/blog\/wp-content\/uploads\/2023\/07\/elodie-frege-cheveux.jpg 1000w, https:\/\/www.univers-med.com\/blog\/wp-content\/uploads\/2023\/07\/elodie-frege-cheveux-300x180.jpg 300w, https:\/\/www.univers-med.com\/blog\/wp-content\/uploads\/2023\/07\/elodie-frege-cheveux-768x461.jpg 768w, https:\/\/www.univers-med.com\/blog\/wp-content\/uploads\/2023\/07\/elodie-frege-cheveux-100x60.jpg 100w\" sizes=\"(max-width: 1000px) 100vw, 1000px\" \/><\/figure>\n\n\n\n<p>Elodie Fr\u00e9g\u00e9 se distingue par son attitude r\u00e9solument <strong>anti-chirurgie esth\u00e9tique<\/strong>. Contrairement \u00e0 de nombreuses c\u00e9l\u00e9brit\u00e9s, elle affirme haut et fort son refus des <strong><a href=\"https:\/\/www.univers-med.com\/traitement-du-vieillissement.html\">traitements anti-\u00e2ge invasifs<\/a><\/strong> et pr\u00e9f\u00e8re accepter les signes du temps sur son visage, y compris les rides. <strong>Pour elle,<\/strong> les <strong>marques du vieillissement<\/strong> ne sont pas des <strong>imperfections \u00e0 corriger<\/strong>, mais plut\u00f4t des t\u00e9moins de son v\u00e9cu et de son histoire personnelle.<\/p>\n\n\n\n<p>Cette prise de position audacieuse refl\u00e8te une profonde philosophie sur la beaut\u00e9 et l&rsquo;acceptation de soi. Elodie Fr\u00e9g\u00e9 estime que la qu\u00eate de la <strong>jeunesse \u00e9ternelle<\/strong> ne devrait pas \u00eatre une priorit\u00e9, car la vraie beaut\u00e9 r\u00e9side dans <strong>l&rsquo;authenticit\u00e9 et la confiance en soi<\/strong>. Elle incite ainsi ses fans \u00e0 s&rsquo;aimer tels qu&rsquo;ils sont, avec leurs rides et leurs particularit\u00e9s, car c&rsquo;est l\u00e0 que r\u00e9side la v\u00e9ritable beaut\u00e9.<\/p>\n\n\n\n<p>En pr\u00f4nant l&rsquo;acceptation de son corps et de son visage vieillissant, Elodie Fr\u00e9g\u00e9 encourage chacun \u00e0 embrasser le processus naturel du vieillissement plut\u00f4t que de chercher \u00e0 le camoufler ou \u00e0 l&rsquo;effacer. Sa position d\u00e9note une certaine maturit\u00e9 et une r\u00e9flexion approfondie sur la soci\u00e9t\u00e9 actuelle, o\u00f9 la pression pour para\u00eetre jeune et sans d\u00e9fauts est omnipr\u00e9sente.<\/p>\n\n\n\n<p>En restant fid\u00e8le \u00e0 elle-m\u00eame et \u00e0 ses convictions, Elodie Fr\u00e9g\u00e9 envoie un message fort : la beaut\u00e9 est multiple, elle prend des formes vari\u00e9es et ne se limite pas \u00e0 une apparence fig\u00e9e dans le temps. Sa d\u00e9termination \u00e0 rester authentique face \u00e0 l&rsquo;engouement pour la chirurgie esth\u00e9tique fait d&rsquo;elle une voix inspirante pour ceux qui cherchent \u00e0 s&rsquo;accepter et \u00e0 s&rsquo;\u00e9panouir dans leur propre beaut\u00e9, quel que soit leur \u00e2ge.<\/p>\n\n\n\n<h3><span class=\"ez-toc-section\" id=\"Pour_elle_laddiction_est_dangereuse\"><\/span>Pour elle l\u2019addiction est dangereuse<span class=\"ez-toc-section-end\"><\/span><\/h3>\n\n\n\n<p>Elodie Fr\u00e9g\u00e9 exprime clairement sa m\u00e9fiance envers <strong>l&rsquo;addiction \u00e0 la chirurgie esth\u00e9tique<\/strong>. Pour elle, le fait de succomber \u00e0 des traitements r\u00e9p\u00e9t\u00e9s et excessifs peut s&rsquo;av\u00e9rer dangereux tant sur le plan physique que psychologique. Elle met en garde contre les risques d&rsquo;une qu\u00eate insatiable de la perfection esth\u00e9tique, qui peut entra\u00eener des cons\u00e9quences n\u00e9fastes pour la sant\u00e9 et le <strong>bien-\u00eatre \u00e9motionnel<\/strong>.<\/p>\n\n\n\n<p>L&rsquo;addiction \u00e0 la chirurgie esth\u00e9tique peut conduire \u00e0 un cercle vicieux o\u00f9 la personne ne parvient jamais \u00e0 se satisfaire de son apparence, cherchant sans cesse \u00e0 atteindre des crit\u00e8res irr\u00e9alistes de beaut\u00e9. Cela peut provoquer un sentiment d&rsquo;insatisfaction permanente et d&rsquo;angoisse face \u00e0 l&rsquo;id\u00e9e de vieillir ou de ne pas correspondre \u00e0 des normes esth\u00e9tiques pr\u00e9\u00e9tablies.<\/p>\n\n\n\n<p>Elodie Fr\u00e9g\u00e9 met \u00e9galement en avant les risques physiques li\u00e9s aux interventions chirurgicales r\u00e9p\u00e9t\u00e9es. Chaque acte m\u00e9dical comporte son lot de complications potentielles, et subir plusieurs chirurgies esth\u00e9tiques peut augmenter les risques de complications post-op\u00e9ratoires, d&rsquo;infections ou encore de probl\u00e8mes de cicatrisation.<\/p>\n\n\n\n<p>La chanteuse et actrice souligne l&rsquo;importance de pr\u00e9server sa sant\u00e9 et son bien-\u00eatre psychologique en \u00e9vitant une d\u00e9pendance excessive \u00e0 la chirurgie esth\u00e9tique. Elle encourage \u00e0 trouver l&rsquo;\u00e9quilibre entre l&rsquo;acceptation de soi et le d\u00e9sir de se sentir bien dans sa peau, sans tomber dans une qu\u00eate obsessionnelle de la perfection physique.<\/p>\n\n\n\n<p>Elodie Fr\u00e9g\u00e9 incite ainsi chacun \u00e0 consid\u00e9rer la chirurgie esth\u00e9tique avec prudence et discernement, en se posant les bonnes questions sur les motivations r\u00e9elles derri\u00e8re ces choix. Pour elle, il est essentiel de rester en accord avec soi-m\u00eame, de se respecter et de cultiver la confiance en sa beaut\u00e9 naturelle, sans se laisser emporter par une qu\u00eate inatteignable de perfection.<\/p>\n\n\n\n<h3><span class=\"ez-toc-section\" id=\"Elodie_Frege_na_fait_quun_changement_capillaire\"><\/span>\u00c9lodie Fr\u00e9g\u00e9 n\u2019a fait qu\u2019un changement capillaire<span class=\"ez-toc-section-end\"><\/span><\/h3>\n\n\n\n<p>\u00c9lodie Fr\u00e9g\u00e9 est connue pour sa be<strong>aut\u00e9 naturelle<\/strong> et son style singulier. Bien qu&rsquo;elle ait exprim\u00e9 son d\u00e9sint\u00e9r\u00eat pour la chirurgie esth\u00e9tique, la chanteuse et actrice a opt\u00e9 pour un <strong>changement capillaire marquant<\/strong> au cours de sa carri\u00e8re. En effet, elle a pris la d\u00e9cision de passer d&rsquo;une chevelure blonde \u00e0 une chevelure rousse.<\/p>\n\n\n\n<figure class=\"wp-block-image size-full\"><img loading=\"lazy\" width=\"1000\" height=\"600\" src=\"https:\/\/www.univers-med.com\/blog\/wp-content\/uploads\/2023\/07\/elodie-frege-jeune.jpg\" alt=\"\u00e9lodie fr\u00e9g\u00e9 jeune\" class=\"wp-image-7874\" srcset=\"https:\/\/www.univers-med.com\/blog\/wp-content\/uploads\/2023\/07\/elodie-frege-jeune.jpg 1000w, https:\/\/www.univers-med.com\/blog\/wp-content\/uploads\/2023\/07\/elodie-frege-jeune-300x180.jpg 300w, https:\/\/www.univers-med.com\/blog\/wp-content\/uploads\/2023\/07\/elodie-frege-jeune-768x461.jpg 768w, https:\/\/www.univers-med.com\/blog\/wp-content\/uploads\/2023\/07\/elodie-frege-jeune-100x60.jpg 100w\" sizes=\"(max-width: 1000px) 100vw, 1000px\" \/><\/figure>\n\n\n\n<p>Ce <strong>changement capillaire<\/strong> a suscit\u00e9 l&rsquo;admiration de ses fans et de la presse, car il a permis \u00e0 \u00c9lodie Fr\u00e9g\u00e9 de se r\u00e9inventer tout en restant fid\u00e8le \u00e0 elle-m\u00eame. Le passage du blond au roux a ajout\u00e9 une touche d&rsquo;audace \u00e0 son apparence et lui a donn\u00e9 un charme suppl\u00e9mentaire.<\/p>\n\n\n\n<p>Le choix de changer de couleur de cheveux peut avoir un impact significatif sur l&rsquo;image d&rsquo;une personnalit\u00e9 publique, mais \u00c9lodie Fr\u00e9g\u00e9 a su porter ce changement avec \u00e9l\u00e9gance et assurance. Elle a d\u00e9montr\u00e9 que l&rsquo;expression de sa personnalit\u00e9 \u00e0 travers le style et l&rsquo;apparence est une d\u00e9marche artistique et personnelle qui n&rsquo;implique pas n\u00e9cessairement de recourir \u00e0 des <strong><a href=\"https:\/\/www.univers-med.com\/medecine-esthetique-tunisie.html\">proc\u00e9dures esth\u00e9tiques invasives<\/a><\/strong>.<\/p>\n\n\n\n<p>En optant pour une transformation capillaire, \u00c9lodie Fr\u00e9g\u00e9 montre qu&rsquo;il est possible de se renouveler sans avoir recours \u00e0 la chirurgie esth\u00e9tique. Son choix met en avant l&rsquo;importance de la cr\u00e9ativit\u00e9 et de l&rsquo;authenticit\u00e9 dans la mani\u00e8re dont chacun exprime sa beaut\u00e9 et sa personnalit\u00e9. Cela renforce \u00e9galement son positionnement en tant que figure publique qui valorise l&rsquo;acceptation de soi et la <strong>diversit\u00e9 des styles et des apparences<\/strong>.<\/p>\n\n\n\n<p>Elodie Fr\u00e9g\u00e9 est une artiste qui incarne la <strong>beaut\u00e9 intemporelle et l&rsquo;authenticit\u00e9<\/strong>. En exprimant sa pr\u00e9f\u00e9rence pour le naturel et en rejetant l&rsquo;obsession de la jeunesse \u00e9ternelle, elle se positionne comme un exemple positif pour ses fans et pour toute personne cherchant \u00e0 s&rsquo;accepter telle qu&rsquo;elle est. Sa confiance en elle-m\u00eame et sa vision unique de la beaut\u00e9 ont contribu\u00e9 \u00e0 la faire aimer et respecter en tant qu&rsquo;artiste et personnalit\u00e9 publique.<\/p>\n","protected":false},"excerpt":{"rendered":"<p>La chirurgie esth\u00e9tique est un sujet qui suscite souvent beaucoup d&rsquo;int\u00e9r\u00eat et de d\u00e9bat, surtout lorsqu&rsquo;il s&rsquo;agit de personnalit\u00e9s publiques. Parmi elles, Elodie Fr\u00e9g\u00e9, chanteuse et com\u00e9dienne fran\u00e7aise, n&rsquo;a pas \u00e9chapp\u00e9 aux rumeurs et aux sp\u00e9culations concernant d&rsquo;\u00e9ventuelles interventions esth\u00e9tiques. Cependant, Elodie Fr\u00e9g\u00e9 a toujours \u00e9t\u00e9 tr\u00e8s franche sur sa vision de la beaut\u00e9 et [&hellip;]<\/p>\n","protected":false},"author":1,"featured_media":7867,"comment_status":"closed","ping_status":"open","sticky":false,"template":"","format":"standard","meta":[],"categories":[1105],"tags":[],"yoast_head":"<!-- This site is optimized with the Yoast SEO plugin v20.6 - https:\/\/yoast.com\/wordpress\/plugins\/seo\/ -->\n<title>\u00c9lodie Fr\u00e9g\u00e9\u00a0jeune , adepte-elle la chirurgie esth\u00e9tique ?<\/title>\n<meta name=\"description\" content=\"\u00c9lodie Fr\u00e9g\u00e9\u00a0chirurgie esth\u00e9tique : jeune gagnante de Star Academy . Elle compte parmi les c\u00e9l\u00e9brit\u00e9s qui refusent de passer par la m\u00e9decine esth\u00e9tique.\" \/>\n<meta name=\"robots\" content=\"index, follow, max-snippet:-1, max-image-preview:large, max-video-preview:-1\" \/>\n<link rel=\"canonical\" href=\"https:\/\/www.univers-med.com\/blog\/elodie-frege-et-la-chirurgie-esthetique-je-prefere-avoir-des-rides\/\" \/>\n<meta property=\"og:locale\" content=\"fr_FR\" \/>\n<meta property=\"og:type\" content=\"article\" \/>\n<meta property=\"og:title\" content=\"\u00c9lodie Fr\u00e9g\u00e9\u00a0jeune , adepte-elle la chirurgie esth\u00e9tique ?\" \/>\n<meta property=\"og:description\" content=\"\u00c9lodie Fr\u00e9g\u00e9\u00a0chirurgie esth\u00e9tique : jeune gagnante de Star Academy . Elle compte parmi les c\u00e9l\u00e9brit\u00e9s qui refusent de passer par la m\u00e9decine esth\u00e9tique.\" \/>\n<meta property=\"og:url\" content=\"https:\/\/www.univers-med.com\/blog\/elodie-frege-et-la-chirurgie-esthetique-je-prefere-avoir-des-rides\/\" \/>\n<meta property=\"og:site_name\" content=\"Blog Univers-med\" \/>\n<meta property=\"article:published_time\" content=\"2023-07-26T13:20:00+00:00\" \/>\n<meta property=\"article:modified_time\" content=\"2023-07-26T16:32:08+00:00\" \/>\n<meta property=\"og:image\" content=\"https:\/\/www.univers-med.com\/blog\/wp-content\/uploads\/2023\/07\/elodie-frege-chirurgie.jpg\" \/>\n\t<meta property=\"og:image:width\" content=\"1050\" \/>\n\t<meta property=\"og:image:height\" content=\"700\" \/>\n\t<meta property=\"og:image:type\" content=\"image\/jpeg\" \/>\n<meta name=\"author\" content=\"blog-univers-med\" \/>\n<meta name=\"twitter:card\" content=\"summary_large_image\" \/>\n<meta name=\"twitter:creator\" content=\"@MeduniversTn\" \/>\n<meta name=\"twitter:site\" content=\"@MeduniversTn\" \/>\n<script type=\"application\/ld+json\" class=\"yoast-schema-graph\">{\"@context\":\"https:\/\/schema.org\",\"@graph\":[{\"@type\":\"Article\",\"@id\":\"https:\/\/www.univers-med.com\/blog\/elodie-frege-et-la-chirurgie-esthetique-je-prefere-avoir-des-rides\/#article\",\"isPartOf\":{\"@id\":\"https:\/\/www.univers-med.com\/blog\/elodie-frege-et-la-chirurgie-esthetique-je-prefere-avoir-des-rides\/\"},\"author\":{\"name\":\"blog-univers-med\",\"@id\":\"https:\/\/www.univers-med.com\/blog\/#\/schema\/person\/a4d4b2b10c240db88faecbdd5f1175cf\"},\"headline\":\"\u00c9lodie Fr\u00e9g\u00e9&nbsp;et la&nbsp;chirurgie esth\u00e9tique\",\"datePublished\":\"2023-07-26T13:20:00+00:00\",\"dateModified\":\"2023-07-26T16:32:08+00:00\",\"mainEntityOfPage\":{\"@id\":\"https:\/\/www.univers-med.com\/blog\/elodie-frege-et-la-chirurgie-esthetique-je-prefere-avoir-des-rides\/\"},\"wordCount\":1217,\"publisher\":{\"@id\":\"https:\/\/www.univers-med.com\/blog\/#\/schema\/person\/a4d4b2b10c240db88faecbdd5f1175cf\"},\"articleSection\":[\"Beaut\u00e9 des stars\"],\"inLanguage\":\"fr-FR\"},{\"@type\":\"WebPage\",\"@id\":\"https:\/\/www.univers-med.com\/blog\/elodie-frege-et-la-chirurgie-esthetique-je-prefere-avoir-des-rides\/\",\"url\":\"https:\/\/www.univers-med.com\/blog\/elodie-frege-et-la-chirurgie-esthetique-je-prefere-avoir-des-rides\/\",\"name\":\"\u00c9lodie Fr\u00e9g\u00e9\u00a0jeune , adepte-elle la chirurgie esth\u00e9tique ?\",\"isPartOf\":{\"@id\":\"https:\/\/www.univers-med.com\/blog\/#website\"},\"datePublished\":\"2023-07-26T13:20:00+00:00\",\"dateModified\":\"2023-07-26T16:32:08+00:00\",\"description\":\"\u00c9lodie Fr\u00e9g\u00e9\u00a0chirurgie esth\u00e9tique : jeune gagnante de Star Academy . Elle compte parmi les c\u00e9l\u00e9brit\u00e9s qui refusent de passer par la m\u00e9decine esth\u00e9tique.\",\"breadcrumb\":{\"@id\":\"https:\/\/www.univers-med.com\/blog\/elodie-frege-et-la-chirurgie-esthetique-je-prefere-avoir-des-rides\/#breadcrumb\"},\"inLanguage\":\"fr-FR\",\"potentialAction\":[{\"@type\":\"ReadAction\",\"target\":[\"https:\/\/www.univers-med.com\/blog\/elodie-frege-et-la-chirurgie-esthetique-je-prefere-avoir-des-rides\/\"]}]},{\"@type\":\"BreadcrumbList\",\"@id\":\"https:\/\/www.univers-med.com\/blog\/elodie-frege-et-la-chirurgie-esthetique-je-prefere-avoir-des-rides\/#breadcrumb\",\"itemListElement\":[{\"@type\":\"ListItem\",\"position\":1,\"name\":\"Accueil\",\"item\":\"https:\/\/www.univers-med.com\/blog\/\"},{\"@type\":\"ListItem\",\"position\":2,\"name\":\"\u00c9lodie Fr\u00e9g\u00e9&nbsp;et la&nbsp;chirurgie esth\u00e9tique\"}]},{\"@type\":\"WebSite\",\"@id\":\"https:\/\/www.univers-med.com\/blog\/#website\",\"url\":\"https:\/\/www.univers-med.com\/blog\/\",\"name\":\"Blog Univers-med\",\"description\":\"Blog Univers-med\",\"publisher\":{\"@id\":\"https:\/\/www.univers-med.com\/blog\/#\/schema\/person\/a4d4b2b10c240db88faecbdd5f1175cf\"},\"alternateName\":\"chirurgie esth\u00e9tique Tunisie\",\"potentialAction\":[{\"@type\":\"SearchAction\",\"target\":{\"@type\":\"EntryPoint\",\"urlTemplate\":\"https:\/\/www.univers-med.com\/blog\/?s={search_term_string}\"},\"query-input\":\"required name=search_term_string\"}],\"inLanguage\":\"fr-FR\"},{\"@type\":[\"Person\",\"Organization\"],\"@id\":\"https:\/\/www.univers-med.com\/blog\/#\/schema\/person\/a4d4b2b10c240db88faecbdd5f1175cf\",\"name\":\"blog-univers-med\",\"image\":{\"@type\":\"ImageObject\",\"inLanguage\":\"fr-FR\",\"@id\":\"https:\/\/www.univers-med.com\/blog\/#\/schema\/person\/image\/\",\"url\":\"https:\/\/www.univers-med.com\/blog\/wp-content\/uploads\/2020\/10\/cropped-logo-1.png\",\"contentUrl\":\"https:\/\/www.univers-med.com\/blog\/wp-content\/uploads\/2020\/10\/cropped-logo-1.png\",\"width\":512,\"height\":512,\"caption\":\"blog-univers-med\"},\"logo\":{\"@id\":\"https:\/\/www.univers-med.com\/blog\/#\/schema\/person\/image\/\"},\"sameAs\":[\"https:\/\/www.instagram.com\/univers_med_officiel\/\"],\"url\":\"https:\/\/www.univers-med.com\/blog\/author\/blog-univers-med\/\"}]}<\/script>\n<!-- \/ Yoast SEO plugin. -->","yoast_head_json":{"title":"\u00c9lodie Fr\u00e9g\u00e9\u00a0jeune , adepte-elle la chirurgie esth\u00e9tique ?","description":"\u00c9lodie Fr\u00e9g\u00e9\u00a0chirurgie esth\u00e9tique : jeune gagnante de Star Academy . Elle compte parmi les c\u00e9l\u00e9brit\u00e9s qui refusent de passer par la m\u00e9decine esth\u00e9tique.","robots":{"index":"index","follow":"follow","max-snippet":"max-snippet:-1","max-image-preview":"max-image-preview:large","max-video-preview":"max-video-preview:-1"},"canonical":"https:\/\/www.univers-med.com\/blog\/elodie-frege-et-la-chirurgie-esthetique-je-prefere-avoir-des-rides\/","og_locale":"fr_FR","og_type":"article","og_title":"\u00c9lodie Fr\u00e9g\u00e9\u00a0jeune , adepte-elle la chirurgie esth\u00e9tique ?","og_description":"\u00c9lodie Fr\u00e9g\u00e9\u00a0chirurgie esth\u00e9tique : jeune gagnante de Star Academy . Elle compte parmi les c\u00e9l\u00e9brit\u00e9s qui refusent de passer par la m\u00e9decine esth\u00e9tique.","og_url":"https:\/\/www.univers-med.com\/blog\/elodie-frege-et-la-chirurgie-esthetique-je-prefere-avoir-des-rides\/","og_site_name":"Blog Univers-med","article_published_time":"2023-07-26T13:20:00+00:00","article_modified_time":"2023-07-26T16:32:08+00:00","og_image":[{"width":1050,"height":700,"url":"https:\/\/www.univers-med.com\/blog\/wp-content\/uploads\/2023\/07\/elodie-frege-chirurgie.jpg","type":"image\/jpeg"}],"author":"blog-univers-med","twitter_card":"summary_large_image","twitter_creator":"@MeduniversTn","twitter_site":"@MeduniversTn","schema":{"@context":"https:\/\/schema.org","@graph":[{"@type":"Article","@id":"https:\/\/www.univers-med.com\/blog\/elodie-frege-et-la-chirurgie-esthetique-je-prefere-avoir-des-rides\/#article","isPartOf":{"@id":"https:\/\/www.univers-med.com\/blog\/elodie-frege-et-la-chirurgie-esthetique-je-prefere-avoir-des-rides\/"},"author":{"name":"blog-univers-med","@id":"https:\/\/www.univers-med.com\/blog\/#\/schema\/person\/a4d4b2b10c240db88faecbdd5f1175cf"},"headline":"\u00c9lodie Fr\u00e9g\u00e9&nbsp;et la&nbsp;chirurgie esth\u00e9tique","datePublished":"2023-07-26T13:20:00+00:00","dateModified":"2023-07-26T16:32:08+00:00","mainEntityOfPage":{"@id":"https:\/\/www.univers-med.com\/blog\/elodie-frege-et-la-chirurgie-esthetique-je-prefere-avoir-des-rides\/"},"wordCount":1217,"publisher":{"@id":"https:\/\/www.univers-med.com\/blog\/#\/schema\/person\/a4d4b2b10c240db88faecbdd5f1175cf"},"articleSection":["Beaut\u00e9 des stars"],"inLanguage":"fr-FR"},{"@type":"WebPage","@id":"https:\/\/www.univers-med.com\/blog\/elodie-frege-et-la-chirurgie-esthetique-je-prefere-avoir-des-rides\/","url":"https:\/\/www.univers-med.com\/blog\/elodie-frege-et-la-chirurgie-esthetique-je-prefere-avoir-des-rides\/","name":"\u00c9lodie Fr\u00e9g\u00e9\u00a0jeune , adepte-elle la chirurgie esth\u00e9tique ?","isPartOf":{"@id":"https:\/\/www.univers-med.com\/blog\/#website"},"datePublished":"2023-07-26T13:20:00+00:00","dateModified":"2023-07-26T16:32:08+00:00","description":"\u00c9lodie Fr\u00e9g\u00e9\u00a0chirurgie esth\u00e9tique : jeune gagnante de Star Academy . Elle compte parmi les c\u00e9l\u00e9brit\u00e9s qui refusent de passer par la m\u00e9decine esth\u00e9tique.","breadcrumb":{"@id":"https:\/\/www.univers-med.com\/blog\/elodie-frege-et-la-chirurgie-esthetique-je-prefere-avoir-des-rides\/#breadcrumb"},"inLanguage":"fr-FR","potentialAction":[{"@type":"ReadAction","target":["https:\/\/www.univers-med.com\/blog\/elodie-frege-et-la-chirurgie-esthetique-je-prefere-avoir-des-rides\/"]}]},{"@type":"BreadcrumbList","@id":"https:\/\/www.univers-med.com\/blog\/elodie-frege-et-la-chirurgie-esthetique-je-prefere-avoir-des-rides\/#breadcrumb","itemListElement":[{"@type":"ListItem","position":1,"name":"Accueil","item":"https:\/\/www.univers-med.com\/blog\/"},{"@type":"ListItem","position":2,"name":"\u00c9lodie Fr\u00e9g\u00e9&nbsp;et la&nbsp;chirurgie esth\u00e9tique"}]},{"@type":"WebSite","@id":"https:\/\/www.univers-med.com\/blog\/#website","url":"https:\/\/www.univers-med.com\/blog\/","name":"Blog Univers-med","description":"Blog Univers-med","publisher":{"@id":"https:\/\/www.univers-med.com\/blog\/#\/schema\/person\/a4d4b2b10c240db88faecbdd5f1175cf"},"alternateName":"chirurgie esth\u00e9tique Tunisie","potentialAction":[{"@type":"SearchAction","target":{"@type":"EntryPoint","urlTemplate":"https:\/\/www.univers-med.com\/blog\/?s={search_term_string}"},"query-input":"required name=search_term_string"}],"inLanguage":"fr-FR"},{"@type":["Person","Organization"],"@id":"https:\/\/www.univers-med.com\/blog\/#\/schema\/person\/a4d4b2b10c240db88faecbdd5f1175cf","name":"blog-univers-med","image":{"@type":"ImageObject","inLanguage":"fr-FR","@id":"https:\/\/www.univers-med.com\/blog\/#\/schema\/person\/image\/","url":"https:\/\/www.univers-med.com\/blog\/wp-content\/uploads\/2020\/10\/cropped-logo-1.png","contentUrl":"https:\/\/www.univers-med.com\/blog\/wp-content\/uploads\/2020\/10\/cropped-logo-1.png","width":512,"height":512,"caption":"blog-univers-med"},"logo":{"@id":"https:\/\/www.univers-med.com\/blog\/#\/schema\/person\/image\/"},"sameAs":["https:\/\/www.instagram.com\/univers_med_officiel\/"],"url":"https:\/\/www.univers-med.com\/blog\/author\/blog-univers-med\/"}]}},"_links":{"self":[{"href":"https:\/\/www.univers-med.com\/blog\/wp-json\/wp\/v2\/posts\/7862"}],"collection":[{"href":"https:\/\/www.univers-med.com\/blog\/wp-json\/wp\/v2\/posts"}],"about":[{"href":"https:\/\/www.univers-med.com\/blog\/wp-json\/wp\/v2\/types\/post"}],"author":[{"embeddable":true,"href":"https:\/\/www.univers-med.com\/blog\/wp-json\/wp\/v2\/users\/1"}],"replies":[{"embeddable":true,"href":"https:\/\/www.univers-med.com\/blog\/wp-json\/wp\/v2\/comments?post=7862"}],"version-history":[{"count":5,"href":"https:\/\/www.univers-med.com\/blog\/wp-json\/wp\/v2\/posts\/7862\/revisions"}],"predecessor-version":[{"id":7876,"href":"https:\/\/www.univers-med.com\/blog\/wp-json\/wp\/v2\/posts\/7862\/revisions\/7876"}],"wp:featuredmedia":[{"embeddable":true,"href":"https:\/\/www.univers-med.com\/blog\/wp-json\/wp\/v2\/media\/7867"}],"wp:attachment":[{"href":"https:\/\/www.univers-med.com\/blog\/wp-json\/wp\/v2\/media?parent=7862"}],"wp:term":[{"taxonomy":"category","embeddable":true,"href":"https:\/\/www.univers-med.com\/blog\/wp-json\/wp\/v2\/categories?post=7862"},{"taxonomy":"post_tag","embeddable":true,"href":"https:\/\/www.univers-med.com\/blog\/wp-json\/wp\/v2\/tags?post=7862"}],"curies":[{"name":"wp","href":"https:\/\/api.w.org\/{rel}","templated":true}]}}