{"id":750,"date":"2017-06-09T10:05:45","date_gmt":"2017-06-09T08:05:45","guid":{"rendered":"http:\/\/univers-med.com\/blog\/?p=750"},"modified":"2022-10-06T15:07:20","modified_gmt":"2022-10-06T13:07:20","slug":"complications-du-lifting-du-visage","status":"publish","type":"post","link":"https:\/\/www.univers-med.com\/blog\/complications-du-lifting-du-visage\/","title":{"rendered":"Se m\u00e9fier des complications dues au lifting du visage"},"content":{"rendered":"<p>Complications du lifting du visage : Une chirurgie relativement s\u00fbre, le <strong><a href=\"https:\/\/www.univers-med.com\/lifting-du-visage-tunisie.html\">lifting du visage<\/a><\/strong> repr\u00e9sente certaines complications inh\u00e9rentes \u00e0 toute intervention chirurgicale . Diverses suites op\u00e9ratoires devraient \u00eatre attendues et un <strong>chirurgien exp\u00e9riment\u00e9<\/strong> peut minimiser les risques du lifting facial en Tunisie.<\/p>\n<figure id=\"attachment_751\" aria-describedby=\"caption-attachment-751\" style=\"width: 260px\" class=\"wp-caption alignright\"><img loading=\"lazy\" class=\"wp-image-751 size-medium\" src=\"https:\/\/www.univers-med.com\/blog\/wp-content\/uploads\/2017\/06\/rhinoplastie-en-tunisie-260x300.jpg\" alt=\"complications du lifting du visage\" width=\"260\" height=\"300\" srcset=\"https:\/\/www.univers-med.com\/blog\/wp-content\/uploads\/2017\/06\/rhinoplastie-en-tunisie-260x300.jpg 260w, https:\/\/www.univers-med.com\/blog\/wp-content\/uploads\/2017\/06\/rhinoplastie-en-tunisie.jpg 272w\" sizes=\"(max-width: 260px) 100vw, 260px\" \/><figcaption id=\"caption-attachment-751\" class=\"wp-caption-text\">complications du lifting du visage<\/figcaption><\/figure>\n<div id=\"ez-toc-container\" class=\"ez-toc-v2_0_72 counter-hierarchy ez-toc-counter ez-toc-grey ez-toc-container-direction\">\n<div class=\"ez-toc-title-container\">\n<p class=\"ez-toc-title\" style=\"cursor:inherit\">Table of Contents<\/p>\n<span class=\"ez-toc-title-toggle\"><a href=\"#\" class=\"ez-toc-pull-right ez-toc-btn ez-toc-btn-xs ez-toc-btn-default ez-toc-toggle\" aria-label=\"Toggle Table of Content\"><span class=\"ez-toc-js-icon-con\"><span class=\"\"><span class=\"eztoc-hide\" style=\"display:none;\">Toggle<\/span><span class=\"ez-toc-icon-toggle-span\"><svg style=\"fill: #999;color:#999\" xmlns=\"http:\/\/www.w3.org\/2000\/svg\" class=\"list-377408\" width=\"20px\" height=\"20px\" viewBox=\"0 0 24 24\" fill=\"none\"><path d=\"M6 6H4v2h2V6zm14 0H8v2h12V6zM4 11h2v2H4v-2zm16 0H8v2h12v-2zM4 16h2v2H4v-2zm16 0H8v2h12v-2z\" fill=\"currentColor\"><\/path><\/svg><svg style=\"fill: #999;color:#999\" class=\"arrow-unsorted-368013\" xmlns=\"http:\/\/www.w3.org\/2000\/svg\" width=\"10px\" height=\"10px\" viewBox=\"0 0 24 24\" version=\"1.2\" baseProfile=\"tiny\"><path d=\"M18.2 9.3l-6.2-6.3-6.2 6.3c-.2.2-.3.4-.3.7s.1.5.3.7c.2.2.4.3.7.3h11c.3 0 .5-.1.7-.3.2-.2.3-.5.3-.7s-.1-.5-.3-.7zM5.8 14.7l6.2 6.3 6.2-6.3c.2-.2.3-.5.3-.7s-.1-.5-.3-.7c-.2-.2-.4-.3-.7-.3h-11c-.3 0-.5.1-.7.3-.2.2-.3.5-.3.7s.1.5.3.7z\"\/><\/svg><\/span><\/span><\/span><\/a><\/span><\/div>\n<nav><ul class='ez-toc-list ez-toc-list-level-1 ' ><li class='ez-toc-page-1 ez-toc-heading-level-2'><a class=\"ez-toc-link ez-toc-heading-1\" href=\"https:\/\/www.univers-med.com\/blog\/complications-du-lifting-du-visage\/#Et_si_le_lifting_du_visage_induit_des_complications_imparfaites\" title=\"Et si le lifting du visage induit des complications imparfaites\u00a0!\">Et si le lifting du visage induit des complications imparfaites\u00a0!<\/a><ul class='ez-toc-list-level-3' ><li class='ez-toc-heading-level-3'><a class=\"ez-toc-link ez-toc-heading-2\" href=\"https:\/\/www.univers-med.com\/blog\/complications-du-lifting-du-visage\/#Des_cicatrices_remarquables\" title=\"Des cicatrices remarquables\">Des cicatrices remarquables<\/a><\/li><li class='ez-toc-page-1 ez-toc-heading-level-3'><a class=\"ez-toc-link ez-toc-heading-3\" href=\"https:\/\/www.univers-med.com\/blog\/complications-du-lifting-du-visage\/#Des_gonflements_et_des_ecchymoses\" title=\"Des gonflements et des ecchymoses\">Des gonflements et des ecchymoses<\/a><\/li><li class='ez-toc-page-1 ez-toc-heading-level-3'><a class=\"ez-toc-link ez-toc-heading-4\" href=\"https:\/\/www.univers-med.com\/blog\/complications-du-lifting-du-visage\/#Blessure_du_nerf_facial\" title=\"Blessure du nerf facial\">Blessure du nerf facial<\/a><\/li><li class='ez-toc-page-1 ez-toc-heading-level-3'><a class=\"ez-toc-link ez-toc-heading-5\" href=\"https:\/\/www.univers-med.com\/blog\/complications-du-lifting-du-visage\/#Chute_des_cheveux_apres_un_lifting_du_visage\" title=\"Chute des cheveux apr\u00e8s un lifting du visage\">Chute des cheveux apr\u00e8s un lifting du visage<\/a><\/li><\/ul><\/li><li class='ez-toc-page-1 ez-toc-heading-level-2'><a class=\"ez-toc-link ez-toc-heading-6\" href=\"https:\/\/www.univers-med.com\/blog\/complications-du-lifting-du-visage\/#Les_facteurs_qui_peuvent_augmenter_les_risques_dun_lifting_du_visage\" title=\"Les facteurs qui peuvent augmenter les risques d\u2019un lifting du visage\">Les facteurs qui peuvent augmenter les risques d\u2019un lifting du visage<\/a><\/li><\/ul><\/nav><\/div>\n<h2><span class=\"ez-toc-section\" id=\"Et_si_le_lifting_du_visage_induit_des_complications_imparfaites\"><\/span><strong>Et si le lifting du visage induit des complications imparfaites\u00a0!<\/strong><span class=\"ez-toc-section-end\"><\/span><\/h2>\n<h3><span class=\"ez-toc-section\" id=\"Des_cicatrices_remarquables\"><\/span>Des cicatrices remarquables<span class=\"ez-toc-section-end\"><\/span><\/h3>\n<p>Un lifting du visage peut g\u00e9n\u00e9rer divers risques, notamment les cicatrices laiss\u00e9es par les incisions. Ces marques sont permanentes mais g\u00e9n\u00e9ralement dissimul\u00e9es dans les cheveux ou derri\u00e8re les oreilles. Rarement, les incisions entra\u00eenent des cicatrices rouges en relief \u00e0 traiter par des injections d&rsquo;un m\u00e9dicament ou une <strong>chirurgie esthetique<\/strong> qui permet d\u2019 <a href=\"https:\/\/www.univers-med.com\/traitement-des-cicatrices-tunisie.html\"><strong>am\u00e9liorer l&rsquo;apparence des cicatrices<\/strong><\/a> .<\/p>\n<h3><span class=\"ez-toc-section\" id=\"Des_gonflements_et_des_ecchymoses\"><\/span>Des gonflements et des ecchymoses<span class=\"ez-toc-section-end\"><\/span><\/h3>\n<p>Le patient sera averti par le chirurgien qu\u2019il aura ces signes pendant plusieurs semaines. Toutefois, les complications peuvent \u00eatre assez graves et alt\u00e9rer les caract\u00e9ristiques du visage ou paralyser les mouvements faciaux. En effet, lors d&rsquo;un <strong>lifting facial<\/strong> , les tissus cutan\u00e9s n\u2019agissent pas de la m\u00eame mani\u00e8re et le repositionnement des tissus faciaux et du cou peut affecter les nerfs sensoriels superficiels. Du coup les effets secondaires peuvent perdurer des mois voire des ann\u00e9es.<\/p>\n<h3><span class=\"ez-toc-section\" id=\"Blessure_du_nerf_facial\"><\/span>Blessure du nerf facial<span class=\"ez-toc-section-end\"><\/span><\/h3>\n<p>Rarement, un lifting peut endommager les nerfs faciaux ce qui entraine une faiblesse temporaire ou permanente des muscles faciaux. Heureusement, dans la plupart des cas, la faiblesse des muscles faciaux s&rsquo;am\u00e9liore dans quelques mois.<\/p>\n<h3><span class=\"ez-toc-section\" id=\"Chute_des_cheveux_apres_un_lifting_du_visage\"><\/span>Chute des cheveux apr\u00e8s un lifting du visage<span class=\"ez-toc-section-end\"><\/span><\/h3>\n<p>Les incisions peuvent causer une perte temporaire des cheveux. Les zones touch\u00e9es commenceront \u00e0 laisser pousser des cheveux dans environ trois mois. Cependant, la perte permanente des cheveux ne peut \u00eatre corrig\u00e9e qu\u2019\u00e0 travers une <strong>greffe de follicules capillaires<\/strong>\u00a0.<\/p>\n<figure id=\"attachment_752\" aria-describedby=\"caption-attachment-752\" style=\"width: 300px\" class=\"wp-caption aligncenter\"><img loading=\"lazy\" class=\"size-medium wp-image-752\" src=\"https:\/\/univers-med.com\/blog\/wp-content\/uploads\/2017\/06\/lifting-visage-en-tunisie-300x188.jpg\" alt=\"complications du lifting du visage\" width=\"300\" height=\"188\" srcset=\"https:\/\/www.univers-med.com\/blog\/wp-content\/uploads\/2017\/06\/lifting-visage-en-tunisie-300x188.jpg 300w, https:\/\/www.univers-med.com\/blog\/wp-content\/uploads\/2017\/06\/lifting-visage-en-tunisie.jpg 400w\" sizes=\"(max-width: 300px) 100vw, 300px\" \/><figcaption id=\"caption-attachment-752\" class=\"wp-caption-text\">complications du lifting du visage<\/figcaption><\/figure>\n<h2><span class=\"ez-toc-section\" id=\"Les_facteurs_qui_peuvent_augmenter_les_risques_dun_lifting_du_visage\"><\/span><strong>Les facteurs qui peuvent augmenter les risques d\u2019un lifting du visage<\/strong><span class=\"ez-toc-section-end\"><\/span><\/h2>\n<p>Le chirurgien avertit le patient s\u2019il fume. Le tabagisme augmente, en effet, le risque de subir une perte de peau apr\u00e8s un lifting facial. De m\u00eame, l\u2019utilisation d&rsquo;anticoagulants qui peut affecter la capacit\u00e9 du sang \u00e0 coaguler ce qui augmente le risque des saignements. Le patient doit aussi v\u00e9rifier s\u2019il souffre une affection m\u00e9dicale qui pourrait g\u00eaner la gu\u00e9rison\u00a0; diab\u00e8te incontr\u00f4l\u00e9 ou l&rsquo;hypertension art\u00e9rielle.<\/p>\n","protected":false},"excerpt":{"rendered":"<p>Complications du lifting du visage : Une chirurgie relativement s\u00fbre, le lifting du visage repr\u00e9sente certaines complications inh\u00e9rentes \u00e0 toute intervention chirurgicale . Diverses suites op\u00e9ratoires devraient \u00eatre attendues et un chirurgien exp\u00e9riment\u00e9 peut minimiser les risques du lifting facial en Tunisie. Et si le lifting du visage induit des complications imparfaites\u00a0! Des cicatrices remarquables [&hellip;]<\/p>\n","protected":false},"author":1,"featured_media":752,"comment_status":"closed","ping_status":"closed","sticky":false,"template":"","format":"standard","meta":[],"categories":[2,12],"tags":[546,547,322,544,540,541,542,543,545,549,548],"yoast_head":"<!-- This site is optimized with the Yoast SEO plugin v20.6 - https:\/\/yoast.com\/wordpress\/plugins\/seo\/ -->\n<title>complications du lifting du visage , les cicatrices , gonflements et des ecchymoses , Blessure du nerf facial , Chute des cheveux<\/title>\n<meta name=\"description\" content=\"complications du lifting du visage , cicatrices , gonflements et des ecchymoses , Blessure du nerf facial , Chute des cheveux apr\u00e8s un lifting du visage\" \/>\n<meta name=\"robots\" content=\"index, follow, max-snippet:-1, max-image-preview:large, max-video-preview:-1\" \/>\n<link rel=\"canonical\" href=\"https:\/\/www.univers-med.com\/blog\/complications-du-lifting-du-visage\/\" \/>\n<meta property=\"og:locale\" content=\"fr_FR\" \/>\n<meta property=\"og:type\" content=\"article\" \/>\n<meta property=\"og:title\" content=\"complications du lifting du visage , les cicatrices , gonflements et des ecchymoses , Blessure du nerf facial , Chute des cheveux\" \/>\n<meta property=\"og:description\" content=\"complications du lifting du visage , cicatrices , gonflements et des ecchymoses , Blessure du nerf facial , Chute des cheveux apr\u00e8s un lifting du visage\" \/>\n<meta property=\"og:url\" content=\"https:\/\/www.univers-med.com\/blog\/complications-du-lifting-du-visage\/\" \/>\n<meta property=\"og:site_name\" content=\"Blog Univers-med\" \/>\n<meta property=\"article:published_time\" content=\"2017-06-09T08:05:45+00:00\" \/>\n<meta property=\"article:modified_time\" content=\"2022-10-06T13:07:20+00:00\" \/>\n<meta property=\"og:image\" content=\"https:\/\/www.univers-med.com\/blog\/wp-content\/uploads\/2017\/06\/lifting-visage-en-tunisie.jpg\" \/>\n\t<meta property=\"og:image:width\" content=\"400\" \/>\n\t<meta property=\"og:image:height\" content=\"251\" \/>\n\t<meta property=\"og:image:type\" content=\"image\/jpeg\" \/>\n<meta name=\"author\" content=\"blog-univers-med\" \/>\n<meta name=\"twitter:card\" content=\"summary_large_image\" \/>\n<meta name=\"twitter:creator\" content=\"@MeduniversTn\" \/>\n<meta name=\"twitter:site\" content=\"@MeduniversTn\" \/>\n<script type=\"application\/ld+json\" class=\"yoast-schema-graph\">{\"@context\":\"https:\/\/schema.org\",\"@graph\":[{\"@type\":\"Article\",\"@id\":\"https:\/\/www.univers-med.com\/blog\/complications-du-lifting-du-visage\/#article\",\"isPartOf\":{\"@id\":\"https:\/\/www.univers-med.com\/blog\/complications-du-lifting-du-visage\/\"},\"author\":{\"name\":\"blog-univers-med\",\"@id\":\"https:\/\/www.univers-med.com\/blog\/#\/schema\/person\/a4d4b2b10c240db88faecbdd5f1175cf\"},\"headline\":\"Se m\u00e9fier des complications dues au lifting du visage\",\"datePublished\":\"2017-06-09T08:05:45+00:00\",\"dateModified\":\"2022-10-06T13:07:20+00:00\",\"mainEntityOfPage\":{\"@id\":\"https:\/\/www.univers-med.com\/blog\/complications-du-lifting-du-visage\/\"},\"wordCount\":424,\"publisher\":{\"@id\":\"https:\/\/www.univers-med.com\/blog\/#\/schema\/person\/a4d4b2b10c240db88faecbdd5f1175cf\"},\"keywords\":[\"Blessure du nerf facial\",\"Chute des cheveux\",\"cicatrice\",\"cicatrices remarquables\",\"complications d'un lifting du visage\",\"complications du lifting du visage\",\"complications sp\u00e9cifiques du lifting\",\"facteurs qui augmentent les risques d\u2019un lifting du visage\",\"gonflements et des ecchymoses\",\"intervention chirurgicale\",\"lifting facial\"],\"articleSection\":[\"Chirurgie de la silhouette\",\"Chirurgie Visage\"],\"inLanguage\":\"fr-FR\"},{\"@type\":\"WebPage\",\"@id\":\"https:\/\/www.univers-med.com\/blog\/complications-du-lifting-du-visage\/\",\"url\":\"https:\/\/www.univers-med.com\/blog\/complications-du-lifting-du-visage\/\",\"name\":\"complications du lifting du visage , les cicatrices , gonflements et des ecchymoses , Blessure du nerf facial , Chute des cheveux\",\"isPartOf\":{\"@id\":\"https:\/\/www.univers-med.com\/blog\/#website\"},\"datePublished\":\"2017-06-09T08:05:45+00:00\",\"dateModified\":\"2022-10-06T13:07:20+00:00\",\"description\":\"complications du lifting du visage , cicatrices , gonflements et des ecchymoses , Blessure du nerf facial , Chute des cheveux apr\u00e8s un lifting du visage\",\"breadcrumb\":{\"@id\":\"https:\/\/www.univers-med.com\/blog\/complications-du-lifting-du-visage\/#breadcrumb\"},\"inLanguage\":\"fr-FR\",\"potentialAction\":[{\"@type\":\"ReadAction\",\"target\":[\"https:\/\/www.univers-med.com\/blog\/complications-du-lifting-du-visage\/\"]}]},{\"@type\":\"BreadcrumbList\",\"@id\":\"https:\/\/www.univers-med.com\/blog\/complications-du-lifting-du-visage\/#breadcrumb\",\"itemListElement\":[{\"@type\":\"ListItem\",\"position\":1,\"name\":\"Accueil\",\"item\":\"https:\/\/www.univers-med.com\/blog\/\"},{\"@type\":\"ListItem\",\"position\":2,\"name\":\"Se m\u00e9fier des complications dues au lifting du visage\"}]},{\"@type\":\"WebSite\",\"@id\":\"https:\/\/www.univers-med.com\/blog\/#website\",\"url\":\"https:\/\/www.univers-med.com\/blog\/\",\"name\":\"Blog Univers-med\",\"description\":\"Blog Univers-med\",\"publisher\":{\"@id\":\"https:\/\/www.univers-med.com\/blog\/#\/schema\/person\/a4d4b2b10c240db88faecbdd5f1175cf\"},\"alternateName\":\"chirurgie esth\u00e9tique Tunisie\",\"potentialAction\":[{\"@type\":\"SearchAction\",\"target\":{\"@type\":\"EntryPoint\",\"urlTemplate\":\"https:\/\/www.univers-med.com\/blog\/?s={search_term_string}\"},\"query-input\":\"required name=search_term_string\"}],\"inLanguage\":\"fr-FR\"},{\"@type\":[\"Person\",\"Organization\"],\"@id\":\"https:\/\/www.univers-med.com\/blog\/#\/schema\/person\/a4d4b2b10c240db88faecbdd5f1175cf\",\"name\":\"blog-univers-med\",\"image\":{\"@type\":\"ImageObject\",\"inLanguage\":\"fr-FR\",\"@id\":\"https:\/\/www.univers-med.com\/blog\/#\/schema\/person\/image\/\",\"url\":\"https:\/\/www.univers-med.com\/blog\/wp-content\/uploads\/2020\/10\/cropped-logo-1.png\",\"contentUrl\":\"https:\/\/www.univers-med.com\/blog\/wp-content\/uploads\/2020\/10\/cropped-logo-1.png\",\"width\":512,\"height\":512,\"caption\":\"blog-univers-med\"},\"logo\":{\"@id\":\"https:\/\/www.univers-med.com\/blog\/#\/schema\/person\/image\/\"},\"sameAs\":[\"https:\/\/www.instagram.com\/univers_med_officiel\/\"],\"url\":\"https:\/\/www.univers-med.com\/blog\/author\/blog-univers-med\/\"}]}<\/script>\n<!-- \/ Yoast SEO plugin. -->","yoast_head_json":{"title":"complications du lifting du visage , les cicatrices , gonflements et des ecchymoses , Blessure du nerf facial , Chute des cheveux","description":"complications du lifting du visage , cicatrices , gonflements et des ecchymoses , Blessure du nerf facial , Chute des cheveux apr\u00e8s un lifting du visage","robots":{"index":"index","follow":"follow","max-snippet":"max-snippet:-1","max-image-preview":"max-image-preview:large","max-video-preview":"max-video-preview:-1"},"canonical":"https:\/\/www.univers-med.com\/blog\/complications-du-lifting-du-visage\/","og_locale":"fr_FR","og_type":"article","og_title":"complications du lifting du visage , les cicatrices , gonflements et des ecchymoses , Blessure du nerf facial , Chute des cheveux","og_description":"complications du lifting du visage , cicatrices , gonflements et des ecchymoses , Blessure du nerf facial , Chute des cheveux apr\u00e8s un lifting du visage","og_url":"https:\/\/www.univers-med.com\/blog\/complications-du-lifting-du-visage\/","og_site_name":"Blog Univers-med","article_published_time":"2017-06-09T08:05:45+00:00","article_modified_time":"2022-10-06T13:07:20+00:00","og_image":[{"width":400,"height":251,"url":"https:\/\/www.univers-med.com\/blog\/wp-content\/uploads\/2017\/06\/lifting-visage-en-tunisie.jpg","type":"image\/jpeg"}],"author":"blog-univers-med","twitter_card":"summary_large_image","twitter_creator":"@MeduniversTn","twitter_site":"@MeduniversTn","schema":{"@context":"https:\/\/schema.org","@graph":[{"@type":"Article","@id":"https:\/\/www.univers-med.com\/blog\/complications-du-lifting-du-visage\/#article","isPartOf":{"@id":"https:\/\/www.univers-med.com\/blog\/complications-du-lifting-du-visage\/"},"author":{"name":"blog-univers-med","@id":"https:\/\/www.univers-med.com\/blog\/#\/schema\/person\/a4d4b2b10c240db88faecbdd5f1175cf"},"headline":"Se m\u00e9fier des complications dues au lifting du visage","datePublished":"2017-06-09T08:05:45+00:00","dateModified":"2022-10-06T13:07:20+00:00","mainEntityOfPage":{"@id":"https:\/\/www.univers-med.com\/blog\/complications-du-lifting-du-visage\/"},"wordCount":424,"publisher":{"@id":"https:\/\/www.univers-med.com\/blog\/#\/schema\/person\/a4d4b2b10c240db88faecbdd5f1175cf"},"keywords":["Blessure du nerf facial","Chute des cheveux","cicatrice","cicatrices remarquables","complications d'un lifting du visage","complications du lifting du visage","complications sp\u00e9cifiques du lifting","facteurs qui augmentent les risques d\u2019un lifting du visage","gonflements et des ecchymoses","intervention chirurgicale","lifting facial"],"articleSection":["Chirurgie de la silhouette","Chirurgie Visage"],"inLanguage":"fr-FR"},{"@type":"WebPage","@id":"https:\/\/www.univers-med.com\/blog\/complications-du-lifting-du-visage\/","url":"https:\/\/www.univers-med.com\/blog\/complications-du-lifting-du-visage\/","name":"complications du lifting du visage , les cicatrices , gonflements et des ecchymoses , Blessure du nerf facial , Chute des cheveux","isPartOf":{"@id":"https:\/\/www.univers-med.com\/blog\/#website"},"datePublished":"2017-06-09T08:05:45+00:00","dateModified":"2022-10-06T13:07:20+00:00","description":"complications du lifting du visage , cicatrices , gonflements et des ecchymoses , Blessure du nerf facial , Chute des cheveux apr\u00e8s un lifting du visage","breadcrumb":{"@id":"https:\/\/www.univers-med.com\/blog\/complications-du-lifting-du-visage\/#breadcrumb"},"inLanguage":"fr-FR","potentialAction":[{"@type":"ReadAction","target":["https:\/\/www.univers-med.com\/blog\/complications-du-lifting-du-visage\/"]}]},{"@type":"BreadcrumbList","@id":"https:\/\/www.univers-med.com\/blog\/complications-du-lifting-du-visage\/#breadcrumb","itemListElement":[{"@type":"ListItem","position":1,"name":"Accueil","item":"https:\/\/www.univers-med.com\/blog\/"},{"@type":"ListItem","position":2,"name":"Se m\u00e9fier des complications dues au lifting du visage"}]},{"@type":"WebSite","@id":"https:\/\/www.univers-med.com\/blog\/#website","url":"https:\/\/www.univers-med.com\/blog\/","name":"Blog Univers-med","description":"Blog Univers-med","publisher":{"@id":"https:\/\/www.univers-med.com\/blog\/#\/schema\/person\/a4d4b2b10c240db88faecbdd5f1175cf"},"alternateName":"chirurgie esth\u00e9tique Tunisie","potentialAction":[{"@type":"SearchAction","target":{"@type":"EntryPoint","urlTemplate":"https:\/\/www.univers-med.com\/blog\/?s={search_term_string}"},"query-input":"required name=search_term_string"}],"inLanguage":"fr-FR"},{"@type":["Person","Organization"],"@id":"https:\/\/www.univers-med.com\/blog\/#\/schema\/person\/a4d4b2b10c240db88faecbdd5f1175cf","name":"blog-univers-med","image":{"@type":"ImageObject","inLanguage":"fr-FR","@id":"https:\/\/www.univers-med.com\/blog\/#\/schema\/person\/image\/","url":"https:\/\/www.univers-med.com\/blog\/wp-content\/uploads\/2020\/10\/cropped-logo-1.png","contentUrl":"https:\/\/www.univers-med.com\/blog\/wp-content\/uploads\/2020\/10\/cropped-logo-1.png","width":512,"height":512,"caption":"blog-univers-med"},"logo":{"@id":"https:\/\/www.univers-med.com\/blog\/#\/schema\/person\/image\/"},"sameAs":["https:\/\/www.instagram.com\/univers_med_officiel\/"],"url":"https:\/\/www.univers-med.com\/blog\/author\/blog-univers-med\/"}]}},"_links":{"self":[{"href":"https:\/\/www.univers-med.com\/blog\/wp-json\/wp\/v2\/posts\/750"}],"collection":[{"href":"https:\/\/www.univers-med.com\/blog\/wp-json\/wp\/v2\/posts"}],"about":[{"href":"https:\/\/www.univers-med.com\/blog\/wp-json\/wp\/v2\/types\/post"}],"author":[{"embeddable":true,"href":"https:\/\/www.univers-med.com\/blog\/wp-json\/wp\/v2\/users\/1"}],"replies":[{"embeddable":true,"href":"https:\/\/www.univers-med.com\/blog\/wp-json\/wp\/v2\/comments?post=750"}],"version-history":[{"count":4,"href":"https:\/\/www.univers-med.com\/blog\/wp-json\/wp\/v2\/posts\/750\/revisions"}],"predecessor-version":[{"id":4788,"href":"https:\/\/www.univers-med.com\/blog\/wp-json\/wp\/v2\/posts\/750\/revisions\/4788"}],"wp:featuredmedia":[{"embeddable":true,"href":"https:\/\/www.univers-med.com\/blog\/wp-json\/wp\/v2\/media\/752"}],"wp:attachment":[{"href":"https:\/\/www.univers-med.com\/blog\/wp-json\/wp\/v2\/media?parent=750"}],"wp:term":[{"taxonomy":"category","embeddable":true,"href":"https:\/\/www.univers-med.com\/blog\/wp-json\/wp\/v2\/categories?post=750"},{"taxonomy":"post_tag","embeddable":true,"href":"https:\/\/www.univers-med.com\/blog\/wp-json\/wp\/v2\/tags?post=750"}],"curies":[{"name":"wp","href":"https:\/\/api.w.org\/{rel}","templated":true}]}}