{"id":6481,"date":"2023-05-03T12:26:50","date_gmt":"2023-05-03T10:26:50","guid":{"rendered":"https:\/\/www.univers-med.com\/blog\/?p=6481"},"modified":"2023-06-20T11:32:39","modified_gmt":"2023-06-20T09:32:39","slug":"melanie-orl-et-sa-relation-avec-greg-yega","status":"publish","type":"post","link":"https:\/\/www.univers-med.com\/blog\/melanie-orl-et-sa-relation-avec-greg-yega\/","title":{"rendered":"Est-ce que Greg et M\u00e9lanie sont-ils toujours ensemble ?"},"content":{"rendered":"\n<p>Les nouvelles n\u2019ont pas arr\u00eat\u00e9 de se couler concernant <strong>Greg Yega<\/strong> et&nbsp; <strong>M\u00e9lanie<\/strong> qui sont de nouveau en couple apr\u00e8s leur rupture en novembre 2021,&nbsp; et surtout apr\u00e8s les d\u00e9clarations de la jeune femme de 29 ans avait confi\u00e9 qu&rsquo;il y avait \u00ab\u00a0trop d&#8217;embrouilles et de d\u00e9saccords entre eux\u00a0\u00bb, qu&rsquo;ils n&rsquo;\u00e9taient plus du tout sur la m\u00eame longueur d&rsquo;ondes.\u00a0\u00bb<\/p>\n\n\n\n<figure class=\"wp-block-image size-full\"><img loading=\"lazy\" width=\"1000\" height=\"600\" src=\"https:\/\/www.univers-med.com\/blog\/wp-content\/uploads\/2023\/05\/greg-yega-et-melanie-orl-1.jpeg\" alt=\"Greg Yega et\u00a0 M\u00e9lanie\" class=\"wp-image-6485\" srcset=\"https:\/\/www.univers-med.com\/blog\/wp-content\/uploads\/2023\/05\/greg-yega-et-melanie-orl-1.jpeg 1000w, https:\/\/www.univers-med.com\/blog\/wp-content\/uploads\/2023\/05\/greg-yega-et-melanie-orl-1-300x180.jpeg 300w, https:\/\/www.univers-med.com\/blog\/wp-content\/uploads\/2023\/05\/greg-yega-et-melanie-orl-1-768x461.jpeg 768w, https:\/\/www.univers-med.com\/blog\/wp-content\/uploads\/2023\/05\/greg-yega-et-melanie-orl-1-100x60.jpeg 100w\" sizes=\"(max-width: 1000px) 100vw, 1000px\" \/><\/figure>\n\n\n\n<p>Ces\u00a0deux ex se sont de nouveau affich\u00e9s ensemble \u00e0 Paris ! et apparemment ils ont d\u00e9cid\u00e9 de s\u2019accorder une nouvelle chance. Durant trois ans, les <strong><a href=\"https:\/\/www.univers-med.com\/blog\/beaute-des-stars\/\">fans de t\u00e9l\u00e9-r\u00e9alit\u00e9<\/a> <\/strong>se sont passionn\u00e9s pour l\u2019histoire d\u2019amour entre Greg et Maeva Ghennam, et malgr\u00e9s leurs rupture les gens suivent encore ce qui ce passe entre eux.<\/p>\n\n\n\n<h2>Maeva Ghennam: sa r\u00e9action face \u00e0 la nouvelle relation de Greg Yega<\/h2>\n\n\n\n<p>D\u2019ailleurs, et apr\u00e8s les rumeurs qui indiquent le retour de flamme entre Greg Yega et M\u00e9lanie Orl , et que ces derniers n\u2019ont pas ni\u00e9 \u00e7a mais ils ont annonc\u00e9 qu\u2019ils ont rompu avec leurs fans \u00e0 travers leurs stories d\u2019Instagram. Les yeux ont dirig\u00e9 directement vers &nbsp;<strong>Maeva Ghennam<\/strong>&nbsp;qu\u2019elle a d\u00e9clar\u00e9 : \u00abS\u00e9rieux, non mais les gars, M\u00e9lanie, je l\u2019aime bien. Il n\u2019y a plus de guerre entre nous. Je vous jure, je leur souhaite que du bonheur. \u00bb Et pour les questions concernant sa vie de star \u00ab Je sais que vous \u00eates tr\u00e8s curieux concernant ma vie amoureuse. Moi, \u00e0 chaque fois que j\u2019ai \u00e9t\u00e9 en couple, je ne me suis jamais affich\u00e9e avec un mec. Je n\u2019aime pas \u00e7a, le jour o\u00f9 j\u2019affiche un gar\u00e7on, c\u2019est que ce sera le bon. \u00bb. \u00ab Je n\u2019ai pas envie d\u2019\u00eatre la bouffonne qui affiche son mec et qui annonce apr\u00e8s que c\u2019est fini. C\u2019est pour \u00e7a que j\u2019ai toujours \u00e9t\u00e9 discr\u00e8te. D\u00e9j\u00e0 de vous dire que je suis en couple et vous parler de ma vie amoureuse, c\u2019est que dans ma t\u00eate, je me dis que c\u2019est le bon. Mais voil\u00e0, en ce moment, \u00e7a ne se passe pas tr\u00e8s bien entre nous. \u00bb.Apr\u00e8s cette histoire d\u2019amour&nbsp; assez mouvement\u00e9e avec Greg Yega, Maeva est tomb\u00e9e folle amoureuse d\u2019un myst\u00e9rieux homme d\u2019affaires de Duba\u00ef surnomm\u00e9 Boli. De son c\u00f4t\u00e9, son ex Greg s&rsquo;\u00e9tait mis en couple avec M\u00e9lanie.<\/p>\n","protected":false},"excerpt":{"rendered":"<p>Les nouvelles n\u2019ont pas arr\u00eat\u00e9 de se couler concernant Greg Yega et&nbsp; M\u00e9lanie qui sont de nouveau en couple apr\u00e8s leur rupture en novembre 2021,&nbsp; et surtout apr\u00e8s les d\u00e9clarations de la jeune femme de 29 ans avait confi\u00e9 qu&rsquo;il y avait \u00ab\u00a0trop d&#8217;embrouilles et de d\u00e9saccords entre eux\u00a0\u00bb, qu&rsquo;ils n&rsquo;\u00e9taient plus du tout sur [&hellip;]<\/p>\n","protected":false},"author":1,"featured_media":6483,"comment_status":"closed","ping_status":"closed","sticky":false,"template":"","format":"standard","meta":[],"categories":[1105],"tags":[],"yoast_head":"<!-- This site is optimized with the Yoast SEO plugin v20.6 - https:\/\/yoast.com\/wordpress\/plugins\/seo\/ -->\n<title>Greg Yega et\u00a0 M\u00e9lanie sont-ils toujours ensemble ?<\/title>\n<meta name=\"description\" content=\"Les nouvelles n\u2019ont pas arr\u00eat\u00e9 de se couler concernant Greg Yega et\u00a0 M\u00e9lanie qui sont de nouveau en couple apr\u00e8s leur rupture en novembre 2021\" \/>\n<meta name=\"robots\" content=\"index, follow, max-snippet:-1, max-image-preview:large, max-video-preview:-1\" \/>\n<link rel=\"canonical\" href=\"https:\/\/www.univers-med.com\/blog\/melanie-orl-et-sa-relation-avec-greg-yega\/\" \/>\n<meta property=\"og:locale\" content=\"fr_FR\" \/>\n<meta property=\"og:type\" content=\"article\" \/>\n<meta property=\"og:title\" content=\"Greg Yega et\u00a0 M\u00e9lanie sont-ils toujours ensemble ?\" \/>\n<meta property=\"og:description\" content=\"Les nouvelles n\u2019ont pas arr\u00eat\u00e9 de se couler concernant Greg Yega et\u00a0 M\u00e9lanie qui sont de nouveau en couple apr\u00e8s leur rupture en novembre 2021\" \/>\n<meta property=\"og:url\" content=\"https:\/\/www.univers-med.com\/blog\/melanie-orl-et-sa-relation-avec-greg-yega\/\" \/>\n<meta property=\"og:site_name\" content=\"Blog Univers-med\" \/>\n<meta property=\"article:published_time\" content=\"2023-05-03T10:26:50+00:00\" \/>\n<meta property=\"article:modified_time\" content=\"2023-06-20T09:32:39+00:00\" \/>\n<meta property=\"og:image\" content=\"https:\/\/www.univers-med.com\/blog\/wp-content\/uploads\/2023\/05\/greg-yega-et-melanie-orl.jpeg\" \/>\n\t<meta property=\"og:image:width\" content=\"1050\" \/>\n\t<meta property=\"og:image:height\" content=\"700\" \/>\n\t<meta property=\"og:image:type\" content=\"image\/jpeg\" \/>\n<meta name=\"author\" content=\"blog-univers-med\" \/>\n<meta name=\"twitter:card\" content=\"summary_large_image\" \/>\n<meta name=\"twitter:creator\" content=\"@MeduniversTn\" \/>\n<meta name=\"twitter:site\" content=\"@MeduniversTn\" \/>\n<script type=\"application\/ld+json\" class=\"yoast-schema-graph\">{\"@context\":\"https:\/\/schema.org\",\"@graph\":[{\"@type\":\"Article\",\"@id\":\"https:\/\/www.univers-med.com\/blog\/melanie-orl-et-sa-relation-avec-greg-yega\/#article\",\"isPartOf\":{\"@id\":\"https:\/\/www.univers-med.com\/blog\/melanie-orl-et-sa-relation-avec-greg-yega\/\"},\"author\":{\"name\":\"blog-univers-med\",\"@id\":\"https:\/\/www.univers-med.com\/blog\/#\/schema\/person\/a4d4b2b10c240db88faecbdd5f1175cf\"},\"headline\":\"Est-ce que Greg et M\u00e9lanie sont-ils toujours ensemble ?\",\"datePublished\":\"2023-05-03T10:26:50+00:00\",\"dateModified\":\"2023-06-20T09:32:39+00:00\",\"mainEntityOfPage\":{\"@id\":\"https:\/\/www.univers-med.com\/blog\/melanie-orl-et-sa-relation-avec-greg-yega\/\"},\"wordCount\":430,\"publisher\":{\"@id\":\"https:\/\/www.univers-med.com\/blog\/#\/schema\/person\/a4d4b2b10c240db88faecbdd5f1175cf\"},\"articleSection\":[\"Beaut\u00e9 des stars\"],\"inLanguage\":\"fr-FR\"},{\"@type\":\"WebPage\",\"@id\":\"https:\/\/www.univers-med.com\/blog\/melanie-orl-et-sa-relation-avec-greg-yega\/\",\"url\":\"https:\/\/www.univers-med.com\/blog\/melanie-orl-et-sa-relation-avec-greg-yega\/\",\"name\":\"Greg Yega et\u00a0 M\u00e9lanie sont-ils toujours ensemble ?\",\"isPartOf\":{\"@id\":\"https:\/\/www.univers-med.com\/blog\/#website\"},\"datePublished\":\"2023-05-03T10:26:50+00:00\",\"dateModified\":\"2023-06-20T09:32:39+00:00\",\"description\":\"Les nouvelles n\u2019ont pas arr\u00eat\u00e9 de se couler concernant Greg Yega et\u00a0 M\u00e9lanie qui sont de nouveau en couple apr\u00e8s leur rupture en novembre 2021\",\"breadcrumb\":{\"@id\":\"https:\/\/www.univers-med.com\/blog\/melanie-orl-et-sa-relation-avec-greg-yega\/#breadcrumb\"},\"inLanguage\":\"fr-FR\",\"potentialAction\":[{\"@type\":\"ReadAction\",\"target\":[\"https:\/\/www.univers-med.com\/blog\/melanie-orl-et-sa-relation-avec-greg-yega\/\"]}]},{\"@type\":\"BreadcrumbList\",\"@id\":\"https:\/\/www.univers-med.com\/blog\/melanie-orl-et-sa-relation-avec-greg-yega\/#breadcrumb\",\"itemListElement\":[{\"@type\":\"ListItem\",\"position\":1,\"name\":\"Accueil\",\"item\":\"https:\/\/www.univers-med.com\/blog\/\"},{\"@type\":\"ListItem\",\"position\":2,\"name\":\"Est-ce que Greg et M\u00e9lanie sont-ils toujours ensemble ?\"}]},{\"@type\":\"WebSite\",\"@id\":\"https:\/\/www.univers-med.com\/blog\/#website\",\"url\":\"https:\/\/www.univers-med.com\/blog\/\",\"name\":\"Blog Univers-med\",\"description\":\"Blog Univers-med\",\"publisher\":{\"@id\":\"https:\/\/www.univers-med.com\/blog\/#\/schema\/person\/a4d4b2b10c240db88faecbdd5f1175cf\"},\"alternateName\":\"chirurgie esth\u00e9tique Tunisie\",\"potentialAction\":[{\"@type\":\"SearchAction\",\"target\":{\"@type\":\"EntryPoint\",\"urlTemplate\":\"https:\/\/www.univers-med.com\/blog\/?s={search_term_string}\"},\"query-input\":\"required name=search_term_string\"}],\"inLanguage\":\"fr-FR\"},{\"@type\":[\"Person\",\"Organization\"],\"@id\":\"https:\/\/www.univers-med.com\/blog\/#\/schema\/person\/a4d4b2b10c240db88faecbdd5f1175cf\",\"name\":\"blog-univers-med\",\"image\":{\"@type\":\"ImageObject\",\"inLanguage\":\"fr-FR\",\"@id\":\"https:\/\/www.univers-med.com\/blog\/#\/schema\/person\/image\/\",\"url\":\"https:\/\/www.univers-med.com\/blog\/wp-content\/uploads\/2020\/10\/cropped-logo-1.png\",\"contentUrl\":\"https:\/\/www.univers-med.com\/blog\/wp-content\/uploads\/2020\/10\/cropped-logo-1.png\",\"width\":512,\"height\":512,\"caption\":\"blog-univers-med\"},\"logo\":{\"@id\":\"https:\/\/www.univers-med.com\/blog\/#\/schema\/person\/image\/\"},\"sameAs\":[\"https:\/\/www.instagram.com\/univers_med_officiel\/\"],\"url\":\"https:\/\/www.univers-med.com\/blog\/author\/blog-univers-med\/\"}]}<\/script>\n<!-- \/ Yoast SEO plugin. -->","yoast_head_json":{"title":"Greg Yega et\u00a0 M\u00e9lanie sont-ils toujours ensemble ?","description":"Les nouvelles n\u2019ont pas arr\u00eat\u00e9 de se couler concernant Greg Yega et\u00a0 M\u00e9lanie qui sont de nouveau en couple apr\u00e8s leur rupture en novembre 2021","robots":{"index":"index","follow":"follow","max-snippet":"max-snippet:-1","max-image-preview":"max-image-preview:large","max-video-preview":"max-video-preview:-1"},"canonical":"https:\/\/www.univers-med.com\/blog\/melanie-orl-et-sa-relation-avec-greg-yega\/","og_locale":"fr_FR","og_type":"article","og_title":"Greg Yega et\u00a0 M\u00e9lanie sont-ils toujours ensemble ?","og_description":"Les nouvelles n\u2019ont pas arr\u00eat\u00e9 de se couler concernant Greg Yega et\u00a0 M\u00e9lanie qui sont de nouveau en couple apr\u00e8s leur rupture en novembre 2021","og_url":"https:\/\/www.univers-med.com\/blog\/melanie-orl-et-sa-relation-avec-greg-yega\/","og_site_name":"Blog Univers-med","article_published_time":"2023-05-03T10:26:50+00:00","article_modified_time":"2023-06-20T09:32:39+00:00","og_image":[{"width":1050,"height":700,"url":"https:\/\/www.univers-med.com\/blog\/wp-content\/uploads\/2023\/05\/greg-yega-et-melanie-orl.jpeg","type":"image\/jpeg"}],"author":"blog-univers-med","twitter_card":"summary_large_image","twitter_creator":"@MeduniversTn","twitter_site":"@MeduniversTn","schema":{"@context":"https:\/\/schema.org","@graph":[{"@type":"Article","@id":"https:\/\/www.univers-med.com\/blog\/melanie-orl-et-sa-relation-avec-greg-yega\/#article","isPartOf":{"@id":"https:\/\/www.univers-med.com\/blog\/melanie-orl-et-sa-relation-avec-greg-yega\/"},"author":{"name":"blog-univers-med","@id":"https:\/\/www.univers-med.com\/blog\/#\/schema\/person\/a4d4b2b10c240db88faecbdd5f1175cf"},"headline":"Est-ce que Greg et M\u00e9lanie sont-ils toujours ensemble ?","datePublished":"2023-05-03T10:26:50+00:00","dateModified":"2023-06-20T09:32:39+00:00","mainEntityOfPage":{"@id":"https:\/\/www.univers-med.com\/blog\/melanie-orl-et-sa-relation-avec-greg-yega\/"},"wordCount":430,"publisher":{"@id":"https:\/\/www.univers-med.com\/blog\/#\/schema\/person\/a4d4b2b10c240db88faecbdd5f1175cf"},"articleSection":["Beaut\u00e9 des stars"],"inLanguage":"fr-FR"},{"@type":"WebPage","@id":"https:\/\/www.univers-med.com\/blog\/melanie-orl-et-sa-relation-avec-greg-yega\/","url":"https:\/\/www.univers-med.com\/blog\/melanie-orl-et-sa-relation-avec-greg-yega\/","name":"Greg Yega et\u00a0 M\u00e9lanie sont-ils toujours ensemble ?","isPartOf":{"@id":"https:\/\/www.univers-med.com\/blog\/#website"},"datePublished":"2023-05-03T10:26:50+00:00","dateModified":"2023-06-20T09:32:39+00:00","description":"Les nouvelles n\u2019ont pas arr\u00eat\u00e9 de se couler concernant Greg Yega et\u00a0 M\u00e9lanie qui sont de nouveau en couple apr\u00e8s leur rupture en novembre 2021","breadcrumb":{"@id":"https:\/\/www.univers-med.com\/blog\/melanie-orl-et-sa-relation-avec-greg-yega\/#breadcrumb"},"inLanguage":"fr-FR","potentialAction":[{"@type":"ReadAction","target":["https:\/\/www.univers-med.com\/blog\/melanie-orl-et-sa-relation-avec-greg-yega\/"]}]},{"@type":"BreadcrumbList","@id":"https:\/\/www.univers-med.com\/blog\/melanie-orl-et-sa-relation-avec-greg-yega\/#breadcrumb","itemListElement":[{"@type":"ListItem","position":1,"name":"Accueil","item":"https:\/\/www.univers-med.com\/blog\/"},{"@type":"ListItem","position":2,"name":"Est-ce que Greg et M\u00e9lanie sont-ils toujours ensemble ?"}]},{"@type":"WebSite","@id":"https:\/\/www.univers-med.com\/blog\/#website","url":"https:\/\/www.univers-med.com\/blog\/","name":"Blog Univers-med","description":"Blog Univers-med","publisher":{"@id":"https:\/\/www.univers-med.com\/blog\/#\/schema\/person\/a4d4b2b10c240db88faecbdd5f1175cf"},"alternateName":"chirurgie esth\u00e9tique Tunisie","potentialAction":[{"@type":"SearchAction","target":{"@type":"EntryPoint","urlTemplate":"https:\/\/www.univers-med.com\/blog\/?s={search_term_string}"},"query-input":"required name=search_term_string"}],"inLanguage":"fr-FR"},{"@type":["Person","Organization"],"@id":"https:\/\/www.univers-med.com\/blog\/#\/schema\/person\/a4d4b2b10c240db88faecbdd5f1175cf","name":"blog-univers-med","image":{"@type":"ImageObject","inLanguage":"fr-FR","@id":"https:\/\/www.univers-med.com\/blog\/#\/schema\/person\/image\/","url":"https:\/\/www.univers-med.com\/blog\/wp-content\/uploads\/2020\/10\/cropped-logo-1.png","contentUrl":"https:\/\/www.univers-med.com\/blog\/wp-content\/uploads\/2020\/10\/cropped-logo-1.png","width":512,"height":512,"caption":"blog-univers-med"},"logo":{"@id":"https:\/\/www.univers-med.com\/blog\/#\/schema\/person\/image\/"},"sameAs":["https:\/\/www.instagram.com\/univers_med_officiel\/"],"url":"https:\/\/www.univers-med.com\/blog\/author\/blog-univers-med\/"}]}},"_links":{"self":[{"href":"https:\/\/www.univers-med.com\/blog\/wp-json\/wp\/v2\/posts\/6481"}],"collection":[{"href":"https:\/\/www.univers-med.com\/blog\/wp-json\/wp\/v2\/posts"}],"about":[{"href":"https:\/\/www.univers-med.com\/blog\/wp-json\/wp\/v2\/types\/post"}],"author":[{"embeddable":true,"href":"https:\/\/www.univers-med.com\/blog\/wp-json\/wp\/v2\/users\/1"}],"replies":[{"embeddable":true,"href":"https:\/\/www.univers-med.com\/blog\/wp-json\/wp\/v2\/comments?post=6481"}],"version-history":[{"count":6,"href":"https:\/\/www.univers-med.com\/blog\/wp-json\/wp\/v2\/posts\/6481\/revisions"}],"predecessor-version":[{"id":7012,"href":"https:\/\/www.univers-med.com\/blog\/wp-json\/wp\/v2\/posts\/6481\/revisions\/7012"}],"wp:featuredmedia":[{"embeddable":true,"href":"https:\/\/www.univers-med.com\/blog\/wp-json\/wp\/v2\/media\/6483"}],"wp:attachment":[{"href":"https:\/\/www.univers-med.com\/blog\/wp-json\/wp\/v2\/media?parent=6481"}],"wp:term":[{"taxonomy":"category","embeddable":true,"href":"https:\/\/www.univers-med.com\/blog\/wp-json\/wp\/v2\/categories?post=6481"},{"taxonomy":"post_tag","embeddable":true,"href":"https:\/\/www.univers-med.com\/blog\/wp-json\/wp\/v2\/tags?post=6481"}],"curies":[{"name":"wp","href":"https:\/\/api.w.org\/{rel}","templated":true}]}}