{"id":6447,"date":"2023-04-05T13:53:00","date_gmt":"2023-04-05T11:53:00","guid":{"rendered":"https:\/\/www.univers-med.com\/blog\/?p=6447"},"modified":"2023-06-21T12:07:58","modified_gmt":"2023-06-21T10:07:58","slug":"le-parcours-de-transformation-esthetique-de-leana-zaoui","status":"publish","type":"post","link":"https:\/\/www.univers-med.com\/blog\/le-parcours-de-transformation-esthetique-de-leana-zaoui\/","title":{"rendered":"Le parcours de transformation esth\u00e9tique de L\u00e9ana Zaoui"},"content":{"rendered":"\n<p><strong>L\u00e9ana Zaoui<\/strong> est une <strong>jeune femme fran\u00e7aise<\/strong> de 23 ans, n\u00e9e en 1998 \u00e0 Strasbourg. Elle est principalement connue pour sa participation \u00e0 <strong>l&rsquo;\u00e9mission de t\u00e9l\u00e9r\u00e9alit\u00e9<\/strong> \u00ab\u00a0<strong>Les Marseillais<\/strong>\u00ab\u00a0, diffus\u00e9e sur la cha\u00eene de t\u00e9l\u00e9vision fran\u00e7aise W9. Elle a \u00e9galement particip\u00e9 \u00e0 d&rsquo;autres \u00e9missions de t\u00e9l\u00e9r\u00e9alit\u00e9 comme \u00ab\u00a0<strong>Les Princes et les Princesses de l&rsquo;Amour<\/strong>\u00a0\u00bb et \u00ab\u00a0<strong>Moundir et les Apprentis Aventuriers<\/strong>\u00ab\u00a0.<\/p>\n\n\n\n<p>L\u00e9ana Zaoui a commenc\u00e9 \u00e0 se faire conna\u00eetre en 2017, lorsqu&rsquo;elle a particip\u00e9 \u00e0 la quatri\u00e8me saison de \u00ab\u00a0Les Princes de l&rsquo;Amour\u00a0\u00bb. Depuis, elle est devenue une personnalit\u00e9 influente sur les r\u00e9seaux sociaux, o\u00f9 elle compte des milliers d&rsquo;abonn\u00e9s. Elle y partage notamment des photos et des vid\u00e9os de sa vie quotidienne, de ses voyages, de ses looks et de ses <strong><a href=\"https:\/\/www.univers-med.com\">op\u00e9rations de chirurgie esth\u00e9tique<\/a><\/strong>.<\/p><figure class=\"wp-block-image size-full\"><img loading=\"lazy\" width=\"1000\" height=\"600\" src=\"https:\/\/www.univers-med.com\/blog\/wp-content\/uploads\/2023\/05\/leana-zaoui.jpg\" alt=\"L\u00e9ana Zaoui\" class=\"wp-image-6450\" srcset=\"https:\/\/www.univers-med.com\/blog\/wp-content\/uploads\/2023\/05\/leana-zaoui.jpg 1000w, https:\/\/www.univers-med.com\/blog\/wp-content\/uploads\/2023\/05\/leana-zaoui-300x180.jpg 300w, https:\/\/www.univers-med.com\/blog\/wp-content\/uploads\/2023\/05\/leana-zaoui-768x461.jpg 768w, https:\/\/www.univers-med.com\/blog\/wp-content\/uploads\/2023\/05\/leana-zaoui-100x60.jpg 100w\" sizes=\"(max-width: 1000px) 100vw, 1000px\" \/><\/figure>\n\n\n\n<div id=\"ez-toc-container\" class=\"ez-toc-v2_0_72 counter-hierarchy ez-toc-counter ez-toc-grey ez-toc-container-direction\">\n<div class=\"ez-toc-title-container\">\n<p class=\"ez-toc-title\" style=\"cursor:inherit\">Table of Contents<\/p>\n<span class=\"ez-toc-title-toggle\"><a href=\"#\" class=\"ez-toc-pull-right ez-toc-btn ez-toc-btn-xs ez-toc-btn-default ez-toc-toggle\" aria-label=\"Toggle Table of Content\"><span class=\"ez-toc-js-icon-con\"><span class=\"\"><span class=\"eztoc-hide\" style=\"display:none;\">Toggle<\/span><span class=\"ez-toc-icon-toggle-span\"><svg style=\"fill: #999;color:#999\" xmlns=\"http:\/\/www.w3.org\/2000\/svg\" class=\"list-377408\" width=\"20px\" height=\"20px\" viewBox=\"0 0 24 24\" fill=\"none\"><path d=\"M6 6H4v2h2V6zm14 0H8v2h12V6zM4 11h2v2H4v-2zm16 0H8v2h12v-2zM4 16h2v2H4v-2zm16 0H8v2h12v-2z\" fill=\"currentColor\"><\/path><\/svg><svg style=\"fill: #999;color:#999\" class=\"arrow-unsorted-368013\" xmlns=\"http:\/\/www.w3.org\/2000\/svg\" width=\"10px\" height=\"10px\" viewBox=\"0 0 24 24\" version=\"1.2\" baseProfile=\"tiny\"><path d=\"M18.2 9.3l-6.2-6.3-6.2 6.3c-.2.2-.3.4-.3.7s.1.5.3.7c.2.2.4.3.7.3h11c.3 0 .5-.1.7-.3.2-.2.3-.5.3-.7s-.1-.5-.3-.7zM5.8 14.7l6.2 6.3 6.2-6.3c.2-.2.3-.5.3-.7s-.1-.5-.3-.7c-.2-.2-.4-.3-.7-.3h-11c-.3 0-.5.1-.7.3-.2.2-.3.5-.3.7s.1.5.3.7z\"\/><\/svg><\/span><\/span><\/span><\/a><\/span><\/div>\n<nav><ul class='ez-toc-list ez-toc-list-level-1 ' ><li class='ez-toc-page-1 ez-toc-heading-level-2'><a class=\"ez-toc-link ez-toc-heading-1\" href=\"https:\/\/www.univers-med.com\/blog\/le-parcours-de-transformation-esthetique-de-leana-zaoui\/#Les_operations_de_chirurgie_esthetique_subies_par_Leana_Zaoui\" title=\"Les op\u00e9rations de chirurgie esth\u00e9tique subies par L\u00e9ana Zaoui\">Les op\u00e9rations de chirurgie esth\u00e9tique subies par L\u00e9ana Zaoui<\/a><ul class='ez-toc-list-level-3' ><li class='ez-toc-heading-level-3'><a class=\"ez-toc-link ez-toc-heading-2\" href=\"https:\/\/www.univers-med.com\/blog\/le-parcours-de-transformation-esthetique-de-leana-zaoui\/#Pourquoi_Leana_Zaoui_a_opte_pour_la_chirurgie_esthetique\" title=\"Pourquoi L\u00e9ana Zaoui a opt\u00e9 pour la chirurgie esth\u00e9tique\">Pourquoi L\u00e9ana Zaoui a opt\u00e9 pour la chirurgie esth\u00e9tique<\/a><\/li><li class='ez-toc-page-1 ez-toc-heading-level-3'><a class=\"ez-toc-link ez-toc-heading-3\" href=\"https:\/\/www.univers-med.com\/blog\/le-parcours-de-transformation-esthetique-de-leana-zaoui\/#Les_obstacles_rencontres_par_Leana_Zaoui_apres_la_chirurgie_esthetique\" title=\"Les obstacles rencontr\u00e9s par L\u00e9ana Zaoui apr\u00e8s la chirurgie esth\u00e9tique\">Les obstacles rencontr\u00e9s par L\u00e9ana Zaoui apr\u00e8s la chirurgie esth\u00e9tique<\/a><\/li><li class='ez-toc-page-1 ez-toc-heading-level-3'><a class=\"ez-toc-link ez-toc-heading-4\" href=\"https:\/\/www.univers-med.com\/blog\/le-parcours-de-transformation-esthetique-de-leana-zaoui\/#Comment_la_chirurgie_esthetique_a_influence_sa_vie\" title=\"Comment la chirurgie esth\u00e9tique a influenc\u00e9 sa vie\">Comment la chirurgie esth\u00e9tique a influenc\u00e9 sa vie<\/a><\/li><\/ul><\/li><\/ul><\/nav><\/div>\n<h2><span class=\"ez-toc-section\" id=\"Les_operations_de_chirurgie_esthetique_subies_par_Leana_Zaoui\"><\/span>Les op\u00e9rations de chirurgie esth\u00e9tique subies par L\u00e9ana Zaoui<span class=\"ez-toc-section-end\"><\/span><\/h2>\n\n\n\n<p>L\u00e9ana Zaoui, connue pour \u00eatre une <strong>influenceuse sur les r\u00e9seaux sociaux<\/strong>, a subi plusieurs op\u00e9rations de chirurgie esth\u00e9tique pour am\u00e9liorer son apparence physique. Elle a commenc\u00e9 avec des <strong>injections de botox<\/strong> pour <strong>r\u00e9duire l&rsquo;apparence des rides<\/strong> sur son <strong>front et ses yeux<\/strong>. Ensuite, elle a eu des <strong>injections d&rsquo;acide hyaluronique<\/strong> pour <strong>augmenter le volume de ses l\u00e8vres et de ses joues<\/strong>.<\/p>\n\n\n\n<p>L\u00e9ana Zaoui a \u00e9galement subi une <strong>rhinoplastie<\/strong> non chirurgicale pour <strong>affiner la forme de son nez<\/strong> sans avoir besoin de passer par une intervention chirurgicale. Elle a ensuite d\u00e9cid\u00e9 de subir une <strong><a href=\"https:\/\/www.univers-med.com\/liposuccion-tunisie.html\">liposuccion<\/a><\/strong> pour \u00e9liminer l&rsquo;exc\u00e8s de graisse dans certaines parties de son corps.<\/p> <figure class=\"wp-block-image size-full\"><img loading=\"lazy\" width=\"1000\" height=\"600\" src=\"https:\/\/www.univers-med.com\/blog\/wp-content\/uploads\/2023\/05\/leana-zaoui-chirurgie-esthetique.jpg\" alt=\"L\u00e9ana Zaoui chirurgie esthetique\" class=\"wp-image-6452\" srcset=\"https:\/\/www.univers-med.com\/blog\/wp-content\/uploads\/2023\/05\/leana-zaoui-chirurgie-esthetique.jpg 1000w, https:\/\/www.univers-med.com\/blog\/wp-content\/uploads\/2023\/05\/leana-zaoui-chirurgie-esthetique-300x180.jpg 300w, https:\/\/www.univers-med.com\/blog\/wp-content\/uploads\/2023\/05\/leana-zaoui-chirurgie-esthetique-768x461.jpg 768w, https:\/\/www.univers-med.com\/blog\/wp-content\/uploads\/2023\/05\/leana-zaoui-chirurgie-esthetique-100x60.jpg 100w\" sizes=\"(max-width: 1000px) 100vw, 1000px\" \/><\/figure>\n\n\n\n<p>Une <strong><a href=\"https:\/\/www.univers-med.com\/augmentation-mammaire-tunisie.html\">augmentation mammaire<\/a><\/strong> \u00e9tait \u00e9galement sur la liste des op\u00e9rations de L\u00e9ana Zaoui, ce qui a permis d&rsquo;<strong>augmenter le volume de sa poitrine<\/strong> et d&rsquo;<strong>am\u00e9liorer sa silhouette<\/strong>. Enfin, elle a opt\u00e9 pour une rhinoplastie chirurgicale pour plus affiner son nez et obtenir la forme d\u00e9sir\u00e9e.<\/p>\n\n\n\n<p>Malgr\u00e9 le nombre d&rsquo;op\u00e9rations qu&rsquo;elle a subies, L\u00e9ana Zaoui affirme qu&rsquo;elle n&rsquo;est pas accro \u00e0 la chirurgie esth\u00e9tique et qu&rsquo;elle prend des pr\u00e9cautions pour ne pas exag\u00e9rer les changements. Elle a \u00e9galement encourag\u00e9 les personnes int\u00e9ress\u00e9es par la chirurgie esth\u00e9tique \u00e0 faire leurs recherches et \u00e0 \u00eatre conscients des risques potentiels.<\/p>\n\n\n\n<h3><span class=\"ez-toc-section\" id=\"Pourquoi_Leana_Zaoui_a_opte_pour_la_chirurgie_esthetique\"><\/span>Pourquoi L\u00e9ana Zaoui a opt\u00e9 pour la chirurgie esth\u00e9tique<span class=\"ez-toc-section-end\"><\/span><\/h3>\n\n\n\n<p>L\u00e9ana Zaoui a expliqu\u00e9 dans plusieurs interviews qu&rsquo;elle a opt\u00e9 pour la chirurgie esth\u00e9tique pour <strong>am\u00e9liorer son apparence physique<\/strong> et gagner en confiance en elle. Elle a confi\u00e9 qu&rsquo;elle avait toujours \u00e9t\u00e9 complex\u00e9e par son nez et qu&rsquo;elle avait subi une premi\u00e8re <strong>rhinoplastie non chirurgicale<\/strong> pour corriger ce d\u00e9faut. Cependant, elle n&rsquo;\u00e9tait pas totalement satisfaite du r\u00e9sultat et a donc d\u00e9cid\u00e9 de subir une rhinoplastie chirurgicale pour affiner davantage son nez.<\/p>\n\n\n\n<p>En outre, L\u00e9ana Zaoui a \u00e9galement subi une liposuccion pour <strong>\u00e9liminer les graisses superflues<\/strong> de son corps. Elle a expliqu\u00e9 qu&rsquo;elle avait \u00e9t\u00e9 victime de harc\u00e8lement en ligne et avait \u00e9t\u00e9 insult\u00e9e en raison de son poids. Elle a donc d\u00e9cid\u00e9 de prendre les choses en main et de faire une liposuccion pour se sentir mieux dans son corps.<\/p>\n\n\n\n<p>L\u00e9ana Zaoui a \u00e9galement eu recours \u00e0 des injections de botox et d&rsquo;acide hyaluronique pour lisser les rides et rajeunir son visage. Elle a expliqu\u00e9 que cela faisait partie de son hygi\u00e8ne de vie pour prendre soin de son corps et de son apparence.<\/p>\n\n\n\n<p>Enfin, L\u00e9ana Zaoui a subi une augmentation mammaire pour augmenter la taille de sa poitrine. Elle a expliqu\u00e9 qu&rsquo;elle avait toujours \u00e9t\u00e9 complex\u00e9e par la taille de sa poitrine et qu&rsquo;elle avait subi cette op\u00e9ration pour se sentir plus f\u00e9minine et plus \u00e0 l&rsquo;aise dans son corps.<\/p>\n\n\n\n<p>En somme, L\u00e9ana Zaoui a subi plusieurs op\u00e9rations de chirurgie esth\u00e9tique pour corriger des d\u00e9fauts physiques et am\u00e9liorer son apparence. Elle a expliqu\u00e9 que ces op\u00e9rations lui ont permis de gagner en confiance en elle et de se sentir mieux dans son corps<\/p>\n\n\n\n<h3><span class=\"ez-toc-section\" id=\"Les_obstacles_rencontres_par_Leana_Zaoui_apres_la_chirurgie_esthetique\"><\/span>Les obstacles rencontr\u00e9s par L\u00e9ana Zaoui apr\u00e8s la chirurgie esth\u00e9tique<span class=\"ez-toc-section-end\"><\/span><\/h3>\n\n\n\n<p><br>Comme pour toute op\u00e9ration de chirurgie esth\u00e9tique, L\u00e9ana Zaoui a rencontr\u00e9 plusieurs obstacles apr\u00e8s ses diff\u00e9rentes interventions. Tout d&rsquo;abord, les douleurs post-op\u00e9ratoires ont \u00e9t\u00e9 difficiles \u00e0 g\u00e9rer, notamment apr\u00e8s la liposuccion et l&rsquo;augmentation mammaire. Elle a d\u00fb prendre des antidouleurs et a \u00e9t\u00e9 immobilis\u00e9e pendant plusieurs jours.<\/p>\n\n\n\n<p>En outre, L\u00e9ana a \u00e9galement rencontr\u00e9 des probl\u00e8mes de cicatrisation apr\u00e8s ses op\u00e9rations, ce qui a retard\u00e9 sa gu\u00e9rison. Elle a \u00e9galement \u00e9t\u00e9 confront\u00e9e \u00e0 une certaine stigmatisation de la part de son entourage et de ses fans, certains lui reprochant d&rsquo;avoir une image trop superficielle.<\/p>\n\n\n\n<p>Enfin, la chirurgie esth\u00e9tique peut \u00e9galement avoir des effets psychologiques sur les personnes qui la subissent. L\u00e9ana a avou\u00e9 avoir eu des doutes sur ses choix et s&rsquo;\u00eatre sentie parfois mal \u00e0 l&rsquo;aise avec son nouveau physique, craignant que les gens ne la jugent plus pour son apparence plut\u00f4t que pour sa personnalit\u00e9.<\/p>\n\n\n\n<p>Cependant, L\u00e9ana Zaoui a su surmonter ces obstacles et continuer \u00e0 vivre sa vie comme elle l&rsquo;entendait. Elle a d\u00e9cid\u00e9 de partager son exp\u00e9rience pour aider les autres \u00e0 mieux comprendre les avantages et les inconv\u00e9nients de la chirurgie esth\u00e9tique et pour d\u00e9montrer que chacun est libre de prendre ses propres d\u00e9cisions concernant son corps.<\/p>\n\n\n\n<h3><span class=\"ez-toc-section\" id=\"Comment_la_chirurgie_esthetique_a_influence_sa_vie\"><\/span>Comment la chirurgie esth\u00e9tique a influenc\u00e9 sa vie<span class=\"ez-toc-section-end\"><\/span><\/h3>\n\n\n\n<p>La chirurgie esth\u00e9tique a eu un impact significatif sur la vie de L\u00e9ana Zaoui. Elle a partag\u00e9 ouvertement ses exp\u00e9riences avec ses fans sur les r\u00e9seaux sociaux, et a admis que la chirurgie esth\u00e9tique avait transform\u00e9 sa vie de plusieurs mani\u00e8res.<\/p>\n\n\n\n<p>Tout d&rsquo;abord, L\u00e9ana a d\u00e9clar\u00e9 que la chirurgie esth\u00e9tique lui avait donn\u00e9 une plus grande confiance en elle. Elle a expliqu\u00e9 qu&rsquo;avant de subir ces op\u00e9rations, elle se sentait mal \u00e0 l&rsquo;aise dans sa propre peau, et qu&rsquo;elle n&rsquo;aimait pas la fa\u00e7on dont elle apparaissait sur les photos. La chirurgie esth\u00e9tique lui a permis de se sentir plus en phase avec son apparence physique, et cela s&rsquo;est traduit par une confiance accrue dans sa vie quotidienne.<\/p>\n\n\n\n<p>De plus, L\u00e9ana a d\u00e9clar\u00e9 que la chirurgie esth\u00e9tique avait am\u00e9lior\u00e9 son image professionnelle. Elle a expliqu\u00e9 que dans le monde de l&rsquo;influence et des r\u00e9seaux sociaux, il est important d&rsquo;avoir une apparence soign\u00e9e et impeccable. Selon elle, la chirurgie esth\u00e9tique lui a donn\u00e9 une image plus professionnelle et plus cr\u00e9dible, ce qui a contribu\u00e9 \u00e0 son succ\u00e8s en tant qu&rsquo;influenceuse.<\/p>\n\n\n\n<p>Cependant, la chirurgie esth\u00e9tique a \u00e9galement eu un impact n\u00e9gatif sur la vie de L\u00e9ana. Elle a \u00e9t\u00e9 victime de cyberharc\u00e8lement et de critiques pour ses choix de chirurgie esth\u00e9tique, ce qui a affect\u00e9 sa sant\u00e9 mentale. Elle a admis qu&rsquo;elle avait l&rsquo;impression de ne jamais pouvoir satisfaire tout le monde, et que les critiques constantes avaient un effet n\u00e9gatif sur sa confiance en elle.<\/p>\n\n\n\n<p>En fin de compte, la chirurgie esth\u00e9tique a eu un impact significatif sur la vie de L\u00e9ana Zaoui. Bien qu&rsquo;elle ait connu des avantages consid\u00e9rables, elle a \u00e9galement d\u00fb faire face \u00e0 des obstacles et des critiques. Toutefois, elle a \u00e9t\u00e9 honn\u00eate avec ses fans sur les effets positifs et n\u00e9gatifs de la chirurgie esth\u00e9tique sur sa vie, et elle continue d&rsquo;inspirer les gens \u00e0 \u00eatre confiants et \u00e0 aimer leur corps tel qu&rsquo;il est.<\/p>\n","protected":false},"excerpt":{"rendered":"<p>L\u00e9ana Zaoui est une jeune femme fran\u00e7aise de 23 ans, n\u00e9e en 1998 \u00e0 Strasbourg. Elle est principalement connue pour sa participation \u00e0 l&rsquo;\u00e9mission de t\u00e9l\u00e9r\u00e9alit\u00e9 \u00ab\u00a0Les Marseillais\u00ab\u00a0, diffus\u00e9e sur la cha\u00eene de t\u00e9l\u00e9vision fran\u00e7aise W9. Elle a \u00e9galement particip\u00e9 \u00e0 d&rsquo;autres \u00e9missions de t\u00e9l\u00e9r\u00e9alit\u00e9 comme \u00ab\u00a0Les Princes et les Princesses de l&rsquo;Amour\u00a0\u00bb et \u00ab\u00a0Moundir [&hellip;]<\/p>\n","protected":false},"author":1,"featured_media":6449,"comment_status":"closed","ping_status":"closed","sticky":false,"template":"","format":"standard","meta":[],"categories":[1105],"tags":[],"yoast_head":"<!-- This site is optimized with the Yoast SEO plugin v20.6 - https:\/\/yoast.com\/wordpress\/plugins\/seo\/ -->\n<title>La transformation esth\u00e9tique de L\u00e9ana Zaoui<\/title>\n<meta name=\"description\" content=\"Le parcours de transformation esth\u00e9tique de L\u00e9ana Zaoui. Elle a commenc\u00e9 avec des injections de botox pour r\u00e9duire l&#039;apparence des rides. Les op\u00e9rations ..\" \/>\n<meta name=\"robots\" content=\"index, follow, max-snippet:-1, max-image-preview:large, max-video-preview:-1\" \/>\n<link rel=\"canonical\" href=\"https:\/\/www.univers-med.com\/blog\/le-parcours-de-transformation-esthetique-de-leana-zaoui\/\" \/>\n<meta property=\"og:locale\" content=\"fr_FR\" \/>\n<meta property=\"og:type\" content=\"article\" \/>\n<meta property=\"og:title\" content=\"La transformation esth\u00e9tique de L\u00e9ana Zaoui\" \/>\n<meta property=\"og:description\" content=\"Le parcours de transformation esth\u00e9tique de L\u00e9ana Zaoui. Elle a commenc\u00e9 avec des injections de botox pour r\u00e9duire l&#039;apparence des rides. Les op\u00e9rations ..\" \/>\n<meta property=\"og:url\" content=\"https:\/\/www.univers-med.com\/blog\/le-parcours-de-transformation-esthetique-de-leana-zaoui\/\" \/>\n<meta property=\"og:site_name\" content=\"Blog Univers-med\" \/>\n<meta property=\"article:published_time\" content=\"2023-04-05T11:53:00+00:00\" \/>\n<meta property=\"article:modified_time\" content=\"2023-06-21T10:07:58+00:00\" \/>\n<meta property=\"og:image\" content=\"https:\/\/www.univers-med.com\/blog\/wp-content\/uploads\/2023\/04\/leana-zaoui.jpg\" \/>\n\t<meta property=\"og:image:width\" content=\"1050\" \/>\n\t<meta property=\"og:image:height\" content=\"700\" \/>\n\t<meta property=\"og:image:type\" content=\"image\/jpeg\" \/>\n<meta name=\"author\" content=\"blog-univers-med\" \/>\n<meta name=\"twitter:card\" content=\"summary_large_image\" \/>\n<meta name=\"twitter:creator\" content=\"@MeduniversTn\" \/>\n<meta name=\"twitter:site\" content=\"@MeduniversTn\" \/>\n<script type=\"application\/ld+json\" class=\"yoast-schema-graph\">{\"@context\":\"https:\/\/schema.org\",\"@graph\":[{\"@type\":\"Article\",\"@id\":\"https:\/\/www.univers-med.com\/blog\/le-parcours-de-transformation-esthetique-de-leana-zaoui\/#article\",\"isPartOf\":{\"@id\":\"https:\/\/www.univers-med.com\/blog\/le-parcours-de-transformation-esthetique-de-leana-zaoui\/\"},\"author\":{\"name\":\"blog-univers-med\",\"@id\":\"https:\/\/www.univers-med.com\/blog\/#\/schema\/person\/a4d4b2b10c240db88faecbdd5f1175cf\"},\"headline\":\"Le parcours de transformation esth\u00e9tique de L\u00e9ana Zaoui\",\"datePublished\":\"2023-04-05T11:53:00+00:00\",\"dateModified\":\"2023-06-21T10:07:58+00:00\",\"mainEntityOfPage\":{\"@id\":\"https:\/\/www.univers-med.com\/blog\/le-parcours-de-transformation-esthetique-de-leana-zaoui\/\"},\"wordCount\":1313,\"publisher\":{\"@id\":\"https:\/\/www.univers-med.com\/blog\/#\/schema\/person\/a4d4b2b10c240db88faecbdd5f1175cf\"},\"articleSection\":[\"Beaut\u00e9 des stars\"],\"inLanguage\":\"fr-FR\"},{\"@type\":\"WebPage\",\"@id\":\"https:\/\/www.univers-med.com\/blog\/le-parcours-de-transformation-esthetique-de-leana-zaoui\/\",\"url\":\"https:\/\/www.univers-med.com\/blog\/le-parcours-de-transformation-esthetique-de-leana-zaoui\/\",\"name\":\"La transformation esth\u00e9tique de L\u00e9ana Zaoui\",\"isPartOf\":{\"@id\":\"https:\/\/www.univers-med.com\/blog\/#website\"},\"datePublished\":\"2023-04-05T11:53:00+00:00\",\"dateModified\":\"2023-06-21T10:07:58+00:00\",\"description\":\"Le parcours de transformation esth\u00e9tique de L\u00e9ana Zaoui. Elle a commenc\u00e9 avec des injections de botox pour r\u00e9duire l'apparence des rides. Les op\u00e9rations ..\",\"breadcrumb\":{\"@id\":\"https:\/\/www.univers-med.com\/blog\/le-parcours-de-transformation-esthetique-de-leana-zaoui\/#breadcrumb\"},\"inLanguage\":\"fr-FR\",\"potentialAction\":[{\"@type\":\"ReadAction\",\"target\":[\"https:\/\/www.univers-med.com\/blog\/le-parcours-de-transformation-esthetique-de-leana-zaoui\/\"]}]},{\"@type\":\"BreadcrumbList\",\"@id\":\"https:\/\/www.univers-med.com\/blog\/le-parcours-de-transformation-esthetique-de-leana-zaoui\/#breadcrumb\",\"itemListElement\":[{\"@type\":\"ListItem\",\"position\":1,\"name\":\"Accueil\",\"item\":\"https:\/\/www.univers-med.com\/blog\/\"},{\"@type\":\"ListItem\",\"position\":2,\"name\":\"Le parcours de transformation esth\u00e9tique de L\u00e9ana Zaoui\"}]},{\"@type\":\"WebSite\",\"@id\":\"https:\/\/www.univers-med.com\/blog\/#website\",\"url\":\"https:\/\/www.univers-med.com\/blog\/\",\"name\":\"Blog Univers-med\",\"description\":\"Blog Univers-med\",\"publisher\":{\"@id\":\"https:\/\/www.univers-med.com\/blog\/#\/schema\/person\/a4d4b2b10c240db88faecbdd5f1175cf\"},\"alternateName\":\"chirurgie esth\u00e9tique Tunisie\",\"potentialAction\":[{\"@type\":\"SearchAction\",\"target\":{\"@type\":\"EntryPoint\",\"urlTemplate\":\"https:\/\/www.univers-med.com\/blog\/?s={search_term_string}\"},\"query-input\":\"required name=search_term_string\"}],\"inLanguage\":\"fr-FR\"},{\"@type\":[\"Person\",\"Organization\"],\"@id\":\"https:\/\/www.univers-med.com\/blog\/#\/schema\/person\/a4d4b2b10c240db88faecbdd5f1175cf\",\"name\":\"blog-univers-med\",\"image\":{\"@type\":\"ImageObject\",\"inLanguage\":\"fr-FR\",\"@id\":\"https:\/\/www.univers-med.com\/blog\/#\/schema\/person\/image\/\",\"url\":\"https:\/\/www.univers-med.com\/blog\/wp-content\/uploads\/2020\/10\/cropped-logo-1.png\",\"contentUrl\":\"https:\/\/www.univers-med.com\/blog\/wp-content\/uploads\/2020\/10\/cropped-logo-1.png\",\"width\":512,\"height\":512,\"caption\":\"blog-univers-med\"},\"logo\":{\"@id\":\"https:\/\/www.univers-med.com\/blog\/#\/schema\/person\/image\/\"},\"sameAs\":[\"https:\/\/www.instagram.com\/univers_med_officiel\/\"],\"url\":\"https:\/\/www.univers-med.com\/blog\/author\/blog-univers-med\/\"}]}<\/script>\n<!-- \/ Yoast SEO plugin. -->","yoast_head_json":{"title":"La transformation esth\u00e9tique de L\u00e9ana Zaoui","description":"Le parcours de transformation esth\u00e9tique de L\u00e9ana Zaoui. Elle a commenc\u00e9 avec des injections de botox pour r\u00e9duire l'apparence des rides. Les op\u00e9rations ..","robots":{"index":"index","follow":"follow","max-snippet":"max-snippet:-1","max-image-preview":"max-image-preview:large","max-video-preview":"max-video-preview:-1"},"canonical":"https:\/\/www.univers-med.com\/blog\/le-parcours-de-transformation-esthetique-de-leana-zaoui\/","og_locale":"fr_FR","og_type":"article","og_title":"La transformation esth\u00e9tique de L\u00e9ana Zaoui","og_description":"Le parcours de transformation esth\u00e9tique de L\u00e9ana Zaoui. Elle a commenc\u00e9 avec des injections de botox pour r\u00e9duire l'apparence des rides. Les op\u00e9rations ..","og_url":"https:\/\/www.univers-med.com\/blog\/le-parcours-de-transformation-esthetique-de-leana-zaoui\/","og_site_name":"Blog Univers-med","article_published_time":"2023-04-05T11:53:00+00:00","article_modified_time":"2023-06-21T10:07:58+00:00","og_image":[{"width":1050,"height":700,"url":"https:\/\/www.univers-med.com\/blog\/wp-content\/uploads\/2023\/04\/leana-zaoui.jpg","type":"image\/jpeg"}],"author":"blog-univers-med","twitter_card":"summary_large_image","twitter_creator":"@MeduniversTn","twitter_site":"@MeduniversTn","schema":{"@context":"https:\/\/schema.org","@graph":[{"@type":"Article","@id":"https:\/\/www.univers-med.com\/blog\/le-parcours-de-transformation-esthetique-de-leana-zaoui\/#article","isPartOf":{"@id":"https:\/\/www.univers-med.com\/blog\/le-parcours-de-transformation-esthetique-de-leana-zaoui\/"},"author":{"name":"blog-univers-med","@id":"https:\/\/www.univers-med.com\/blog\/#\/schema\/person\/a4d4b2b10c240db88faecbdd5f1175cf"},"headline":"Le parcours de transformation esth\u00e9tique de L\u00e9ana Zaoui","datePublished":"2023-04-05T11:53:00+00:00","dateModified":"2023-06-21T10:07:58+00:00","mainEntityOfPage":{"@id":"https:\/\/www.univers-med.com\/blog\/le-parcours-de-transformation-esthetique-de-leana-zaoui\/"},"wordCount":1313,"publisher":{"@id":"https:\/\/www.univers-med.com\/blog\/#\/schema\/person\/a4d4b2b10c240db88faecbdd5f1175cf"},"articleSection":["Beaut\u00e9 des stars"],"inLanguage":"fr-FR"},{"@type":"WebPage","@id":"https:\/\/www.univers-med.com\/blog\/le-parcours-de-transformation-esthetique-de-leana-zaoui\/","url":"https:\/\/www.univers-med.com\/blog\/le-parcours-de-transformation-esthetique-de-leana-zaoui\/","name":"La transformation esth\u00e9tique de L\u00e9ana Zaoui","isPartOf":{"@id":"https:\/\/www.univers-med.com\/blog\/#website"},"datePublished":"2023-04-05T11:53:00+00:00","dateModified":"2023-06-21T10:07:58+00:00","description":"Le parcours de transformation esth\u00e9tique de L\u00e9ana Zaoui. Elle a commenc\u00e9 avec des injections de botox pour r\u00e9duire l'apparence des rides. Les op\u00e9rations ..","breadcrumb":{"@id":"https:\/\/www.univers-med.com\/blog\/le-parcours-de-transformation-esthetique-de-leana-zaoui\/#breadcrumb"},"inLanguage":"fr-FR","potentialAction":[{"@type":"ReadAction","target":["https:\/\/www.univers-med.com\/blog\/le-parcours-de-transformation-esthetique-de-leana-zaoui\/"]}]},{"@type":"BreadcrumbList","@id":"https:\/\/www.univers-med.com\/blog\/le-parcours-de-transformation-esthetique-de-leana-zaoui\/#breadcrumb","itemListElement":[{"@type":"ListItem","position":1,"name":"Accueil","item":"https:\/\/www.univers-med.com\/blog\/"},{"@type":"ListItem","position":2,"name":"Le parcours de transformation esth\u00e9tique de L\u00e9ana Zaoui"}]},{"@type":"WebSite","@id":"https:\/\/www.univers-med.com\/blog\/#website","url":"https:\/\/www.univers-med.com\/blog\/","name":"Blog Univers-med","description":"Blog Univers-med","publisher":{"@id":"https:\/\/www.univers-med.com\/blog\/#\/schema\/person\/a4d4b2b10c240db88faecbdd5f1175cf"},"alternateName":"chirurgie esth\u00e9tique Tunisie","potentialAction":[{"@type":"SearchAction","target":{"@type":"EntryPoint","urlTemplate":"https:\/\/www.univers-med.com\/blog\/?s={search_term_string}"},"query-input":"required name=search_term_string"}],"inLanguage":"fr-FR"},{"@type":["Person","Organization"],"@id":"https:\/\/www.univers-med.com\/blog\/#\/schema\/person\/a4d4b2b10c240db88faecbdd5f1175cf","name":"blog-univers-med","image":{"@type":"ImageObject","inLanguage":"fr-FR","@id":"https:\/\/www.univers-med.com\/blog\/#\/schema\/person\/image\/","url":"https:\/\/www.univers-med.com\/blog\/wp-content\/uploads\/2020\/10\/cropped-logo-1.png","contentUrl":"https:\/\/www.univers-med.com\/blog\/wp-content\/uploads\/2020\/10\/cropped-logo-1.png","width":512,"height":512,"caption":"blog-univers-med"},"logo":{"@id":"https:\/\/www.univers-med.com\/blog\/#\/schema\/person\/image\/"},"sameAs":["https:\/\/www.instagram.com\/univers_med_officiel\/"],"url":"https:\/\/www.univers-med.com\/blog\/author\/blog-univers-med\/"}]}},"_links":{"self":[{"href":"https:\/\/www.univers-med.com\/blog\/wp-json\/wp\/v2\/posts\/6447"}],"collection":[{"href":"https:\/\/www.univers-med.com\/blog\/wp-json\/wp\/v2\/posts"}],"about":[{"href":"https:\/\/www.univers-med.com\/blog\/wp-json\/wp\/v2\/types\/post"}],"author":[{"embeddable":true,"href":"https:\/\/www.univers-med.com\/blog\/wp-json\/wp\/v2\/users\/1"}],"replies":[{"embeddable":true,"href":"https:\/\/www.univers-med.com\/blog\/wp-json\/wp\/v2\/comments?post=6447"}],"version-history":[{"count":10,"href":"https:\/\/www.univers-med.com\/blog\/wp-json\/wp\/v2\/posts\/6447\/revisions"}],"predecessor-version":[{"id":7302,"href":"https:\/\/www.univers-med.com\/blog\/wp-json\/wp\/v2\/posts\/6447\/revisions\/7302"}],"wp:featuredmedia":[{"embeddable":true,"href":"https:\/\/www.univers-med.com\/blog\/wp-json\/wp\/v2\/media\/6449"}],"wp:attachment":[{"href":"https:\/\/www.univers-med.com\/blog\/wp-json\/wp\/v2\/media?parent=6447"}],"wp:term":[{"taxonomy":"category","embeddable":true,"href":"https:\/\/www.univers-med.com\/blog\/wp-json\/wp\/v2\/categories?post=6447"},{"taxonomy":"post_tag","embeddable":true,"href":"https:\/\/www.univers-med.com\/blog\/wp-json\/wp\/v2\/tags?post=6447"}],"curies":[{"name":"wp","href":"https:\/\/api.w.org\/{rel}","templated":true}]}}