{"id":6432,"date":"2023-04-03T13:12:00","date_gmt":"2023-04-03T11:12:00","guid":{"rendered":"https:\/\/www.univers-med.com\/blog\/?p=6432"},"modified":"2023-06-20T16:19:09","modified_gmt":"2023-06-20T14:19:09","slug":"camille-cerf-revele-avoir-subi-une-intervention-de-chirurgie-esthetique","status":"publish","type":"post","link":"https:\/\/www.univers-med.com\/blog\/camille-cerf-revele-avoir-subi-une-intervention-de-chirurgie-esthetique\/","title":{"rendered":"Camille Cerf et la chirurgie esth\u00e9tique : ses confidences"},"content":{"rendered":"\n<figure class=\"wp-block-image size-full\"><img loading=\"lazy\" width=\"1000\" height=\"600\" src=\"https:\/\/www.univers-med.com\/blog\/wp-content\/uploads\/2023\/05\/camille-cerf.jpg\" alt=\"Camille Cerf\" class=\"wp-image-6438\" srcset=\"https:\/\/www.univers-med.com\/blog\/wp-content\/uploads\/2023\/05\/camille-cerf.jpg 1000w, https:\/\/www.univers-med.com\/blog\/wp-content\/uploads\/2023\/05\/camille-cerf-300x180.jpg 300w, https:\/\/www.univers-med.com\/blog\/wp-content\/uploads\/2023\/05\/camille-cerf-768x461.jpg 768w, https:\/\/www.univers-med.com\/blog\/wp-content\/uploads\/2023\/05\/camille-cerf-100x60.jpg 100w\" sizes=\"(max-width: 1000px) 100vw, 1000px\" \/><figcaption><strong>Getty Images \/ Camille Cerf \u00e0 Roland Garros, 2022<\/strong><\/figcaption><\/figure>\n\n\n\n<div id=\"ez-toc-container\" class=\"ez-toc-v2_0_72 counter-hierarchy ez-toc-counter ez-toc-grey ez-toc-container-direction\">\n<div class=\"ez-toc-title-container\">\n<p class=\"ez-toc-title\" style=\"cursor:inherit\">Table of Contents<\/p>\n<span class=\"ez-toc-title-toggle\"><a href=\"#\" class=\"ez-toc-pull-right ez-toc-btn ez-toc-btn-xs ez-toc-btn-default ez-toc-toggle\" aria-label=\"Toggle Table of Content\"><span class=\"ez-toc-js-icon-con\"><span class=\"\"><span class=\"eztoc-hide\" style=\"display:none;\">Toggle<\/span><span class=\"ez-toc-icon-toggle-span\"><svg style=\"fill: #999;color:#999\" xmlns=\"http:\/\/www.w3.org\/2000\/svg\" class=\"list-377408\" width=\"20px\" height=\"20px\" viewBox=\"0 0 24 24\" fill=\"none\"><path d=\"M6 6H4v2h2V6zm14 0H8v2h12V6zM4 11h2v2H4v-2zm16 0H8v2h12v-2zM4 16h2v2H4v-2zm16 0H8v2h12v-2z\" fill=\"currentColor\"><\/path><\/svg><svg style=\"fill: #999;color:#999\" class=\"arrow-unsorted-368013\" xmlns=\"http:\/\/www.w3.org\/2000\/svg\" width=\"10px\" height=\"10px\" viewBox=\"0 0 24 24\" version=\"1.2\" baseProfile=\"tiny\"><path d=\"M18.2 9.3l-6.2-6.3-6.2 6.3c-.2.2-.3.4-.3.7s.1.5.3.7c.2.2.4.3.7.3h11c.3 0 .5-.1.7-.3.2-.2.3-.5.3-.7s-.1-.5-.3-.7zM5.8 14.7l6.2 6.3 6.2-6.3c.2-.2.3-.5.3-.7s-.1-.5-.3-.7c-.2-.2-.4-.3-.7-.3h-11c-.3 0-.5.1-.7.3-.2.2-.3.5-.3.7s.1.5.3.7z\"\/><\/svg><\/span><\/span><\/span><\/a><\/span><\/div>\n<nav><ul class='ez-toc-list ez-toc-list-level-1 ' ><li class='ez-toc-page-1 ez-toc-heading-level-2'><a class=\"ez-toc-link ez-toc-heading-1\" href=\"https:\/\/www.univers-med.com\/blog\/camille-cerf-revele-avoir-subi-une-intervention-de-chirurgie-esthetique\/#Qui_est_Camille_Cerf\" title=\"Qui est Camille Cerf ?\">Qui est Camille Cerf ?<\/a><ul class='ez-toc-list-level-3' ><li class='ez-toc-heading-level-3'><a class=\"ez-toc-link ez-toc-heading-2\" href=\"https:\/\/www.univers-med.com\/blog\/camille-cerf-revele-avoir-subi-une-intervention-de-chirurgie-esthetique\/#Camille_Cerf_a_revele_quelle_a_subi_une_rhinoplastie\" title=\"Camille Cerf a r\u00e9v\u00e9l\u00e9 qu&rsquo;elle a subi une rhinoplastie\">Camille Cerf a r\u00e9v\u00e9l\u00e9 qu&rsquo;elle a subi une rhinoplastie<\/a><\/li><li class='ez-toc-page-1 ez-toc-heading-level-3'><a class=\"ez-toc-link ez-toc-heading-3\" href=\"https:\/\/www.univers-med.com\/blog\/camille-cerf-revele-avoir-subi-une-intervention-de-chirurgie-esthetique\/#Comment_ses_fans_ont_accueilli_la_nouvelle\" title=\"Comment ses fans ont accueilli la nouvelle ?\">Comment ses fans ont accueilli la nouvelle ?<\/a><\/li><li class='ez-toc-page-1 ez-toc-heading-level-3'><a class=\"ez-toc-link ez-toc-heading-4\" href=\"https:\/\/www.univers-med.com\/blog\/camille-cerf-revele-avoir-subi-une-intervention-de-chirurgie-esthetique\/#Les_operations_de_chirurgie_esthetique_et_limage_des_personnalites\" title=\"Les op\u00e9rations de chirurgie esth\u00e9tique et l\u2019image des personnalit\u00e9s\">Les op\u00e9rations de chirurgie esth\u00e9tique et l\u2019image des personnalit\u00e9s<\/a><\/li><\/ul><\/li><\/ul><\/nav><\/div>\n<h2><span class=\"ez-toc-section\" id=\"Qui_est_Camille_Cerf\"><\/span>Qui est Camille Cerf ?<span class=\"ez-toc-section-end\"><\/span><\/h2>\n\n\n\n<p><strong>Camille Cerf<\/strong> est une <strong>personnalit\u00e9 fran\u00e7aise<\/strong> connue pour avoir remport\u00e9 le titre de Miss France en 2015. Elle est \u00e9galement une animatrice de t\u00e9l\u00e9vision et une influenceuse sur les r\u00e9seaux sociaux. Avec sa beaut\u00e9 naturelle et son charisme, elle est devenue une figure embl\u00e9matique de la beaut\u00e9 en France. Cependant, r\u00e9cemment, elle a choqu\u00e9 ses fans en r\u00e9v\u00e9lant qu&rsquo;elle avait subi une <strong><a href=\"https:\/\/www.univers-med.com\/rhinoplastie-tunisie.html\">rhinoplastie<\/a><\/strong>.<\/p>\n\n\n\n<h3><span class=\"ez-toc-section\" id=\"Camille_Cerf_a_revele_quelle_a_subi_une_rhinoplastie\"><\/span>Camille Cerf a r\u00e9v\u00e9l\u00e9 qu&rsquo;elle a subi une rhinoplastie<span class=\"ez-toc-section-end\"><\/span><\/h3>\n\n\n\n<p>Dans une interview, Camille Cerf a r\u00e9v\u00e9l\u00e9 qu&rsquo;elle avait subi une rhinoplastie. Elle a expliqu\u00e9 qu&rsquo;elle avait toujours \u00e9t\u00e9 complex\u00e9e par son nez, qui \u00e9tait bossel\u00e9 et l\u00e9g\u00e8rement tordu. Elle a finalement d\u00e9cid\u00e9 de subir une rhinoplastie pour corriger ces d\u00e9fauts.<\/p>\n\n\n\n<h4>Qu\u2019est-ce qu\u2019une rhinoplastie ?<\/h4>\n\n\n\n<p>La rhinoplastie est une intervention de chirurgie esth\u00e9tique qui vise \u00e0 <strong>remodeler le nez<\/strong>. Elle peut \u00eatre r\u00e9alis\u00e9e pour corriger des probl\u00e8mes esth\u00e9tiques tels que des <strong>bosses, une pointe de nez large, un nez tordu ou un nez trop grand<\/strong>. Elle peut \u00e9galement \u00eatre r\u00e9alis\u00e9e pour corriger des probl\u00e8mes fonctionnels tels que des probl\u00e8mes de respiration dus \u00e0 une d\u00e9viation de la cloison nasale.<\/p>\n\n\n\n<h4>Pourquoi Camille Cerf a d\u00e9cid\u00e9 de subir une rhinoplastie ?<\/h4>\n\n\n\n<p>Camille Cerf est une ancienne Miss France et une personnalit\u00e9 publique influente en France. Elle a r\u00e9cemment r\u00e9v\u00e9l\u00e9 avoir subi une rhinoplastie, une op\u00e9ration de chirurgie esth\u00e9tique visant \u00e0 <strong>modifier la forme du nez<\/strong>. La jeune femme a expliqu\u00e9 que cette d\u00e9cision avait \u00e9t\u00e9 prise apr\u00e8s plusieurs ann\u00e9es de r\u00e9flexion.<\/p>\n\n\n\n<p>Selon Camille Cerf, sa d\u00e9cision de subir une rhinoplastie \u00e9tait motiv\u00e9e par un d\u00e9sir de se sentir plus \u00e0 l&rsquo;aise dans sa propre peau. Elle a expliqu\u00e9 qu&rsquo;elle avait toujours \u00e9t\u00e9 complex\u00e9e par la forme de son nez, qu&rsquo;elle trouvait trop large et mal proportionn\u00e9 par <strong>rapport \u00e0 son visage<\/strong>. Ces complexes ont commenc\u00e9 \u00e0 affecter sa confiance en elle, en particulier lors de ses apparitions publiques.<\/p>\n\n\n\n<p>En fin de compte, Camille Cerf a d\u00e9cid\u00e9 de subir une rhinoplastie pour se sentir mieux dans sa peau et pour am\u00e9liorer sa confiance en elle. Elle a d\u00e9clar\u00e9 que l&rsquo;op\u00e9ration avait \u00e9t\u00e9 un succ\u00e8s et qu&rsquo;elle \u00e9tait heureuse du r\u00e9sultat. Pour elle, il s&rsquo;agit d&rsquo;un choix personnel et elle encourage chacun \u00e0 faire ce qui le rend heureux et \u00e0 se sentir bien dans sa peau.<\/p>\n\n\n\n<h3><span class=\"ez-toc-section\" id=\"Comment_ses_fans_ont_accueilli_la_nouvelle\"><\/span>Comment ses fans ont accueilli la nouvelle ?<span class=\"ez-toc-section-end\"><\/span><\/h3>\n\n\n\n<p>Lorsque Camille Cerf a r\u00e9v\u00e9l\u00e9 avoir subi une rhinoplastie, ses fans ont r\u00e9agi de mani\u00e8re mitig\u00e9e. Certains l&rsquo;ont soutenue et ont lou\u00e9 son courage d&rsquo;avoir partag\u00e9 une d\u00e9cision aussi personnelle avec le public, tandis que d&rsquo;autres ont exprim\u00e9 leur d\u00e9ception et leur frustration face \u00e0 la pression sociale et m\u00e9diatique qui pousse les femmes \u00e0 changer leur apparence physique.<\/p>\n\n\n\n<p>Certains fans ont \u00e9galement exprim\u00e9 leur inqui\u00e9tude quant au message que cela envoie \u00e0 ses jeunes fans. En tant que figure publique, Camille Cerf est suivie par de nombreuses jeunes femmes qui peuvent \u00eatre influenc\u00e9es par ses choix. Certains craignent que sa d\u00e9cision de subir une chirurgie esth\u00e9tique puisse encourager des comportements dangereux et malsains, comme la poursuite de la perfection physique au d\u00e9triment de la sant\u00e9 mentale et physique.<\/p>\n\n\n\n<p>Cependant, d&rsquo;autres fans ont soutenu Camille Cerf en affirmant que c&rsquo;\u00e9tait son corps et que c&rsquo;\u00e9tait son choix personnel. Ils ont \u00e9galement soulign\u00e9 que chaque individu a le droit de se sentir bien dans sa propre peau, qu&rsquo;il s&rsquo;agisse ou non de subir une chirurgie esth\u00e9tique.<\/p>\n\n\n\n<p>Dans l&rsquo;ensemble, la d\u00e9cision de Camille Cerf de subir une rhinoplastie a suscit\u00e9 des r\u00e9actions vari\u00e9es de la part de ses fans, mais elle a \u00e9galement ouvert un d\u00e9bat important sur les normes de beaut\u00e9 et les pressions sociales qui p\u00e8sent sur les femmes en particulier.<\/p>\n\n\n\n<h3><span class=\"ez-toc-section\" id=\"Les_operations_de_chirurgie_esthetique_et_limage_des_personnalites\"><\/span>Les op\u00e9rations de chirurgie esth\u00e9tique et l\u2019image des personnalit\u00e9s<span class=\"ez-toc-section-end\"><\/span><\/h3>\n\n\n\n<figure class=\"wp-block-image size-full\"><img loading=\"lazy\" width=\"1000\" height=\"600\" src=\"https:\/\/www.univers-med.com\/blog\/wp-content\/uploads\/2023\/05\/camille-cerf-chirurgie-esthetique.jpg\" alt=\"Camille Cerf chirurgie esthetique\" class=\"wp-image-6444\" srcset=\"https:\/\/www.univers-med.com\/blog\/wp-content\/uploads\/2023\/05\/camille-cerf-chirurgie-esthetique.jpg 1000w, https:\/\/www.univers-med.com\/blog\/wp-content\/uploads\/2023\/05\/camille-cerf-chirurgie-esthetique-300x180.jpg 300w, https:\/\/www.univers-med.com\/blog\/wp-content\/uploads\/2023\/05\/camille-cerf-chirurgie-esthetique-768x461.jpg 768w, https:\/\/www.univers-med.com\/blog\/wp-content\/uploads\/2023\/05\/camille-cerf-chirurgie-esthetique-100x60.jpg 100w\" sizes=\"(max-width: 1000px) 100vw, 1000px\" \/><\/figure>\n\n\n\n<p>Les personnalit\u00e9s publiques subissent souvent des pressions pour para\u00eetre parfaites, que ce soit dans les m\u00e9dias sociaux, sur les tapis rouges ou \u00e0 la t\u00e9l\u00e9vision. Les <strong><a href=\"https:\/\/www.univers-med.com\">op\u00e9rations de chirurgie esth\u00e9tique<\/a><\/strong> peuvent leur permettre de r\u00e9pondre \u00e0 ces attentes, mais elles peuvent \u00e9galement avoir des cons\u00e9quences sur leur image et leur carri\u00e8re.<\/p>\n\n\n\n<p>D&rsquo;une part, les op\u00e9rations de chirurgie esth\u00e9tique peuvent am\u00e9liorer l&rsquo;apparence des personnalit\u00e9s publiques et leur donner un coup de pouce de confiance en soi. Cela peut \u00e9galement augmenter leur attractivit\u00e9 pour le public, les m\u00e9dias et les marques de mode et de beaut\u00e9. En fin de compte, cela peut se traduire par une carri\u00e8re plus florissante et une plus grande influence dans leur domaine d&rsquo;expertise.<\/p>\n\n\n\n<p>D&rsquo;autre part, les op\u00e9rations de chirurgie esth\u00e9tique peuvent \u00e9galement avoir des cons\u00e9quences n\u00e9gatives. Les modifications radicales de l&rsquo;apparence peuvent parfois donner lieu \u00e0 des r\u00e9actions mitig\u00e9es de la part du public. Les fans peuvent se sentir tromp\u00e9s ou d\u00e9\u00e7us de voir leur personnalit\u00e9 pr\u00e9f\u00e9r\u00e9e changer radicalement de visage ou de corps, et cela peut affecter leur image publique. Certaines personnalit\u00e9s peuvent \u00e9galement \u00eatre critiqu\u00e9es pour avoir c\u00e9d\u00e9 aux pressions de l&rsquo;industrie de la beaut\u00e9, ce qui peut nuire \u00e0 leur cr\u00e9dibilit\u00e9 et \u00e0 leur int\u00e9grit\u00e9.<\/p>\n\n\n\n<p>En fin de compte, il est important pour les personnalit\u00e9s publiques de peser soigneusement les avantages et les inconv\u00e9nients avant de d\u00e9cider de subir une op\u00e9ration de chirurgie esth\u00e9tique. Ils doivent \u00e9galement \u00eatre conscients des cons\u00e9quences potentielles sur leur image et leur carri\u00e8re, et \u00eatre pr\u00eats \u00e0 faire face aux r\u00e9actions du public et des m\u00e9dias.<\/p>\n\n\n\n<h4>Quelles sont les alternatives non chirurgicales \u00e0 une rhinoplastie?<\/h4>\n\n\n\n<p><br>Si vous n&rsquo;\u00eates pas pr\u00eat \u00e0 subir une intervention chirurgicale, il existe des alternatives non invasives pour corriger les d\u00e9fauts esth\u00e9tiques de votre nez. Voici quelques options :<\/p>\n\n\n\n<ul><li>Le <strong>maquillage<\/strong> : L&rsquo;utilisation de produits cosm\u00e9tiques tels que des correcteurs de teint, des illuminateurs et des ombres peut aider \u00e0 corriger les d\u00e9fauts mineurs tels que des bosses ou des imperfections sur le nez. Cela peut \u00eatre une solution temporaire pour les occasions sp\u00e9ciales.<\/li><li>La <strong>rhinoplastie m\u00e9dicale<\/strong> : Cette technique utilise des injections d&rsquo;acide hyaluronique pour corriger les d\u00e9fauts mineurs de la forme du nez, tels que les bosses et les creux. Les r\u00e9sultats ne sont pas permanents, mais ils peuvent durer de 6 mois \u00e0 un an.<\/li><li>Les <strong>exercices nasaux<\/strong> : Les exercices nasaux peuvent aider \u00e0 renforcer les muscles de votre nez et \u00e0 am\u00e9liorer sa forme. Cela peut inclure la pratique de la respiration profonde, le soufflage de ballons ou l&rsquo;utilisation d&rsquo;un rouleau nasal.<\/li><li>Les <strong>appareils orthop\u00e9diques<\/strong> : Des appareils orthop\u00e9diques tels que les clips de nez peuvent aider \u00e0 corriger les d\u00e9fauts mineurs tels que des narines asym\u00e9triques ou une d\u00e9viation de la cloison nasale. Ces appareils doivent \u00eatre utilis\u00e9s r\u00e9guli\u00e8rement pour obtenir des r\u00e9sultats optimaux.<\/li><\/ul>\n\n\n\n<p>Il est important de noter que ces alternatives non chirurgicales ne peuvent pas r\u00e9soudre tous les probl\u00e8mes esth\u00e9tiques du nez, et qu&rsquo;une consultation avec un chirurgien plasticien peut \u00eatre n\u00e9cessaire pour d\u00e9terminer la meilleure option pour vous.<\/p>\n","protected":false},"excerpt":{"rendered":"<p>Qui est Camille Cerf ? Camille Cerf est une personnalit\u00e9 fran\u00e7aise connue pour avoir remport\u00e9 le titre de Miss France en 2015. Elle est \u00e9galement une animatrice de t\u00e9l\u00e9vision et une influenceuse sur les r\u00e9seaux sociaux. Avec sa beaut\u00e9 naturelle et son charisme, elle est devenue une figure embl\u00e9matique de la beaut\u00e9 en France. Cependant, [&hellip;]<\/p>\n","protected":false},"author":1,"featured_media":6437,"comment_status":"closed","ping_status":"closed","sticky":false,"template":"","format":"standard","meta":[],"categories":[1105],"tags":[],"yoast_head":"<!-- This site is optimized with the Yoast SEO plugin v20.6 - https:\/\/yoast.com\/wordpress\/plugins\/seo\/ -->\n<title>Camille Cerf chirurgie esth\u00e9tique : ses confidences<\/title>\n<meta name=\"description\" content=\"Camille Cerf r\u00e9v\u00e8le avoir subi une intervention de chirurgie esth\u00e9tique. Elle a r\u00e9v\u00e9l\u00e9 qu&#039;elle avait subi une rhinoplastie ( chirurgie du nez) .......\" \/>\n<meta name=\"robots\" content=\"index, follow, max-snippet:-1, max-image-preview:large, max-video-preview:-1\" \/>\n<link rel=\"canonical\" href=\"https:\/\/www.univers-med.com\/blog\/camille-cerf-revele-avoir-subi-une-intervention-de-chirurgie-esthetique\/\" \/>\n<meta property=\"og:locale\" content=\"fr_FR\" \/>\n<meta property=\"og:type\" content=\"article\" \/>\n<meta property=\"og:title\" content=\"Camille Cerf chirurgie esth\u00e9tique : ses confidences\" \/>\n<meta property=\"og:description\" content=\"Camille Cerf r\u00e9v\u00e8le avoir subi une intervention de chirurgie esth\u00e9tique. Elle a r\u00e9v\u00e9l\u00e9 qu&#039;elle avait subi une rhinoplastie ( chirurgie du nez) .......\" \/>\n<meta property=\"og:url\" content=\"https:\/\/www.univers-med.com\/blog\/camille-cerf-revele-avoir-subi-une-intervention-de-chirurgie-esthetique\/\" \/>\n<meta property=\"og:site_name\" content=\"Blog Univers-med\" \/>\n<meta property=\"article:published_time\" content=\"2023-04-03T11:12:00+00:00\" \/>\n<meta property=\"article:modified_time\" content=\"2023-06-20T14:19:09+00:00\" \/>\n<meta property=\"og:image\" content=\"https:\/\/www.univers-med.com\/blog\/wp-content\/uploads\/2023\/04\/camille-cerf.jpg\" \/>\n\t<meta property=\"og:image:width\" content=\"1050\" \/>\n\t<meta property=\"og:image:height\" content=\"700\" \/>\n\t<meta property=\"og:image:type\" content=\"image\/jpeg\" \/>\n<meta name=\"author\" content=\"blog-univers-med\" \/>\n<meta name=\"twitter:card\" content=\"summary_large_image\" \/>\n<meta name=\"twitter:creator\" content=\"@MeduniversTn\" \/>\n<meta name=\"twitter:site\" content=\"@MeduniversTn\" \/>\n<script type=\"application\/ld+json\" class=\"yoast-schema-graph\">{\"@context\":\"https:\/\/schema.org\",\"@graph\":[{\"@type\":\"Article\",\"@id\":\"https:\/\/www.univers-med.com\/blog\/camille-cerf-revele-avoir-subi-une-intervention-de-chirurgie-esthetique\/#article\",\"isPartOf\":{\"@id\":\"https:\/\/www.univers-med.com\/blog\/camille-cerf-revele-avoir-subi-une-intervention-de-chirurgie-esthetique\/\"},\"author\":{\"name\":\"blog-univers-med\",\"@id\":\"https:\/\/www.univers-med.com\/blog\/#\/schema\/person\/a4d4b2b10c240db88faecbdd5f1175cf\"},\"headline\":\"Camille Cerf et la chirurgie esth\u00e9tique : ses confidences\",\"datePublished\":\"2023-04-03T11:12:00+00:00\",\"dateModified\":\"2023-06-20T14:19:09+00:00\",\"mainEntityOfPage\":{\"@id\":\"https:\/\/www.univers-med.com\/blog\/camille-cerf-revele-avoir-subi-une-intervention-de-chirurgie-esthetique\/\"},\"wordCount\":1270,\"publisher\":{\"@id\":\"https:\/\/www.univers-med.com\/blog\/#\/schema\/person\/a4d4b2b10c240db88faecbdd5f1175cf\"},\"articleSection\":[\"Beaut\u00e9 des stars\"],\"inLanguage\":\"fr-FR\"},{\"@type\":\"WebPage\",\"@id\":\"https:\/\/www.univers-med.com\/blog\/camille-cerf-revele-avoir-subi-une-intervention-de-chirurgie-esthetique\/\",\"url\":\"https:\/\/www.univers-med.com\/blog\/camille-cerf-revele-avoir-subi-une-intervention-de-chirurgie-esthetique\/\",\"name\":\"Camille Cerf chirurgie esth\u00e9tique : ses confidences\",\"isPartOf\":{\"@id\":\"https:\/\/www.univers-med.com\/blog\/#website\"},\"datePublished\":\"2023-04-03T11:12:00+00:00\",\"dateModified\":\"2023-06-20T14:19:09+00:00\",\"description\":\"Camille Cerf r\u00e9v\u00e8le avoir subi une intervention de chirurgie esth\u00e9tique. Elle a r\u00e9v\u00e9l\u00e9 qu'elle avait subi une rhinoplastie ( chirurgie du nez) .......\",\"breadcrumb\":{\"@id\":\"https:\/\/www.univers-med.com\/blog\/camille-cerf-revele-avoir-subi-une-intervention-de-chirurgie-esthetique\/#breadcrumb\"},\"inLanguage\":\"fr-FR\",\"potentialAction\":[{\"@type\":\"ReadAction\",\"target\":[\"https:\/\/www.univers-med.com\/blog\/camille-cerf-revele-avoir-subi-une-intervention-de-chirurgie-esthetique\/\"]}]},{\"@type\":\"BreadcrumbList\",\"@id\":\"https:\/\/www.univers-med.com\/blog\/camille-cerf-revele-avoir-subi-une-intervention-de-chirurgie-esthetique\/#breadcrumb\",\"itemListElement\":[{\"@type\":\"ListItem\",\"position\":1,\"name\":\"Accueil\",\"item\":\"https:\/\/www.univers-med.com\/blog\/\"},{\"@type\":\"ListItem\",\"position\":2,\"name\":\"Camille Cerf et la chirurgie esth\u00e9tique : ses confidences\"}]},{\"@type\":\"WebSite\",\"@id\":\"https:\/\/www.univers-med.com\/blog\/#website\",\"url\":\"https:\/\/www.univers-med.com\/blog\/\",\"name\":\"Blog Univers-med\",\"description\":\"Blog Univers-med\",\"publisher\":{\"@id\":\"https:\/\/www.univers-med.com\/blog\/#\/schema\/person\/a4d4b2b10c240db88faecbdd5f1175cf\"},\"alternateName\":\"chirurgie esth\u00e9tique Tunisie\",\"potentialAction\":[{\"@type\":\"SearchAction\",\"target\":{\"@type\":\"EntryPoint\",\"urlTemplate\":\"https:\/\/www.univers-med.com\/blog\/?s={search_term_string}\"},\"query-input\":\"required name=search_term_string\"}],\"inLanguage\":\"fr-FR\"},{\"@type\":[\"Person\",\"Organization\"],\"@id\":\"https:\/\/www.univers-med.com\/blog\/#\/schema\/person\/a4d4b2b10c240db88faecbdd5f1175cf\",\"name\":\"blog-univers-med\",\"image\":{\"@type\":\"ImageObject\",\"inLanguage\":\"fr-FR\",\"@id\":\"https:\/\/www.univers-med.com\/blog\/#\/schema\/person\/image\/\",\"url\":\"https:\/\/www.univers-med.com\/blog\/wp-content\/uploads\/2020\/10\/cropped-logo-1.png\",\"contentUrl\":\"https:\/\/www.univers-med.com\/blog\/wp-content\/uploads\/2020\/10\/cropped-logo-1.png\",\"width\":512,\"height\":512,\"caption\":\"blog-univers-med\"},\"logo\":{\"@id\":\"https:\/\/www.univers-med.com\/blog\/#\/schema\/person\/image\/\"},\"sameAs\":[\"https:\/\/www.instagram.com\/univers_med_officiel\/\"],\"url\":\"https:\/\/www.univers-med.com\/blog\/author\/blog-univers-med\/\"}]}<\/script>\n<!-- \/ Yoast SEO plugin. -->","yoast_head_json":{"title":"Camille Cerf chirurgie esth\u00e9tique : ses confidences","description":"Camille Cerf r\u00e9v\u00e8le avoir subi une intervention de chirurgie esth\u00e9tique. Elle a r\u00e9v\u00e9l\u00e9 qu'elle avait subi une rhinoplastie ( chirurgie du nez) .......","robots":{"index":"index","follow":"follow","max-snippet":"max-snippet:-1","max-image-preview":"max-image-preview:large","max-video-preview":"max-video-preview:-1"},"canonical":"https:\/\/www.univers-med.com\/blog\/camille-cerf-revele-avoir-subi-une-intervention-de-chirurgie-esthetique\/","og_locale":"fr_FR","og_type":"article","og_title":"Camille Cerf chirurgie esth\u00e9tique : ses confidences","og_description":"Camille Cerf r\u00e9v\u00e8le avoir subi une intervention de chirurgie esth\u00e9tique. Elle a r\u00e9v\u00e9l\u00e9 qu'elle avait subi une rhinoplastie ( chirurgie du nez) .......","og_url":"https:\/\/www.univers-med.com\/blog\/camille-cerf-revele-avoir-subi-une-intervention-de-chirurgie-esthetique\/","og_site_name":"Blog Univers-med","article_published_time":"2023-04-03T11:12:00+00:00","article_modified_time":"2023-06-20T14:19:09+00:00","og_image":[{"width":1050,"height":700,"url":"https:\/\/www.univers-med.com\/blog\/wp-content\/uploads\/2023\/04\/camille-cerf.jpg","type":"image\/jpeg"}],"author":"blog-univers-med","twitter_card":"summary_large_image","twitter_creator":"@MeduniversTn","twitter_site":"@MeduniversTn","schema":{"@context":"https:\/\/schema.org","@graph":[{"@type":"Article","@id":"https:\/\/www.univers-med.com\/blog\/camille-cerf-revele-avoir-subi-une-intervention-de-chirurgie-esthetique\/#article","isPartOf":{"@id":"https:\/\/www.univers-med.com\/blog\/camille-cerf-revele-avoir-subi-une-intervention-de-chirurgie-esthetique\/"},"author":{"name":"blog-univers-med","@id":"https:\/\/www.univers-med.com\/blog\/#\/schema\/person\/a4d4b2b10c240db88faecbdd5f1175cf"},"headline":"Camille Cerf et la chirurgie esth\u00e9tique : ses confidences","datePublished":"2023-04-03T11:12:00+00:00","dateModified":"2023-06-20T14:19:09+00:00","mainEntityOfPage":{"@id":"https:\/\/www.univers-med.com\/blog\/camille-cerf-revele-avoir-subi-une-intervention-de-chirurgie-esthetique\/"},"wordCount":1270,"publisher":{"@id":"https:\/\/www.univers-med.com\/blog\/#\/schema\/person\/a4d4b2b10c240db88faecbdd5f1175cf"},"articleSection":["Beaut\u00e9 des stars"],"inLanguage":"fr-FR"},{"@type":"WebPage","@id":"https:\/\/www.univers-med.com\/blog\/camille-cerf-revele-avoir-subi-une-intervention-de-chirurgie-esthetique\/","url":"https:\/\/www.univers-med.com\/blog\/camille-cerf-revele-avoir-subi-une-intervention-de-chirurgie-esthetique\/","name":"Camille Cerf chirurgie esth\u00e9tique : ses confidences","isPartOf":{"@id":"https:\/\/www.univers-med.com\/blog\/#website"},"datePublished":"2023-04-03T11:12:00+00:00","dateModified":"2023-06-20T14:19:09+00:00","description":"Camille Cerf r\u00e9v\u00e8le avoir subi une intervention de chirurgie esth\u00e9tique. Elle a r\u00e9v\u00e9l\u00e9 qu'elle avait subi une rhinoplastie ( chirurgie du nez) .......","breadcrumb":{"@id":"https:\/\/www.univers-med.com\/blog\/camille-cerf-revele-avoir-subi-une-intervention-de-chirurgie-esthetique\/#breadcrumb"},"inLanguage":"fr-FR","potentialAction":[{"@type":"ReadAction","target":["https:\/\/www.univers-med.com\/blog\/camille-cerf-revele-avoir-subi-une-intervention-de-chirurgie-esthetique\/"]}]},{"@type":"BreadcrumbList","@id":"https:\/\/www.univers-med.com\/blog\/camille-cerf-revele-avoir-subi-une-intervention-de-chirurgie-esthetique\/#breadcrumb","itemListElement":[{"@type":"ListItem","position":1,"name":"Accueil","item":"https:\/\/www.univers-med.com\/blog\/"},{"@type":"ListItem","position":2,"name":"Camille Cerf et la chirurgie esth\u00e9tique : ses confidences"}]},{"@type":"WebSite","@id":"https:\/\/www.univers-med.com\/blog\/#website","url":"https:\/\/www.univers-med.com\/blog\/","name":"Blog Univers-med","description":"Blog Univers-med","publisher":{"@id":"https:\/\/www.univers-med.com\/blog\/#\/schema\/person\/a4d4b2b10c240db88faecbdd5f1175cf"},"alternateName":"chirurgie esth\u00e9tique Tunisie","potentialAction":[{"@type":"SearchAction","target":{"@type":"EntryPoint","urlTemplate":"https:\/\/www.univers-med.com\/blog\/?s={search_term_string}"},"query-input":"required name=search_term_string"}],"inLanguage":"fr-FR"},{"@type":["Person","Organization"],"@id":"https:\/\/www.univers-med.com\/blog\/#\/schema\/person\/a4d4b2b10c240db88faecbdd5f1175cf","name":"blog-univers-med","image":{"@type":"ImageObject","inLanguage":"fr-FR","@id":"https:\/\/www.univers-med.com\/blog\/#\/schema\/person\/image\/","url":"https:\/\/www.univers-med.com\/blog\/wp-content\/uploads\/2020\/10\/cropped-logo-1.png","contentUrl":"https:\/\/www.univers-med.com\/blog\/wp-content\/uploads\/2020\/10\/cropped-logo-1.png","width":512,"height":512,"caption":"blog-univers-med"},"logo":{"@id":"https:\/\/www.univers-med.com\/blog\/#\/schema\/person\/image\/"},"sameAs":["https:\/\/www.instagram.com\/univers_med_officiel\/"],"url":"https:\/\/www.univers-med.com\/blog\/author\/blog-univers-med\/"}]}},"_links":{"self":[{"href":"https:\/\/www.univers-med.com\/blog\/wp-json\/wp\/v2\/posts\/6432"}],"collection":[{"href":"https:\/\/www.univers-med.com\/blog\/wp-json\/wp\/v2\/posts"}],"about":[{"href":"https:\/\/www.univers-med.com\/blog\/wp-json\/wp\/v2\/types\/post"}],"author":[{"embeddable":true,"href":"https:\/\/www.univers-med.com\/blog\/wp-json\/wp\/v2\/users\/1"}],"replies":[{"embeddable":true,"href":"https:\/\/www.univers-med.com\/blog\/wp-json\/wp\/v2\/comments?post=6432"}],"version-history":[{"count":11,"href":"https:\/\/www.univers-med.com\/blog\/wp-json\/wp\/v2\/posts\/6432\/revisions"}],"predecessor-version":[{"id":7187,"href":"https:\/\/www.univers-med.com\/blog\/wp-json\/wp\/v2\/posts\/6432\/revisions\/7187"}],"wp:featuredmedia":[{"embeddable":true,"href":"https:\/\/www.univers-med.com\/blog\/wp-json\/wp\/v2\/media\/6437"}],"wp:attachment":[{"href":"https:\/\/www.univers-med.com\/blog\/wp-json\/wp\/v2\/media?parent=6432"}],"wp:term":[{"taxonomy":"category","embeddable":true,"href":"https:\/\/www.univers-med.com\/blog\/wp-json\/wp\/v2\/categories?post=6432"},{"taxonomy":"post_tag","embeddable":true,"href":"https:\/\/www.univers-med.com\/blog\/wp-json\/wp\/v2\/tags?post=6432"}],"curies":[{"name":"wp","href":"https:\/\/api.w.org\/{rel}","templated":true}]}}