{"id":5670,"date":"2023-03-20T07:00:00","date_gmt":"2023-03-20T06:00:00","guid":{"rendered":"https:\/\/www.univers-med.com\/blog\/?p=5670"},"modified":"2023-06-06T15:51:04","modified_gmt":"2023-06-06T13:51:04","slug":"laura-lempicka-ses-chirurgies-esthetiques-sa-carriere-et-sa-separation-avec-nikola-lozina","status":"publish","type":"post","link":"https:\/\/www.univers-med.com\/blog\/laura-lempicka-ses-chirurgies-esthetiques-sa-carriere-et-sa-separation-avec-nikola-lozina\/","title":{"rendered":"Laura Lempika transform\u00e9e par la chirurgie esth\u00e9tique"},"content":{"rendered":"\n<p>Qui est Laura Lempicka : <\/p><p><strong>Laura Lempicka<\/strong> est une <strong>influenceuse avec plus de 2 millions&nbsp; de followers sur Instagram<\/strong> , elle a \u00e9galement une large communaut\u00e9 sur d\u201dautres plateformes, youtube, TikTok et Facebook. Elle est n\u00e9e en 1989 en Italie, d\u2019une m\u00e8re d\u2019origine br\u00e9silienne et d\u2019un p\u00e8re marocain, elle a v\u00e9cu ses premi\u00e8res ann\u00e9es d\u2019enfance au Maroc, jusqu&rsquo;au divorce de ses parents.&nbsp;<\/p>\n\n\n\n<figure class=\"wp-block-image size-full\"><img loading=\"lazy\" width=\"1000\" height=\"500\" src=\"https:\/\/www.univers-med.com\/blog\/wp-content\/uploads\/2023\/03\/laura-lempika-chirurgie-esthetique.webp\" alt=\"Laura Lempika chirurgie esthetique\" class=\"wp-image-5677\" srcset=\"https:\/\/www.univers-med.com\/blog\/wp-content\/uploads\/2023\/03\/laura-lempika-chirurgie-esthetique.webp 1000w, https:\/\/www.univers-med.com\/blog\/wp-content\/uploads\/2023\/03\/laura-lempika-chirurgie-esthetique-300x150.webp 300w, https:\/\/www.univers-med.com\/blog\/wp-content\/uploads\/2023\/03\/laura-lempika-chirurgie-esthetique-768x384.webp 768w, https:\/\/www.univers-med.com\/blog\/wp-content\/uploads\/2023\/03\/laura-lempika-chirurgie-esthetique-100x50.webp 100w\" sizes=\"(max-width: 1000px) 100vw, 1000px\" \/><\/figure>\n\n\n\n<p>Elle a travaill\u00e9 comme serveuse dans une boite de nuit \u00e0 Cannes, tout \u00e7a \u00e9tait avant sa participation d\u2019un programme de t\u00e9l\u00e9r\u00e9alit\u00e9. En 2017 la vie de cette jeune femme a totalement chang\u00e9 est elle a entr\u00e9 le monde de la c\u00e9l\u00e9brit\u00e9 avec le programme \u201c<strong>Secret Story<\/strong>\u201d. Cette exp\u00e9rience \u00e9tait sa premi\u00e8re pas vers les feux de projecteurs, elle a obtenue la deuxi\u00e8me place avant de terminer l&rsquo;\u00e9mission, son exp\u00e9rience dans <strong>la t\u00e9l\u00e9r\u00e9alit\u00e9<\/strong> n&rsquo;a pas finit au contraire elle a assister d\u2019autres TV show du concept t\u00e9l\u00e9r\u00e9alit\u00e9.<\/p>\n\n\n\n<h2>Laura Lempicka et ses chirurgies esth\u00e9tiques et sa s\u00e9paration<\/h2>\n\n\n\n<p>En 2018 elle a particip\u00e9 \u00e0 l&rsquo;\u00e9mission <strong>les Marseillais vs le Reste du Monde<\/strong>, la elle a rencontr\u00e9 <strong>Nikola Lozina<\/strong>, un c\u00e9l\u00e8bre <strong>figure du t\u00e9l\u00e9r\u00e9alit\u00e9<\/strong> mais \u00e0 la base il \u00e9tait un <strong>mannequin et ancien courtier en assurances et cr\u00e9dits<\/strong>, qui s&rsquo;est fait conna\u00eetre en fin d&rsquo;ann\u00e9e 2015 dans la saison 3 des Princes d\u2019Amour. Ce couple \u00e0 r\u00e9ussi \u00e0 se marier apr\u00e8s plusieurs rupture et beaucoup de pol\u00e9mique, il ont eu leur enfant Zlatan en 2021. Cette histoire est finit rapidement car Nikola annonce sa rupture en janvier 2023.&nbsp;<\/p>\n\n\n\n<p>La jeune maman de 33 ans se pr\u00e9sente aujourd\u2019hui sur les r\u00e9seaux sociaux en tant que \u201csingle mom\u201d, elle partage son quotidien avec sa communaut\u00e9, elle n&rsquo;h\u00e9site pas de partager \u00e9galement les <a href=\"https:\/\/www.univers-med.com\/blog\/\"><strong>interventions chirurgicales esth\u00e9tique<\/strong><\/a> qu\u2019elle subit, elle n\u2019a pas cach\u00e9 son op\u00e9ration des fesses, elle a aussi <strong>refait son nez<\/strong>, et elle a derni\u00e8rement opt\u00e9 pour un <strong><a href=\"https:\/\/www.univers-med.com\/lipofilling-fesses-tunisie.html\">brazilian but lift<\/a><\/strong>.&nbsp;<\/p>\n","protected":false},"excerpt":{"rendered":"<p>Qui est Laura Lempicka : Laura Lempicka est une influenceuse avec plus de 2 millions&nbsp; de followers sur Instagram , elle a \u00e9galement une large communaut\u00e9 sur d\u201dautres plateformes, youtube, TikTok et Facebook. Elle est n\u00e9e en 1989 en Italie, d\u2019une m\u00e8re d\u2019origine br\u00e9silienne et d\u2019un p\u00e8re marocain, elle a v\u00e9cu ses premi\u00e8res ann\u00e9es d\u2019enfance [&hellip;]<\/p>\n","protected":false},"author":1,"featured_media":5676,"comment_status":"closed","ping_status":"closed","sticky":false,"template":"","format":"standard","meta":[],"categories":[1105],"tags":[],"yoast_head":"<!-- This site is optimized with the Yoast SEO plugin v20.6 - https:\/\/yoast.com\/wordpress\/plugins\/seo\/ -->\n<title>Laura Lempicka , ses chirurgies esth\u00e9tiques , sa carri\u00e8re<\/title>\n<meta name=\"description\" content=\"Laura Lempicka , ses chirurgies esth\u00e9tiques, sa carri\u00e8re, et sa s\u00e9paration avec Nikola Lozina . Elle n\u2019a pas cach\u00e9 son op\u00e9ration des fesses , rhinoplastie\" \/>\n<meta name=\"robots\" content=\"index, follow, max-snippet:-1, max-image-preview:large, max-video-preview:-1\" \/>\n<link rel=\"canonical\" href=\"https:\/\/www.univers-med.com\/blog\/laura-lempicka-ses-chirurgies-esthetiques-sa-carriere-et-sa-separation-avec-nikola-lozina\/\" \/>\n<meta property=\"og:locale\" content=\"fr_FR\" \/>\n<meta property=\"og:type\" content=\"article\" \/>\n<meta property=\"og:title\" content=\"Laura Lempicka , ses chirurgies esth\u00e9tiques , sa carri\u00e8re\" \/>\n<meta property=\"og:description\" content=\"Laura Lempicka , ses chirurgies esth\u00e9tiques, sa carri\u00e8re, et sa s\u00e9paration avec Nikola Lozina . Elle n\u2019a pas cach\u00e9 son op\u00e9ration des fesses , rhinoplastie\" \/>\n<meta property=\"og:url\" content=\"https:\/\/www.univers-med.com\/blog\/laura-lempicka-ses-chirurgies-esthetiques-sa-carriere-et-sa-separation-avec-nikola-lozina\/\" \/>\n<meta property=\"og:site_name\" content=\"Blog Univers-med\" \/>\n<meta property=\"article:published_time\" content=\"2023-03-20T06:00:00+00:00\" \/>\n<meta property=\"article:modified_time\" content=\"2023-06-06T13:51:04+00:00\" \/>\n<meta property=\"og:image\" content=\"https:\/\/www.univers-med.com\/blog\/wp-content\/uploads\/2023\/03\/laura-lempika.jpg\" \/>\n\t<meta property=\"og:image:width\" content=\"1050\" \/>\n\t<meta property=\"og:image:height\" content=\"700\" \/>\n\t<meta property=\"og:image:type\" content=\"image\/jpeg\" \/>\n<meta name=\"author\" content=\"blog-univers-med\" \/>\n<meta name=\"twitter:card\" content=\"summary_large_image\" \/>\n<meta name=\"twitter:creator\" content=\"@MeduniversTn\" \/>\n<meta name=\"twitter:site\" content=\"@MeduniversTn\" \/>\n<script type=\"application\/ld+json\" class=\"yoast-schema-graph\">{\"@context\":\"https:\/\/schema.org\",\"@graph\":[{\"@type\":\"Article\",\"@id\":\"https:\/\/www.univers-med.com\/blog\/laura-lempicka-ses-chirurgies-esthetiques-sa-carriere-et-sa-separation-avec-nikola-lozina\/#article\",\"isPartOf\":{\"@id\":\"https:\/\/www.univers-med.com\/blog\/laura-lempicka-ses-chirurgies-esthetiques-sa-carriere-et-sa-separation-avec-nikola-lozina\/\"},\"author\":{\"name\":\"blog-univers-med\",\"@id\":\"https:\/\/www.univers-med.com\/blog\/#\/schema\/person\/a4d4b2b10c240db88faecbdd5f1175cf\"},\"headline\":\"Laura Lempika transform\u00e9e par la chirurgie esth\u00e9tique\",\"datePublished\":\"2023-03-20T06:00:00+00:00\",\"dateModified\":\"2023-06-06T13:51:04+00:00\",\"mainEntityOfPage\":{\"@id\":\"https:\/\/www.univers-med.com\/blog\/laura-lempicka-ses-chirurgies-esthetiques-sa-carriere-et-sa-separation-avec-nikola-lozina\/\"},\"wordCount\":365,\"publisher\":{\"@id\":\"https:\/\/www.univers-med.com\/blog\/#\/schema\/person\/a4d4b2b10c240db88faecbdd5f1175cf\"},\"articleSection\":[\"Beaut\u00e9 des stars\"],\"inLanguage\":\"fr-FR\"},{\"@type\":\"WebPage\",\"@id\":\"https:\/\/www.univers-med.com\/blog\/laura-lempicka-ses-chirurgies-esthetiques-sa-carriere-et-sa-separation-avec-nikola-lozina\/\",\"url\":\"https:\/\/www.univers-med.com\/blog\/laura-lempicka-ses-chirurgies-esthetiques-sa-carriere-et-sa-separation-avec-nikola-lozina\/\",\"name\":\"Laura Lempicka , ses chirurgies esth\u00e9tiques , sa carri\u00e8re\",\"isPartOf\":{\"@id\":\"https:\/\/www.univers-med.com\/blog\/#website\"},\"datePublished\":\"2023-03-20T06:00:00+00:00\",\"dateModified\":\"2023-06-06T13:51:04+00:00\",\"description\":\"Laura Lempicka , ses chirurgies esth\u00e9tiques, sa carri\u00e8re, et sa s\u00e9paration avec Nikola Lozina . Elle n\u2019a pas cach\u00e9 son op\u00e9ration des fesses , rhinoplastie\",\"breadcrumb\":{\"@id\":\"https:\/\/www.univers-med.com\/blog\/laura-lempicka-ses-chirurgies-esthetiques-sa-carriere-et-sa-separation-avec-nikola-lozina\/#breadcrumb\"},\"inLanguage\":\"fr-FR\",\"potentialAction\":[{\"@type\":\"ReadAction\",\"target\":[\"https:\/\/www.univers-med.com\/blog\/laura-lempicka-ses-chirurgies-esthetiques-sa-carriere-et-sa-separation-avec-nikola-lozina\/\"]}]},{\"@type\":\"BreadcrumbList\",\"@id\":\"https:\/\/www.univers-med.com\/blog\/laura-lempicka-ses-chirurgies-esthetiques-sa-carriere-et-sa-separation-avec-nikola-lozina\/#breadcrumb\",\"itemListElement\":[{\"@type\":\"ListItem\",\"position\":1,\"name\":\"Accueil\",\"item\":\"https:\/\/www.univers-med.com\/blog\/\"},{\"@type\":\"ListItem\",\"position\":2,\"name\":\"Laura Lempika transform\u00e9e par la chirurgie esth\u00e9tique\"}]},{\"@type\":\"WebSite\",\"@id\":\"https:\/\/www.univers-med.com\/blog\/#website\",\"url\":\"https:\/\/www.univers-med.com\/blog\/\",\"name\":\"Blog Univers-med\",\"description\":\"Blog Univers-med\",\"publisher\":{\"@id\":\"https:\/\/www.univers-med.com\/blog\/#\/schema\/person\/a4d4b2b10c240db88faecbdd5f1175cf\"},\"alternateName\":\"chirurgie esth\u00e9tique Tunisie\",\"potentialAction\":[{\"@type\":\"SearchAction\",\"target\":{\"@type\":\"EntryPoint\",\"urlTemplate\":\"https:\/\/www.univers-med.com\/blog\/?s={search_term_string}\"},\"query-input\":\"required name=search_term_string\"}],\"inLanguage\":\"fr-FR\"},{\"@type\":[\"Person\",\"Organization\"],\"@id\":\"https:\/\/www.univers-med.com\/blog\/#\/schema\/person\/a4d4b2b10c240db88faecbdd5f1175cf\",\"name\":\"blog-univers-med\",\"image\":{\"@type\":\"ImageObject\",\"inLanguage\":\"fr-FR\",\"@id\":\"https:\/\/www.univers-med.com\/blog\/#\/schema\/person\/image\/\",\"url\":\"https:\/\/www.univers-med.com\/blog\/wp-content\/uploads\/2020\/10\/cropped-logo-1.png\",\"contentUrl\":\"https:\/\/www.univers-med.com\/blog\/wp-content\/uploads\/2020\/10\/cropped-logo-1.png\",\"width\":512,\"height\":512,\"caption\":\"blog-univers-med\"},\"logo\":{\"@id\":\"https:\/\/www.univers-med.com\/blog\/#\/schema\/person\/image\/\"},\"sameAs\":[\"https:\/\/www.instagram.com\/univers_med_officiel\/\"],\"url\":\"https:\/\/www.univers-med.com\/blog\/author\/blog-univers-med\/\"}]}<\/script>\n<!-- \/ Yoast SEO plugin. -->","yoast_head_json":{"title":"Laura Lempicka , ses chirurgies esth\u00e9tiques , sa carri\u00e8re","description":"Laura Lempicka , ses chirurgies esth\u00e9tiques, sa carri\u00e8re, et sa s\u00e9paration avec Nikola Lozina . Elle n\u2019a pas cach\u00e9 son op\u00e9ration des fesses , rhinoplastie","robots":{"index":"index","follow":"follow","max-snippet":"max-snippet:-1","max-image-preview":"max-image-preview:large","max-video-preview":"max-video-preview:-1"},"canonical":"https:\/\/www.univers-med.com\/blog\/laura-lempicka-ses-chirurgies-esthetiques-sa-carriere-et-sa-separation-avec-nikola-lozina\/","og_locale":"fr_FR","og_type":"article","og_title":"Laura Lempicka , ses chirurgies esth\u00e9tiques , sa carri\u00e8re","og_description":"Laura Lempicka , ses chirurgies esth\u00e9tiques, sa carri\u00e8re, et sa s\u00e9paration avec Nikola Lozina . Elle n\u2019a pas cach\u00e9 son op\u00e9ration des fesses , rhinoplastie","og_url":"https:\/\/www.univers-med.com\/blog\/laura-lempicka-ses-chirurgies-esthetiques-sa-carriere-et-sa-separation-avec-nikola-lozina\/","og_site_name":"Blog Univers-med","article_published_time":"2023-03-20T06:00:00+00:00","article_modified_time":"2023-06-06T13:51:04+00:00","og_image":[{"width":1050,"height":700,"url":"https:\/\/www.univers-med.com\/blog\/wp-content\/uploads\/2023\/03\/laura-lempika.jpg","type":"image\/jpeg"}],"author":"blog-univers-med","twitter_card":"summary_large_image","twitter_creator":"@MeduniversTn","twitter_site":"@MeduniversTn","schema":{"@context":"https:\/\/schema.org","@graph":[{"@type":"Article","@id":"https:\/\/www.univers-med.com\/blog\/laura-lempicka-ses-chirurgies-esthetiques-sa-carriere-et-sa-separation-avec-nikola-lozina\/#article","isPartOf":{"@id":"https:\/\/www.univers-med.com\/blog\/laura-lempicka-ses-chirurgies-esthetiques-sa-carriere-et-sa-separation-avec-nikola-lozina\/"},"author":{"name":"blog-univers-med","@id":"https:\/\/www.univers-med.com\/blog\/#\/schema\/person\/a4d4b2b10c240db88faecbdd5f1175cf"},"headline":"Laura Lempika transform\u00e9e par la chirurgie esth\u00e9tique","datePublished":"2023-03-20T06:00:00+00:00","dateModified":"2023-06-06T13:51:04+00:00","mainEntityOfPage":{"@id":"https:\/\/www.univers-med.com\/blog\/laura-lempicka-ses-chirurgies-esthetiques-sa-carriere-et-sa-separation-avec-nikola-lozina\/"},"wordCount":365,"publisher":{"@id":"https:\/\/www.univers-med.com\/blog\/#\/schema\/person\/a4d4b2b10c240db88faecbdd5f1175cf"},"articleSection":["Beaut\u00e9 des stars"],"inLanguage":"fr-FR"},{"@type":"WebPage","@id":"https:\/\/www.univers-med.com\/blog\/laura-lempicka-ses-chirurgies-esthetiques-sa-carriere-et-sa-separation-avec-nikola-lozina\/","url":"https:\/\/www.univers-med.com\/blog\/laura-lempicka-ses-chirurgies-esthetiques-sa-carriere-et-sa-separation-avec-nikola-lozina\/","name":"Laura Lempicka , ses chirurgies esth\u00e9tiques , sa carri\u00e8re","isPartOf":{"@id":"https:\/\/www.univers-med.com\/blog\/#website"},"datePublished":"2023-03-20T06:00:00+00:00","dateModified":"2023-06-06T13:51:04+00:00","description":"Laura Lempicka , ses chirurgies esth\u00e9tiques, sa carri\u00e8re, et sa s\u00e9paration avec Nikola Lozina . Elle n\u2019a pas cach\u00e9 son op\u00e9ration des fesses , rhinoplastie","breadcrumb":{"@id":"https:\/\/www.univers-med.com\/blog\/laura-lempicka-ses-chirurgies-esthetiques-sa-carriere-et-sa-separation-avec-nikola-lozina\/#breadcrumb"},"inLanguage":"fr-FR","potentialAction":[{"@type":"ReadAction","target":["https:\/\/www.univers-med.com\/blog\/laura-lempicka-ses-chirurgies-esthetiques-sa-carriere-et-sa-separation-avec-nikola-lozina\/"]}]},{"@type":"BreadcrumbList","@id":"https:\/\/www.univers-med.com\/blog\/laura-lempicka-ses-chirurgies-esthetiques-sa-carriere-et-sa-separation-avec-nikola-lozina\/#breadcrumb","itemListElement":[{"@type":"ListItem","position":1,"name":"Accueil","item":"https:\/\/www.univers-med.com\/blog\/"},{"@type":"ListItem","position":2,"name":"Laura Lempika transform\u00e9e par la chirurgie esth\u00e9tique"}]},{"@type":"WebSite","@id":"https:\/\/www.univers-med.com\/blog\/#website","url":"https:\/\/www.univers-med.com\/blog\/","name":"Blog Univers-med","description":"Blog Univers-med","publisher":{"@id":"https:\/\/www.univers-med.com\/blog\/#\/schema\/person\/a4d4b2b10c240db88faecbdd5f1175cf"},"alternateName":"chirurgie esth\u00e9tique Tunisie","potentialAction":[{"@type":"SearchAction","target":{"@type":"EntryPoint","urlTemplate":"https:\/\/www.univers-med.com\/blog\/?s={search_term_string}"},"query-input":"required name=search_term_string"}],"inLanguage":"fr-FR"},{"@type":["Person","Organization"],"@id":"https:\/\/www.univers-med.com\/blog\/#\/schema\/person\/a4d4b2b10c240db88faecbdd5f1175cf","name":"blog-univers-med","image":{"@type":"ImageObject","inLanguage":"fr-FR","@id":"https:\/\/www.univers-med.com\/blog\/#\/schema\/person\/image\/","url":"https:\/\/www.univers-med.com\/blog\/wp-content\/uploads\/2020\/10\/cropped-logo-1.png","contentUrl":"https:\/\/www.univers-med.com\/blog\/wp-content\/uploads\/2020\/10\/cropped-logo-1.png","width":512,"height":512,"caption":"blog-univers-med"},"logo":{"@id":"https:\/\/www.univers-med.com\/blog\/#\/schema\/person\/image\/"},"sameAs":["https:\/\/www.instagram.com\/univers_med_officiel\/"],"url":"https:\/\/www.univers-med.com\/blog\/author\/blog-univers-med\/"}]}},"_links":{"self":[{"href":"https:\/\/www.univers-med.com\/blog\/wp-json\/wp\/v2\/posts\/5670"}],"collection":[{"href":"https:\/\/www.univers-med.com\/blog\/wp-json\/wp\/v2\/posts"}],"about":[{"href":"https:\/\/www.univers-med.com\/blog\/wp-json\/wp\/v2\/types\/post"}],"author":[{"embeddable":true,"href":"https:\/\/www.univers-med.com\/blog\/wp-json\/wp\/v2\/users\/1"}],"replies":[{"embeddable":true,"href":"https:\/\/www.univers-med.com\/blog\/wp-json\/wp\/v2\/comments?post=5670"}],"version-history":[{"count":10,"href":"https:\/\/www.univers-med.com\/blog\/wp-json\/wp\/v2\/posts\/5670\/revisions"}],"predecessor-version":[{"id":6872,"href":"https:\/\/www.univers-med.com\/blog\/wp-json\/wp\/v2\/posts\/5670\/revisions\/6872"}],"wp:featuredmedia":[{"embeddable":true,"href":"https:\/\/www.univers-med.com\/blog\/wp-json\/wp\/v2\/media\/5676"}],"wp:attachment":[{"href":"https:\/\/www.univers-med.com\/blog\/wp-json\/wp\/v2\/media?parent=5670"}],"wp:term":[{"taxonomy":"category","embeddable":true,"href":"https:\/\/www.univers-med.com\/blog\/wp-json\/wp\/v2\/categories?post=5670"},{"taxonomy":"post_tag","embeddable":true,"href":"https:\/\/www.univers-med.com\/blog\/wp-json\/wp\/v2\/tags?post=5670"}],"curies":[{"name":"wp","href":"https:\/\/api.w.org\/{rel}","templated":true}]}}