{"id":5661,"date":"2023-03-18T19:47:54","date_gmt":"2023-03-18T18:47:54","guid":{"rendered":"https:\/\/www.univers-med.com\/blog\/?p=5661"},"modified":"2023-06-06T15:41:37","modified_gmt":"2023-06-06T13:41:37","slug":"kylie-jenner-se-confie-sur-ses-grossesses-ses-operations-de-chirurgie-esthetique","status":"publish","type":"post","link":"https:\/\/www.univers-med.com\/blog\/kylie-jenner-se-confie-sur-ses-grossesses-ses-operations-de-chirurgie-esthetique\/","title":{"rendered":"Kylie Jenner : Ses op\u00e9rations de chirurgie esth\u00e9tique"},"content":{"rendered":"\n<center><strong>Kylie Jenner se confie sur sa d\u00e9pression post-partum , ses grossesses et ses op\u00e9rations de chirurgie esth\u00e9tique<\/strong><\/center>\n\n\n\n<figure class=\"wp-block-image size-full\"><img loading=\"lazy\" width=\"1000\" height=\"350\" src=\"https:\/\/www.univers-med.com\/blog\/wp-content\/uploads\/2021\/11\/Kylie-Jenner-avant-apres-chirurgie-esthetique.jpg\" alt=\"Avant \/ Apr\u00e8s : Kylie Jenner\" class=\"wp-image-2879\" srcset=\"https:\/\/www.univers-med.com\/blog\/wp-content\/uploads\/2021\/11\/Kylie-Jenner-avant-apres-chirurgie-esthetique.jpg 1000w, https:\/\/www.univers-med.com\/blog\/wp-content\/uploads\/2021\/11\/Kylie-Jenner-avant-apres-chirurgie-esthetique-300x105.jpg 300w, https:\/\/www.univers-med.com\/blog\/wp-content\/uploads\/2021\/11\/Kylie-Jenner-avant-apres-chirurgie-esthetique-768x269.jpg 768w, https:\/\/www.univers-med.com\/blog\/wp-content\/uploads\/2021\/11\/Kylie-Jenner-avant-apres-chirurgie-esthetique-100x35.jpg 100w\" sizes=\"(max-width: 1000px) 100vw, 1000px\" \/><\/figure>\n\n\n\n<p>Certes La naissance d&rsquo;un b\u00e9b\u00e9 peut d\u00e9clencher une vari\u00e9t\u00e9 d&rsquo;\u00e9motions puissantes, allant de l&rsquo;excitation et de la joie \u00e0 la peur et \u00e0 l&rsquo;anxi\u00e9t\u00e9. Mais cela peut aussi entra\u00eener quelque chose auquel vous ne vous attendiez peut-\u00eatre pas : <strong>la d\u00e9pression<\/strong>.<\/p>\n\n\n\n<p><strong>Kylie Jenner<\/strong> a parl\u00e9 de sa propre exp\u00e9rience concernant ce sujet surtout apr\u00e8s avoir vivre l\u2019aventure du grossesse pour la deuxi\u00e8me fois.  En f\u00e9vrier 2022, elle a donn\u00e9 naissance \u00e0 son deuxi\u00e8me enfant <strong>AIRE<\/strong>,&nbsp;: quatre ans apr\u00e8s avoir accueilli sa fille cadette&nbsp;; <strong>Stormi<\/strong>.<\/p>\n\n\n\n<iframe loading=\"lazy\" width=\"100%\" height=\"360\" src=\"https:\/\/www.youtube.com\/embed\/zYvvq5EBfTs\" title=\"YouTube video player\" frameborder=\"0\" allow=\"accelerometer; autoplay; clipboard-write; encrypted-media; gyroscope; picture-in-picture; web-share\" allowfullscreen=\"\"><\/iframe>\n\n\n\n<h2>Kylie Jenner et sa d\u00e9licate d\u00e9pression post-partum<\/h2>\n\n\n\n<p>Kylie Jenner la s\u0153ur la <strong>plus jeune de la fameuse famille Kardashian<\/strong>, une <strong>milliardaire<\/strong> et la <strong>deuxi\u00e8me femme la plus suivi sur Instagram<\/strong> n\u2019a pas h\u00e9sit\u00e9 de partager avec ces fans et sa communaut\u00e9 les hauts et les bas qui viennent avec l\u2019\u00e9v\u00e9nement d\u2019avoir un enfant. Elle a insist\u00e9 que chaque exp\u00e9rience &nbsp;<strong>post-partum est diff\u00e9rent<\/strong>.<\/p>\n\n\n\n<p>Jenner avoue&nbsp; qu&rsquo;elle n\u2019a pas arr\u00eat\u00e9 de pleur\u00e9 pendant environ trois semaines\u00a0\u00bb apr\u00e8s avoir donn\u00e9 naissance \u00e0 son petit gar\u00e7on. En disant&nbsp;: \u00ab\u00a0Ce n&rsquo;est pas facile ni mentalement, ni physiquement, c&rsquo;est juste fou\u2019\u2019<\/p>\n\n\n\n<p>Kylie Jenner aussi exhorte de s\u2019accepter son corps post-partum, et de se sentir \u00ab\u00a0vraiment bien\u00a0\u00bb dans sa peau, elle-m\u00eame \u00e0 d\u00e9voiler qu\u2019elle n\u2019est pas d\u00e9rang\u00e9 par les effets de la grossesse sur <a href=\"https:\/\/www.univers-med.com\/chirurgie-silhouette.html\">son corps<\/a>, et elle n\u2019est pas press\u00e9e de perdre du poids rapidement, elle voulait profiter et prendre son temps.<\/p>\n\n\n\n<p>Jenner rassure les femmes qui passent de la m\u00eame exp\u00e9rience en affirmant que &nbsp;\u00ab\u00a0C&rsquo;est bien de ne pas \u00eatre bien. Une fois, j&rsquo;ai r\u00e9alis\u00e9 que je me mettais de la pression je n&rsquo;arr\u00eate pas de me rappeler que j&rsquo;ai fait un \u00eatre humain \u00e0 part enti\u00e8re, un beau gar\u00e7on en bonne sant\u00e9.\u00a0\u00bb Et elle ne cesse pas de partag\u00e9 ces moments avec sa petite famille et son copain Travis Scott.<\/p>\n","protected":false},"excerpt":{"rendered":"<p>Kylie Jenner se confie sur sa d\u00e9pression post-partum , ses grossesses et ses op\u00e9rations de chirurgie esth\u00e9tique Certes La naissance d&rsquo;un b\u00e9b\u00e9 peut d\u00e9clencher une vari\u00e9t\u00e9 d&rsquo;\u00e9motions puissantes, allant de l&rsquo;excitation et de la joie \u00e0 la peur et \u00e0 l&rsquo;anxi\u00e9t\u00e9. Mais cela peut aussi entra\u00eener quelque chose auquel vous ne vous attendiez peut-\u00eatre pas [&hellip;]<\/p>\n","protected":false},"author":1,"featured_media":5665,"comment_status":"closed","ping_status":"closed","sticky":false,"template":"","format":"standard","meta":[],"categories":[1105],"tags":[],"yoast_head":"<!-- This site is optimized with the Yoast SEO plugin v20.6 - https:\/\/yoast.com\/wordpress\/plugins\/seo\/ -->\n<title>Kylie Jenner et sa d\u00e9pression post-partum et ses chirurgies<\/title>\n<meta name=\"description\" content=\"Kylie Jenner se confie sur sa d\u00e9pression post-partum . A-t-elle fait des chirurgies esth\u00e9tiques ? Son \u00e9volution physique l\u2019avant et l\u2019apr\u00e8s . Elle se\" \/>\n<meta name=\"robots\" content=\"index, follow, max-snippet:-1, max-image-preview:large, max-video-preview:-1\" \/>\n<link rel=\"canonical\" href=\"https:\/\/www.univers-med.com\/blog\/kylie-jenner-se-confie-sur-ses-grossesses-ses-operations-de-chirurgie-esthetique\/\" \/>\n<meta property=\"og:locale\" content=\"fr_FR\" \/>\n<meta property=\"og:type\" content=\"article\" \/>\n<meta property=\"og:title\" content=\"Kylie Jenner et sa d\u00e9pression post-partum et ses chirurgies\" \/>\n<meta property=\"og:description\" content=\"Kylie Jenner se confie sur sa d\u00e9pression post-partum . A-t-elle fait des chirurgies esth\u00e9tiques ? Son \u00e9volution physique l\u2019avant et l\u2019apr\u00e8s . Elle se\" \/>\n<meta property=\"og:url\" content=\"https:\/\/www.univers-med.com\/blog\/kylie-jenner-se-confie-sur-ses-grossesses-ses-operations-de-chirurgie-esthetique\/\" \/>\n<meta property=\"og:site_name\" content=\"Blog Univers-med\" \/>\n<meta property=\"article:published_time\" content=\"2023-03-18T18:47:54+00:00\" \/>\n<meta property=\"article:modified_time\" content=\"2023-06-06T13:41:37+00:00\" \/>\n<meta property=\"og:image\" content=\"https:\/\/www.univers-med.com\/blog\/wp-content\/uploads\/2023\/03\/kylie-jenner.jpg\" \/>\n\t<meta property=\"og:image:width\" content=\"1050\" \/>\n\t<meta property=\"og:image:height\" content=\"700\" \/>\n\t<meta property=\"og:image:type\" content=\"image\/jpeg\" \/>\n<meta name=\"author\" content=\"blog-univers-med\" \/>\n<meta name=\"twitter:card\" content=\"summary_large_image\" \/>\n<meta name=\"twitter:creator\" content=\"@MeduniversTn\" \/>\n<meta name=\"twitter:site\" content=\"@MeduniversTn\" \/>\n<script type=\"application\/ld+json\" class=\"yoast-schema-graph\">{\"@context\":\"https:\/\/schema.org\",\"@graph\":[{\"@type\":\"Article\",\"@id\":\"https:\/\/www.univers-med.com\/blog\/kylie-jenner-se-confie-sur-ses-grossesses-ses-operations-de-chirurgie-esthetique\/#article\",\"isPartOf\":{\"@id\":\"https:\/\/www.univers-med.com\/blog\/kylie-jenner-se-confie-sur-ses-grossesses-ses-operations-de-chirurgie-esthetique\/\"},\"author\":{\"name\":\"blog-univers-med\",\"@id\":\"https:\/\/www.univers-med.com\/blog\/#\/schema\/person\/a4d4b2b10c240db88faecbdd5f1175cf\"},\"headline\":\"Kylie Jenner : Ses op\u00e9rations de chirurgie esth\u00e9tique\",\"datePublished\":\"2023-03-18T18:47:54+00:00\",\"dateModified\":\"2023-06-06T13:41:37+00:00\",\"mainEntityOfPage\":{\"@id\":\"https:\/\/www.univers-med.com\/blog\/kylie-jenner-se-confie-sur-ses-grossesses-ses-operations-de-chirurgie-esthetique\/\"},\"wordCount\":380,\"publisher\":{\"@id\":\"https:\/\/www.univers-med.com\/blog\/#\/schema\/person\/a4d4b2b10c240db88faecbdd5f1175cf\"},\"articleSection\":[\"Beaut\u00e9 des stars\"],\"inLanguage\":\"fr-FR\"},{\"@type\":\"WebPage\",\"@id\":\"https:\/\/www.univers-med.com\/blog\/kylie-jenner-se-confie-sur-ses-grossesses-ses-operations-de-chirurgie-esthetique\/\",\"url\":\"https:\/\/www.univers-med.com\/blog\/kylie-jenner-se-confie-sur-ses-grossesses-ses-operations-de-chirurgie-esthetique\/\",\"name\":\"Kylie Jenner et sa d\u00e9pression post-partum et ses chirurgies\",\"isPartOf\":{\"@id\":\"https:\/\/www.univers-med.com\/blog\/#website\"},\"datePublished\":\"2023-03-18T18:47:54+00:00\",\"dateModified\":\"2023-06-06T13:41:37+00:00\",\"description\":\"Kylie Jenner se confie sur sa d\u00e9pression post-partum . A-t-elle fait des chirurgies esth\u00e9tiques ? Son \u00e9volution physique l\u2019avant et l\u2019apr\u00e8s . Elle se\",\"breadcrumb\":{\"@id\":\"https:\/\/www.univers-med.com\/blog\/kylie-jenner-se-confie-sur-ses-grossesses-ses-operations-de-chirurgie-esthetique\/#breadcrumb\"},\"inLanguage\":\"fr-FR\",\"potentialAction\":[{\"@type\":\"ReadAction\",\"target\":[\"https:\/\/www.univers-med.com\/blog\/kylie-jenner-se-confie-sur-ses-grossesses-ses-operations-de-chirurgie-esthetique\/\"]}]},{\"@type\":\"BreadcrumbList\",\"@id\":\"https:\/\/www.univers-med.com\/blog\/kylie-jenner-se-confie-sur-ses-grossesses-ses-operations-de-chirurgie-esthetique\/#breadcrumb\",\"itemListElement\":[{\"@type\":\"ListItem\",\"position\":1,\"name\":\"Accueil\",\"item\":\"https:\/\/www.univers-med.com\/blog\/\"},{\"@type\":\"ListItem\",\"position\":2,\"name\":\"Kylie Jenner : Ses op\u00e9rations de chirurgie esth\u00e9tique\"}]},{\"@type\":\"WebSite\",\"@id\":\"https:\/\/www.univers-med.com\/blog\/#website\",\"url\":\"https:\/\/www.univers-med.com\/blog\/\",\"name\":\"Blog Univers-med\",\"description\":\"Blog Univers-med\",\"publisher\":{\"@id\":\"https:\/\/www.univers-med.com\/blog\/#\/schema\/person\/a4d4b2b10c240db88faecbdd5f1175cf\"},\"alternateName\":\"chirurgie esth\u00e9tique Tunisie\",\"potentialAction\":[{\"@type\":\"SearchAction\",\"target\":{\"@type\":\"EntryPoint\",\"urlTemplate\":\"https:\/\/www.univers-med.com\/blog\/?s={search_term_string}\"},\"query-input\":\"required name=search_term_string\"}],\"inLanguage\":\"fr-FR\"},{\"@type\":[\"Person\",\"Organization\"],\"@id\":\"https:\/\/www.univers-med.com\/blog\/#\/schema\/person\/a4d4b2b10c240db88faecbdd5f1175cf\",\"name\":\"blog-univers-med\",\"image\":{\"@type\":\"ImageObject\",\"inLanguage\":\"fr-FR\",\"@id\":\"https:\/\/www.univers-med.com\/blog\/#\/schema\/person\/image\/\",\"url\":\"https:\/\/www.univers-med.com\/blog\/wp-content\/uploads\/2020\/10\/cropped-logo-1.png\",\"contentUrl\":\"https:\/\/www.univers-med.com\/blog\/wp-content\/uploads\/2020\/10\/cropped-logo-1.png\",\"width\":512,\"height\":512,\"caption\":\"blog-univers-med\"},\"logo\":{\"@id\":\"https:\/\/www.univers-med.com\/blog\/#\/schema\/person\/image\/\"},\"sameAs\":[\"https:\/\/www.instagram.com\/univers_med_officiel\/\"],\"url\":\"https:\/\/www.univers-med.com\/blog\/author\/blog-univers-med\/\"}]}<\/script>\n<!-- \/ Yoast SEO plugin. -->","yoast_head_json":{"title":"Kylie Jenner et sa d\u00e9pression post-partum et ses chirurgies","description":"Kylie Jenner se confie sur sa d\u00e9pression post-partum . A-t-elle fait des chirurgies esth\u00e9tiques ? Son \u00e9volution physique l\u2019avant et l\u2019apr\u00e8s . Elle se","robots":{"index":"index","follow":"follow","max-snippet":"max-snippet:-1","max-image-preview":"max-image-preview:large","max-video-preview":"max-video-preview:-1"},"canonical":"https:\/\/www.univers-med.com\/blog\/kylie-jenner-se-confie-sur-ses-grossesses-ses-operations-de-chirurgie-esthetique\/","og_locale":"fr_FR","og_type":"article","og_title":"Kylie Jenner et sa d\u00e9pression post-partum et ses chirurgies","og_description":"Kylie Jenner se confie sur sa d\u00e9pression post-partum . A-t-elle fait des chirurgies esth\u00e9tiques ? Son \u00e9volution physique l\u2019avant et l\u2019apr\u00e8s . Elle se","og_url":"https:\/\/www.univers-med.com\/blog\/kylie-jenner-se-confie-sur-ses-grossesses-ses-operations-de-chirurgie-esthetique\/","og_site_name":"Blog Univers-med","article_published_time":"2023-03-18T18:47:54+00:00","article_modified_time":"2023-06-06T13:41:37+00:00","og_image":[{"width":1050,"height":700,"url":"https:\/\/www.univers-med.com\/blog\/wp-content\/uploads\/2023\/03\/kylie-jenner.jpg","type":"image\/jpeg"}],"author":"blog-univers-med","twitter_card":"summary_large_image","twitter_creator":"@MeduniversTn","twitter_site":"@MeduniversTn","schema":{"@context":"https:\/\/schema.org","@graph":[{"@type":"Article","@id":"https:\/\/www.univers-med.com\/blog\/kylie-jenner-se-confie-sur-ses-grossesses-ses-operations-de-chirurgie-esthetique\/#article","isPartOf":{"@id":"https:\/\/www.univers-med.com\/blog\/kylie-jenner-se-confie-sur-ses-grossesses-ses-operations-de-chirurgie-esthetique\/"},"author":{"name":"blog-univers-med","@id":"https:\/\/www.univers-med.com\/blog\/#\/schema\/person\/a4d4b2b10c240db88faecbdd5f1175cf"},"headline":"Kylie Jenner : Ses op\u00e9rations de chirurgie esth\u00e9tique","datePublished":"2023-03-18T18:47:54+00:00","dateModified":"2023-06-06T13:41:37+00:00","mainEntityOfPage":{"@id":"https:\/\/www.univers-med.com\/blog\/kylie-jenner-se-confie-sur-ses-grossesses-ses-operations-de-chirurgie-esthetique\/"},"wordCount":380,"publisher":{"@id":"https:\/\/www.univers-med.com\/blog\/#\/schema\/person\/a4d4b2b10c240db88faecbdd5f1175cf"},"articleSection":["Beaut\u00e9 des stars"],"inLanguage":"fr-FR"},{"@type":"WebPage","@id":"https:\/\/www.univers-med.com\/blog\/kylie-jenner-se-confie-sur-ses-grossesses-ses-operations-de-chirurgie-esthetique\/","url":"https:\/\/www.univers-med.com\/blog\/kylie-jenner-se-confie-sur-ses-grossesses-ses-operations-de-chirurgie-esthetique\/","name":"Kylie Jenner et sa d\u00e9pression post-partum et ses chirurgies","isPartOf":{"@id":"https:\/\/www.univers-med.com\/blog\/#website"},"datePublished":"2023-03-18T18:47:54+00:00","dateModified":"2023-06-06T13:41:37+00:00","description":"Kylie Jenner se confie sur sa d\u00e9pression post-partum . A-t-elle fait des chirurgies esth\u00e9tiques ? Son \u00e9volution physique l\u2019avant et l\u2019apr\u00e8s . Elle se","breadcrumb":{"@id":"https:\/\/www.univers-med.com\/blog\/kylie-jenner-se-confie-sur-ses-grossesses-ses-operations-de-chirurgie-esthetique\/#breadcrumb"},"inLanguage":"fr-FR","potentialAction":[{"@type":"ReadAction","target":["https:\/\/www.univers-med.com\/blog\/kylie-jenner-se-confie-sur-ses-grossesses-ses-operations-de-chirurgie-esthetique\/"]}]},{"@type":"BreadcrumbList","@id":"https:\/\/www.univers-med.com\/blog\/kylie-jenner-se-confie-sur-ses-grossesses-ses-operations-de-chirurgie-esthetique\/#breadcrumb","itemListElement":[{"@type":"ListItem","position":1,"name":"Accueil","item":"https:\/\/www.univers-med.com\/blog\/"},{"@type":"ListItem","position":2,"name":"Kylie Jenner : Ses op\u00e9rations de chirurgie esth\u00e9tique"}]},{"@type":"WebSite","@id":"https:\/\/www.univers-med.com\/blog\/#website","url":"https:\/\/www.univers-med.com\/blog\/","name":"Blog Univers-med","description":"Blog Univers-med","publisher":{"@id":"https:\/\/www.univers-med.com\/blog\/#\/schema\/person\/a4d4b2b10c240db88faecbdd5f1175cf"},"alternateName":"chirurgie esth\u00e9tique Tunisie","potentialAction":[{"@type":"SearchAction","target":{"@type":"EntryPoint","urlTemplate":"https:\/\/www.univers-med.com\/blog\/?s={search_term_string}"},"query-input":"required name=search_term_string"}],"inLanguage":"fr-FR"},{"@type":["Person","Organization"],"@id":"https:\/\/www.univers-med.com\/blog\/#\/schema\/person\/a4d4b2b10c240db88faecbdd5f1175cf","name":"blog-univers-med","image":{"@type":"ImageObject","inLanguage":"fr-FR","@id":"https:\/\/www.univers-med.com\/blog\/#\/schema\/person\/image\/","url":"https:\/\/www.univers-med.com\/blog\/wp-content\/uploads\/2020\/10\/cropped-logo-1.png","contentUrl":"https:\/\/www.univers-med.com\/blog\/wp-content\/uploads\/2020\/10\/cropped-logo-1.png","width":512,"height":512,"caption":"blog-univers-med"},"logo":{"@id":"https:\/\/www.univers-med.com\/blog\/#\/schema\/person\/image\/"},"sameAs":["https:\/\/www.instagram.com\/univers_med_officiel\/"],"url":"https:\/\/www.univers-med.com\/blog\/author\/blog-univers-med\/"}]}},"_links":{"self":[{"href":"https:\/\/www.univers-med.com\/blog\/wp-json\/wp\/v2\/posts\/5661"}],"collection":[{"href":"https:\/\/www.univers-med.com\/blog\/wp-json\/wp\/v2\/posts"}],"about":[{"href":"https:\/\/www.univers-med.com\/blog\/wp-json\/wp\/v2\/types\/post"}],"author":[{"embeddable":true,"href":"https:\/\/www.univers-med.com\/blog\/wp-json\/wp\/v2\/users\/1"}],"replies":[{"embeddable":true,"href":"https:\/\/www.univers-med.com\/blog\/wp-json\/wp\/v2\/comments?post=5661"}],"version-history":[{"count":17,"href":"https:\/\/www.univers-med.com\/blog\/wp-json\/wp\/v2\/posts\/5661\/revisions"}],"predecessor-version":[{"id":6902,"href":"https:\/\/www.univers-med.com\/blog\/wp-json\/wp\/v2\/posts\/5661\/revisions\/6902"}],"wp:featuredmedia":[{"embeddable":true,"href":"https:\/\/www.univers-med.com\/blog\/wp-json\/wp\/v2\/media\/5665"}],"wp:attachment":[{"href":"https:\/\/www.univers-med.com\/blog\/wp-json\/wp\/v2\/media?parent=5661"}],"wp:term":[{"taxonomy":"category","embeddable":true,"href":"https:\/\/www.univers-med.com\/blog\/wp-json\/wp\/v2\/categories?post=5661"},{"taxonomy":"post_tag","embeddable":true,"href":"https:\/\/www.univers-med.com\/blog\/wp-json\/wp\/v2\/tags?post=5661"}],"curies":[{"name":"wp","href":"https:\/\/api.w.org\/{rel}","templated":true}]}}