{"id":5617,"date":"2023-03-07T20:30:18","date_gmt":"2023-03-07T19:30:18","guid":{"rendered":"https:\/\/www.univers-med.com\/blog\/?p=5617"},"modified":"2023-06-06T16:00:56","modified_gmt":"2023-06-06T14:00:56","slug":"les-chirurgies-esthetiques-de-maddy-burciaga-et-de-benjamin-samat","status":"publish","type":"post","link":"https:\/\/www.univers-med.com\/blog\/les-chirurgies-esthetiques-de-maddy-burciaga-et-de-benjamin-samat\/","title":{"rendered":"Les chirurgies esth\u00e9tiques de Maddy Burciaga et de Benjamin Samat&nbsp;"},"content":{"rendered":"\n<div id=\"ez-toc-container\" class=\"ez-toc-v2_0_72 counter-hierarchy ez-toc-counter ez-toc-grey ez-toc-container-direction\">\n<div class=\"ez-toc-title-container\">\n<p class=\"ez-toc-title\" style=\"cursor:inherit\">Table of Contents<\/p>\n<span class=\"ez-toc-title-toggle\"><a href=\"#\" class=\"ez-toc-pull-right ez-toc-btn ez-toc-btn-xs ez-toc-btn-default ez-toc-toggle\" aria-label=\"Toggle Table of Content\"><span class=\"ez-toc-js-icon-con\"><span class=\"\"><span class=\"eztoc-hide\" style=\"display:none;\">Toggle<\/span><span class=\"ez-toc-icon-toggle-span\"><svg style=\"fill: #999;color:#999\" xmlns=\"http:\/\/www.w3.org\/2000\/svg\" class=\"list-377408\" width=\"20px\" height=\"20px\" viewBox=\"0 0 24 24\" fill=\"none\"><path d=\"M6 6H4v2h2V6zm14 0H8v2h12V6zM4 11h2v2H4v-2zm16 0H8v2h12v-2zM4 16h2v2H4v-2zm16 0H8v2h12v-2z\" fill=\"currentColor\"><\/path><\/svg><svg style=\"fill: #999;color:#999\" class=\"arrow-unsorted-368013\" xmlns=\"http:\/\/www.w3.org\/2000\/svg\" width=\"10px\" height=\"10px\" viewBox=\"0 0 24 24\" version=\"1.2\" baseProfile=\"tiny\"><path d=\"M18.2 9.3l-6.2-6.3-6.2 6.3c-.2.2-.3.4-.3.7s.1.5.3.7c.2.2.4.3.7.3h11c.3 0 .5-.1.7-.3.2-.2.3-.5.3-.7s-.1-.5-.3-.7zM5.8 14.7l6.2 6.3 6.2-6.3c.2-.2.3-.5.3-.7s-.1-.5-.3-.7c-.2-.2-.4-.3-.7-.3h-11c-.3 0-.5.1-.7.3-.2.2-.3.5-.3.7s.1.5.3.7z\"\/><\/svg><\/span><\/span><\/span><\/a><\/span><\/div>\n<nav><ul class='ez-toc-list ez-toc-list-level-1 ' ><li class='ez-toc-page-1 ez-toc-heading-level-2'><a class=\"ez-toc-link ez-toc-heading-1\" href=\"https:\/\/www.univers-med.com\/blog\/les-chirurgies-esthetiques-de-maddy-burciaga-et-de-benjamin-samat\/#Maddy_Burciaga_et_Benjamin_Samat_en_couple\" title=\"Maddy Burciaga et Benjamin Samat en couple\">Maddy Burciaga et Benjamin Samat en couple<\/a><\/li><li class='ez-toc-page-1 ez-toc-heading-level-2'><a class=\"ez-toc-link ez-toc-heading-2\" href=\"https:\/\/www.univers-med.com\/blog\/les-chirurgies-esthetiques-de-maddy-burciaga-et-de-benjamin-samat\/#Maddy_Burciaga_quelle_operation_de_chirurgie_esthetique_a_fait\" title=\"Maddy Burciaga : quelle op\u00e9ration de chirurgie esth\u00e9tique a fait ?\">Maddy Burciaga : quelle op\u00e9ration de chirurgie esth\u00e9tique a fait ?<\/a><\/li><li class='ez-toc-page-1 ez-toc-heading-level-2'><a class=\"ez-toc-link ez-toc-heading-3\" href=\"https:\/\/www.univers-med.com\/blog\/les-chirurgies-esthetiques-de-maddy-burciaga-et-de-benjamin-samat\/#Qui_est_Benjamin_Samat\" title=\"Qui est Benjamin Samat ?\">Qui est Benjamin Samat ?<\/a><\/li><li class='ez-toc-page-1 ez-toc-heading-level-2'><a class=\"ez-toc-link ez-toc-heading-4\" href=\"https:\/\/www.univers-med.com\/blog\/les-chirurgies-esthetiques-de-maddy-burciaga-et-de-benjamin-samat\/#Benjamin_Samat_Les_facettes_dentaires_sont_sa_seule_intervention_de_chirurgie_esthetique\" title=\"Benjamin Samat : Les facettes dentaires sont sa seule intervention de chirurgie esth\u00e9tique :\">Benjamin Samat : Les facettes dentaires sont sa seule intervention de chirurgie esth\u00e9tique :<\/a><\/li><\/ul><\/nav><\/div>\n<h2><span class=\"ez-toc-section\" id=\"Maddy_Burciaga_et_Benjamin_Samat_en_couple\"><\/span>Maddy Burciaga et Benjamin Samat en couple<span class=\"ez-toc-section-end\"><\/span><\/h2>\n\n\n\n<figure class=\"wp-block-image size-full\"><img loading=\"lazy\" width=\"1000\" height=\"500\" src=\"https:\/\/www.univers-med.com\/blog\/wp-content\/uploads\/2023\/03\/benjamin-samat-et-maddy-burciaga-en-couple.jpg\" alt=\"maddy burciaga couple\" class=\"wp-image-5623\" srcset=\"https:\/\/www.univers-med.com\/blog\/wp-content\/uploads\/2023\/03\/benjamin-samat-et-maddy-burciaga-en-couple.jpg 1000w, https:\/\/www.univers-med.com\/blog\/wp-content\/uploads\/2023\/03\/benjamin-samat-et-maddy-burciaga-en-couple-300x150.jpg 300w, https:\/\/www.univers-med.com\/blog\/wp-content\/uploads\/2023\/03\/benjamin-samat-et-maddy-burciaga-en-couple-768x384.jpg 768w, https:\/\/www.univers-med.com\/blog\/wp-content\/uploads\/2023\/03\/benjamin-samat-et-maddy-burciaga-en-couple-100x50.jpg 100w\" sizes=\"(max-width: 1000px) 100vw, 1000px\" \/><\/figure>\n\n\n\n<p><strong>Maddy Burciaga et Benjamin Samat<\/strong> sont un <strong>couple de personnalit\u00e9s de la t\u00e9l\u00e9-r\u00e9alit\u00e9 fran\u00e7aise<\/strong>. Ils se sont rencontr\u00e9s sur le tournage de l&rsquo;\u00e9mission \u00ab\u00a0<strong>Les Marseillais vs Le Reste du Monde<\/strong>\u00a0\u00bb en 2018 et sont depuis lors rest\u00e9s ensemble. Maddy est une influenceuse de mode et de beaut\u00e9 sur les r\u00e9seaux sociaux, tandis que Benjamin est un mannequin et un entrepreneur. Le couple est tr\u00e8s populaire aupr\u00e8s des fans de t\u00e9l\u00e9-r\u00e9alit\u00e9 et partage r\u00e9guli\u00e8rement leur vie sur les r\u00e9seaux sociaux. Ils ont \u00e9galement particip\u00e9 ensemble \u00e0 plusieurs \u00e9missions de t\u00e9l\u00e9-r\u00e9alit\u00e9 telles que \u00ab\u00a0Les Marseillais Asian Tour\u00a0\u00bb et \u00ab\u00a0Les Marseillais aux Cara\u00efbes\u00a0\u00bb.<\/p>\n\n\n\n<h2><span class=\"ez-toc-section\" id=\"Maddy_Burciaga_quelle_operation_de_chirurgie_esthetique_a_fait\"><\/span>Maddy Burciaga : quelle op\u00e9ration de chirurgie esth\u00e9tique a fait ?<span class=\"ez-toc-section-end\"><\/span><\/h2>\n\n\n\n<p>Maddy Burciaga est une <strong>influenceuse fran\u00e7aise<\/strong> connue pour son style de vie glamour et ses looks \u00e0 la pointe de la mode. Elle est \u00e9galement connue pour avoir subi une <strong><a href=\"https:\/\/www.univers-med.com\/augmentation-mammaire-tunisie.html\">augmentation mammaire<\/a><\/strong> \u00e0 l&rsquo;\u00e2ge de 18 ans. Maddy a d\u00e9clar\u00e9 dans une interview qu&rsquo;elle a subi cette intervention car elle avait toujours \u00e9t\u00e9 complex\u00e9e par la taille de sa poitrine.<\/p>\n\n\n\n<figure class=\"wp-block-image size-full\"><img loading=\"lazy\" width=\"1000\" height=\"500\" src=\"https:\/\/www.univers-med.com\/blog\/wp-content\/uploads\/2023\/03\/maddy-burciaga.jpg\" alt=\"maddy burciaga\" class=\"wp-image-5626\" srcset=\"https:\/\/www.univers-med.com\/blog\/wp-content\/uploads\/2023\/03\/maddy-burciaga.jpg 1000w, https:\/\/www.univers-med.com\/blog\/wp-content\/uploads\/2023\/03\/maddy-burciaga-300x150.jpg 300w, https:\/\/www.univers-med.com\/blog\/wp-content\/uploads\/2023\/03\/maddy-burciaga-768x384.jpg 768w, https:\/\/www.univers-med.com\/blog\/wp-content\/uploads\/2023\/03\/maddy-burciaga-100x50.jpg 100w\" sizes=\"(max-width: 1000px) 100vw, 1000px\" \/><figcaption>\u00a9 Source : capture Instagram @maddyburciaga<\/figcaption><\/figure>\n\n\n\n<p>Elle a partag\u00e9 son exp\u00e9rience de <strong>chirurgie esth\u00e9tique<\/strong> sur ses r\u00e9seaux sociaux, o\u00f9 elle a encourag\u00e9 ses abonn\u00e9s \u00e0 suivre leur propre chemin et \u00e0 ne pas avoir peur de r\u00e9aliser leurs r\u00eaves. Elle a \u00e9galement d\u00e9clar\u00e9 que sa d\u00e9cision de subir une augmentation mammaire avait \u00e9t\u00e9 m\u00fbrement r\u00e9fl\u00e9chie et qu&rsquo;elle avait pris le temps de bien r\u00e9fl\u00e9chir \u00e0 l&rsquo;intervention avant de la r\u00e9aliser.<\/p>\n\n\n\n<p>Malgr\u00e9 les critiques et les commentaires n\u00e9gatifs, Maddy est rest\u00e9e confiante et fi\u00e8re de son choix. Elle a \u00e9galement encourag\u00e9 ses fans \u00e0 ne pas \u00e9couter les critiques et \u00e0 faire ce qui les rend heureux. Bien que certaines personnes puissent critiquer son choix, Maddy estime que c&rsquo;est une d\u00e9cision personnelle et que chacun est libre de faire ce qu&rsquo;il veut avec son corps.<\/p>\n\n\n\n<h2Les internautes doutent et pensent qu\u2019elle a refait ses l\u00e8vres<\/h2>\n\n\n\n<p>Maddy Burciaga, star des r\u00e9seaux sociaux, est souvent critiqu\u00e9e par les internautes pour son utilisation excessive de la chirurgie esth\u00e9tique. De nombreux fans pensent que la jeune femme a eu recours \u00e0 des injections de l\u00e8vres, bien que la principale concern\u00e9e n&rsquo;ait jamais confirm\u00e9 ces all\u00e9gations. En effet, plusieurs publications de Maddy Burciaga sur Instagram ont suscit\u00e9 des doutes chez les internautes quant \u00e0 une \u00e9ventuelle intervention esth\u00e9tique des l\u00e8vres. Certains fans ont exprim\u00e9 leur m\u00e9contentement en commentant les publications de la star, estimant que l&rsquo;apparence naturelle de Maddy Burciaga \u00e9tait plus belle et qu&rsquo;elle n&rsquo;avait pas besoin de modifier son apparence. Cependant, d&rsquo;autres fans continuent de soutenir la jeune femme, affirmant que c&rsquo;est son choix personnel et qu&rsquo;elle a le droit de faire ce qu&rsquo;elle veut de son corps. En tout cas, Maddy Burciaga semble avoir une forte pr\u00e9sence en ligne et continue d&rsquo;attirer l&rsquo;attention de nombreux fans.<\/p>\n\n\n\n<p><h2>Maddy c\u00e9derait-elle \u00e0 une augmentation des l\u00e8vres sans l\u2019accord de son amoureux Benjamin Samat<\/h2><\/p>\n\n\n\n<p>Maddy Burciaga a toujours \u00e9t\u00e9 transparente avec ses fans sur la chirurgie esth\u00e9tique. Elle a expliqu\u00e9 avoir subi une augmentation mammaire, mais nie avoir touch\u00e9 \u00e0 ses l\u00e8vres. Cependant, certains fans se demandent si elle ne pourrait pas changer d\u2019avis et c\u00e9der \u00e0 la tentation de l\u2019augmentation des l\u00e8vres. En effet, si elle le faisait, cela pourrait \u00eatre une source de conflit avec Benjamin Samat, qui est connu pour \u00eatre contre la chirurgie esth\u00e9tique.<\/p>\n\n\n\n<h2><span class=\"ez-toc-section\" id=\"Qui_est_Benjamin_Samat\"><\/span>Qui est Benjamin Samat ?<span class=\"ez-toc-section-end\"><\/span><\/h2>\n\n\n\n<figure class=\"wp-block-image size-full\"><img loading=\"lazy\" width=\"1000\" height=\"500\" src=\"https:\/\/www.univers-med.com\/blog\/wp-content\/uploads\/2023\/03\/benjamin-samat.jpg\" alt=\"Benjamin Samat\" class=\"wp-image-5629\" srcset=\"https:\/\/www.univers-med.com\/blog\/wp-content\/uploads\/2023\/03\/benjamin-samat.jpg 1000w, https:\/\/www.univers-med.com\/blog\/wp-content\/uploads\/2023\/03\/benjamin-samat-300x150.jpg 300w, https:\/\/www.univers-med.com\/blog\/wp-content\/uploads\/2023\/03\/benjamin-samat-768x384.jpg 768w, https:\/\/www.univers-med.com\/blog\/wp-content\/uploads\/2023\/03\/benjamin-samat-100x50.jpg 100w\" sizes=\"(max-width: 1000px) 100vw, 1000px\" \/><\/figure>\n\n\n\n<p>Benjamin Samat est un jeune homme fran\u00e7ais connu pour sa participation \u00e0 plusieurs \u00e9missions de t\u00e9l\u00e9-r\u00e9alit\u00e9, notamment \u00ab\u00a0Les Marseillais\u00a0\u00bb et \u00ab\u00a0Les Princes de l&rsquo;amour\u00a0\u00bb. Il est n\u00e9 le 12 f\u00e9vrier 1991 \u00e0 Marseille et a commenc\u00e9 sa carri\u00e8re de mannequin avant de se lancer dans la t\u00e9l\u00e9-r\u00e9alit\u00e9. Il est \u00e9galement tr\u00e8s pr\u00e9sent sur les r\u00e9seaux sociaux o\u00f9 il partage sa vie avec ses fans et compte plus de 1,7 million d&rsquo;abonn\u00e9s sur Instagram. Depuis sa participation aux \u00e9missions de t\u00e9l\u00e9-r\u00e9alit\u00e9, Benjamin Samat est devenu une figure embl\u00e9matique du petit \u00e9cran et est tr\u00e8s appr\u00e9ci\u00e9 pour son charisme et sa personnalit\u00e9.<\/p>\n\n\n\n<h2><span class=\"ez-toc-section\" id=\"Benjamin_Samat_Les_facettes_dentaires_sont_sa_seule_intervention_de_chirurgie_esthetique\"><\/span>Benjamin Samat : Les facettes dentaires sont sa seule intervention de chirurgie esth\u00e9tique :<span class=\"ez-toc-section-end\"><\/span><\/h2>\n\n\n\n<p>Benjamin Samat est un candidat embl\u00e9matique de la t\u00e9l\u00e9-r\u00e9alit\u00e9 fran\u00e7aise. Contrairement \u00e0 certaines stars de la t\u00e9l\u00e9-r\u00e9alit\u00e9, Benjamin a eu recours \u00e0 une seule intervention de chirurgie esth\u00e9tique. En effet, il a opt\u00e9 pour des facettes dentaires pour am\u00e9liorer l&rsquo;aspect de ses dents. Les facettes dentaires sont des coquilles tr\u00e8s fines en porcelaine qui sont coll\u00e9es sur la face externe des dents pour masquer les imperfections et am\u00e9liorer l&rsquo;esth\u00e9tique dentaire. Les facettes dentaires sont une solution id\u00e9ale pour ceux qui souhaitent avoir des dents droites, blanches et bien align\u00e9es sans subir une intervention chirurgicale invasive. En optant pour cette intervention, Benjamin a am\u00e9lior\u00e9 l&rsquo;esth\u00e9tique de son sourire et a retrouv\u00e9 confiance en lui. Cette intervention est devenue tr\u00e8s populaire ces derni\u00e8res ann\u00e9es aupr\u00e8s des c\u00e9l\u00e9brit\u00e9s et des stars de la t\u00e9l\u00e9-r\u00e9alit\u00e9.<\/p>\n","protected":false},"excerpt":{"rendered":"<p>Maddy Burciaga et Benjamin Samat en couple Maddy Burciaga et Benjamin Samat sont un couple de personnalit\u00e9s de la t\u00e9l\u00e9-r\u00e9alit\u00e9 fran\u00e7aise. Ils se sont rencontr\u00e9s sur le tournage de l&rsquo;\u00e9mission \u00ab\u00a0Les Marseillais vs Le Reste du Monde\u00a0\u00bb en 2018 et sont depuis lors rest\u00e9s ensemble. Maddy est une influenceuse de mode et de beaut\u00e9 sur [&hellip;]<\/p>\n","protected":false},"author":1,"featured_media":5622,"comment_status":"closed","ping_status":"closed","sticky":false,"template":"","format":"standard","meta":[],"categories":[1105],"tags":[],"yoast_head":"<!-- This site is optimized with the Yoast SEO plugin v20.6 - https:\/\/yoast.com\/wordpress\/plugins\/seo\/ -->\n<title>Maddy Burciaga et Benjamin Samat\u00a0: chirurgies esth\u00e9tiques<\/title>\n<meta name=\"description\" content=\"Les chirurgies esth\u00e9tiques de Maddy Burciaga et de Benjamin Samat\u00a0. Quelles op\u00e9rations ont-t-ils subis ? Maddy c\u00e9derait-elle \u00e0 une augmentation des l\u00e8vres\" \/>\n<meta name=\"robots\" content=\"index, follow, max-snippet:-1, max-image-preview:large, max-video-preview:-1\" \/>\n<link rel=\"canonical\" href=\"https:\/\/www.univers-med.com\/blog\/les-chirurgies-esthetiques-de-maddy-burciaga-et-de-benjamin-samat\/\" \/>\n<meta property=\"og:locale\" content=\"fr_FR\" \/>\n<meta property=\"og:type\" content=\"article\" \/>\n<meta property=\"og:title\" content=\"Maddy Burciaga et Benjamin Samat\u00a0: chirurgies esth\u00e9tiques\" \/>\n<meta property=\"og:description\" content=\"Les chirurgies esth\u00e9tiques de Maddy Burciaga et de Benjamin Samat\u00a0. Quelles op\u00e9rations ont-t-ils subis ? Maddy c\u00e9derait-elle \u00e0 une augmentation des l\u00e8vres\" \/>\n<meta property=\"og:url\" content=\"https:\/\/www.univers-med.com\/blog\/les-chirurgies-esthetiques-de-maddy-burciaga-et-de-benjamin-samat\/\" \/>\n<meta property=\"og:site_name\" content=\"Blog Univers-med\" \/>\n<meta property=\"article:published_time\" content=\"2023-03-07T19:30:18+00:00\" \/>\n<meta property=\"article:modified_time\" content=\"2023-06-06T14:00:56+00:00\" \/>\n<meta property=\"og:image\" content=\"https:\/\/www.univers-med.com\/blog\/wp-content\/uploads\/2023\/03\/benjamin-samat-et-maddy-burciaga.jpeg\" \/>\n\t<meta property=\"og:image:width\" content=\"1050\" \/>\n\t<meta property=\"og:image:height\" content=\"700\" \/>\n\t<meta property=\"og:image:type\" content=\"image\/jpeg\" \/>\n<meta name=\"author\" content=\"blog-univers-med\" \/>\n<meta name=\"twitter:card\" content=\"summary_large_image\" \/>\n<meta name=\"twitter:creator\" content=\"@MeduniversTn\" \/>\n<meta name=\"twitter:site\" content=\"@MeduniversTn\" \/>\n<script type=\"application\/ld+json\" class=\"yoast-schema-graph\">{\"@context\":\"https:\/\/schema.org\",\"@graph\":[{\"@type\":\"Article\",\"@id\":\"https:\/\/www.univers-med.com\/blog\/les-chirurgies-esthetiques-de-maddy-burciaga-et-de-benjamin-samat\/#article\",\"isPartOf\":{\"@id\":\"https:\/\/www.univers-med.com\/blog\/les-chirurgies-esthetiques-de-maddy-burciaga-et-de-benjamin-samat\/\"},\"author\":{\"name\":\"blog-univers-med\",\"@id\":\"https:\/\/www.univers-med.com\/blog\/#\/schema\/person\/a4d4b2b10c240db88faecbdd5f1175cf\"},\"headline\":\"Les chirurgies esth\u00e9tiques de Maddy Burciaga et de Benjamin Samat&nbsp;\",\"datePublished\":\"2023-03-07T19:30:18+00:00\",\"dateModified\":\"2023-06-06T14:00:56+00:00\",\"mainEntityOfPage\":{\"@id\":\"https:\/\/www.univers-med.com\/blog\/les-chirurgies-esthetiques-de-maddy-burciaga-et-de-benjamin-samat\/\"},\"wordCount\":360,\"publisher\":{\"@id\":\"https:\/\/www.univers-med.com\/blog\/#\/schema\/person\/a4d4b2b10c240db88faecbdd5f1175cf\"},\"articleSection\":[\"Beaut\u00e9 des stars\"],\"inLanguage\":\"fr-FR\"},{\"@type\":\"WebPage\",\"@id\":\"https:\/\/www.univers-med.com\/blog\/les-chirurgies-esthetiques-de-maddy-burciaga-et-de-benjamin-samat\/\",\"url\":\"https:\/\/www.univers-med.com\/blog\/les-chirurgies-esthetiques-de-maddy-burciaga-et-de-benjamin-samat\/\",\"name\":\"Maddy Burciaga et Benjamin Samat\u00a0: chirurgies esth\u00e9tiques\",\"isPartOf\":{\"@id\":\"https:\/\/www.univers-med.com\/blog\/#website\"},\"datePublished\":\"2023-03-07T19:30:18+00:00\",\"dateModified\":\"2023-06-06T14:00:56+00:00\",\"description\":\"Les chirurgies esth\u00e9tiques de Maddy Burciaga et de Benjamin Samat\u00a0. Quelles op\u00e9rations ont-t-ils subis ? Maddy c\u00e9derait-elle \u00e0 une augmentation des l\u00e8vres\",\"breadcrumb\":{\"@id\":\"https:\/\/www.univers-med.com\/blog\/les-chirurgies-esthetiques-de-maddy-burciaga-et-de-benjamin-samat\/#breadcrumb\"},\"inLanguage\":\"fr-FR\",\"potentialAction\":[{\"@type\":\"ReadAction\",\"target\":[\"https:\/\/www.univers-med.com\/blog\/les-chirurgies-esthetiques-de-maddy-burciaga-et-de-benjamin-samat\/\"]}]},{\"@type\":\"BreadcrumbList\",\"@id\":\"https:\/\/www.univers-med.com\/blog\/les-chirurgies-esthetiques-de-maddy-burciaga-et-de-benjamin-samat\/#breadcrumb\",\"itemListElement\":[{\"@type\":\"ListItem\",\"position\":1,\"name\":\"Accueil\",\"item\":\"https:\/\/www.univers-med.com\/blog\/\"},{\"@type\":\"ListItem\",\"position\":2,\"name\":\"Les chirurgies esth\u00e9tiques de Maddy Burciaga et de Benjamin Samat&nbsp;\"}]},{\"@type\":\"WebSite\",\"@id\":\"https:\/\/www.univers-med.com\/blog\/#website\",\"url\":\"https:\/\/www.univers-med.com\/blog\/\",\"name\":\"Blog Univers-med\",\"description\":\"Blog Univers-med\",\"publisher\":{\"@id\":\"https:\/\/www.univers-med.com\/blog\/#\/schema\/person\/a4d4b2b10c240db88faecbdd5f1175cf\"},\"alternateName\":\"chirurgie esth\u00e9tique Tunisie\",\"potentialAction\":[{\"@type\":\"SearchAction\",\"target\":{\"@type\":\"EntryPoint\",\"urlTemplate\":\"https:\/\/www.univers-med.com\/blog\/?s={search_term_string}\"},\"query-input\":\"required name=search_term_string\"}],\"inLanguage\":\"fr-FR\"},{\"@type\":[\"Person\",\"Organization\"],\"@id\":\"https:\/\/www.univers-med.com\/blog\/#\/schema\/person\/a4d4b2b10c240db88faecbdd5f1175cf\",\"name\":\"blog-univers-med\",\"image\":{\"@type\":\"ImageObject\",\"inLanguage\":\"fr-FR\",\"@id\":\"https:\/\/www.univers-med.com\/blog\/#\/schema\/person\/image\/\",\"url\":\"https:\/\/www.univers-med.com\/blog\/wp-content\/uploads\/2020\/10\/cropped-logo-1.png\",\"contentUrl\":\"https:\/\/www.univers-med.com\/blog\/wp-content\/uploads\/2020\/10\/cropped-logo-1.png\",\"width\":512,\"height\":512,\"caption\":\"blog-univers-med\"},\"logo\":{\"@id\":\"https:\/\/www.univers-med.com\/blog\/#\/schema\/person\/image\/\"},\"sameAs\":[\"https:\/\/www.instagram.com\/univers_med_officiel\/\"],\"url\":\"https:\/\/www.univers-med.com\/blog\/author\/blog-univers-med\/\"}]}<\/script>\n<!-- \/ Yoast SEO plugin. -->","yoast_head_json":{"title":"Maddy Burciaga et Benjamin Samat\u00a0: chirurgies esth\u00e9tiques","description":"Les chirurgies esth\u00e9tiques de Maddy Burciaga et de Benjamin Samat\u00a0. Quelles op\u00e9rations ont-t-ils subis ? Maddy c\u00e9derait-elle \u00e0 une augmentation des l\u00e8vres","robots":{"index":"index","follow":"follow","max-snippet":"max-snippet:-1","max-image-preview":"max-image-preview:large","max-video-preview":"max-video-preview:-1"},"canonical":"https:\/\/www.univers-med.com\/blog\/les-chirurgies-esthetiques-de-maddy-burciaga-et-de-benjamin-samat\/","og_locale":"fr_FR","og_type":"article","og_title":"Maddy Burciaga et Benjamin Samat\u00a0: chirurgies esth\u00e9tiques","og_description":"Les chirurgies esth\u00e9tiques de Maddy Burciaga et de Benjamin Samat\u00a0. Quelles op\u00e9rations ont-t-ils subis ? Maddy c\u00e9derait-elle \u00e0 une augmentation des l\u00e8vres","og_url":"https:\/\/www.univers-med.com\/blog\/les-chirurgies-esthetiques-de-maddy-burciaga-et-de-benjamin-samat\/","og_site_name":"Blog Univers-med","article_published_time":"2023-03-07T19:30:18+00:00","article_modified_time":"2023-06-06T14:00:56+00:00","og_image":[{"width":1050,"height":700,"url":"https:\/\/www.univers-med.com\/blog\/wp-content\/uploads\/2023\/03\/benjamin-samat-et-maddy-burciaga.jpeg","type":"image\/jpeg"}],"author":"blog-univers-med","twitter_card":"summary_large_image","twitter_creator":"@MeduniversTn","twitter_site":"@MeduniversTn","schema":{"@context":"https:\/\/schema.org","@graph":[{"@type":"Article","@id":"https:\/\/www.univers-med.com\/blog\/les-chirurgies-esthetiques-de-maddy-burciaga-et-de-benjamin-samat\/#article","isPartOf":{"@id":"https:\/\/www.univers-med.com\/blog\/les-chirurgies-esthetiques-de-maddy-burciaga-et-de-benjamin-samat\/"},"author":{"name":"blog-univers-med","@id":"https:\/\/www.univers-med.com\/blog\/#\/schema\/person\/a4d4b2b10c240db88faecbdd5f1175cf"},"headline":"Les chirurgies esth\u00e9tiques de Maddy Burciaga et de Benjamin Samat&nbsp;","datePublished":"2023-03-07T19:30:18+00:00","dateModified":"2023-06-06T14:00:56+00:00","mainEntityOfPage":{"@id":"https:\/\/www.univers-med.com\/blog\/les-chirurgies-esthetiques-de-maddy-burciaga-et-de-benjamin-samat\/"},"wordCount":360,"publisher":{"@id":"https:\/\/www.univers-med.com\/blog\/#\/schema\/person\/a4d4b2b10c240db88faecbdd5f1175cf"},"articleSection":["Beaut\u00e9 des stars"],"inLanguage":"fr-FR"},{"@type":"WebPage","@id":"https:\/\/www.univers-med.com\/blog\/les-chirurgies-esthetiques-de-maddy-burciaga-et-de-benjamin-samat\/","url":"https:\/\/www.univers-med.com\/blog\/les-chirurgies-esthetiques-de-maddy-burciaga-et-de-benjamin-samat\/","name":"Maddy Burciaga et Benjamin Samat\u00a0: chirurgies esth\u00e9tiques","isPartOf":{"@id":"https:\/\/www.univers-med.com\/blog\/#website"},"datePublished":"2023-03-07T19:30:18+00:00","dateModified":"2023-06-06T14:00:56+00:00","description":"Les chirurgies esth\u00e9tiques de Maddy Burciaga et de Benjamin Samat\u00a0. Quelles op\u00e9rations ont-t-ils subis ? Maddy c\u00e9derait-elle \u00e0 une augmentation des l\u00e8vres","breadcrumb":{"@id":"https:\/\/www.univers-med.com\/blog\/les-chirurgies-esthetiques-de-maddy-burciaga-et-de-benjamin-samat\/#breadcrumb"},"inLanguage":"fr-FR","potentialAction":[{"@type":"ReadAction","target":["https:\/\/www.univers-med.com\/blog\/les-chirurgies-esthetiques-de-maddy-burciaga-et-de-benjamin-samat\/"]}]},{"@type":"BreadcrumbList","@id":"https:\/\/www.univers-med.com\/blog\/les-chirurgies-esthetiques-de-maddy-burciaga-et-de-benjamin-samat\/#breadcrumb","itemListElement":[{"@type":"ListItem","position":1,"name":"Accueil","item":"https:\/\/www.univers-med.com\/blog\/"},{"@type":"ListItem","position":2,"name":"Les chirurgies esth\u00e9tiques de Maddy Burciaga et de Benjamin Samat&nbsp;"}]},{"@type":"WebSite","@id":"https:\/\/www.univers-med.com\/blog\/#website","url":"https:\/\/www.univers-med.com\/blog\/","name":"Blog Univers-med","description":"Blog Univers-med","publisher":{"@id":"https:\/\/www.univers-med.com\/blog\/#\/schema\/person\/a4d4b2b10c240db88faecbdd5f1175cf"},"alternateName":"chirurgie esth\u00e9tique Tunisie","potentialAction":[{"@type":"SearchAction","target":{"@type":"EntryPoint","urlTemplate":"https:\/\/www.univers-med.com\/blog\/?s={search_term_string}"},"query-input":"required name=search_term_string"}],"inLanguage":"fr-FR"},{"@type":["Person","Organization"],"@id":"https:\/\/www.univers-med.com\/blog\/#\/schema\/person\/a4d4b2b10c240db88faecbdd5f1175cf","name":"blog-univers-med","image":{"@type":"ImageObject","inLanguage":"fr-FR","@id":"https:\/\/www.univers-med.com\/blog\/#\/schema\/person\/image\/","url":"https:\/\/www.univers-med.com\/blog\/wp-content\/uploads\/2020\/10\/cropped-logo-1.png","contentUrl":"https:\/\/www.univers-med.com\/blog\/wp-content\/uploads\/2020\/10\/cropped-logo-1.png","width":512,"height":512,"caption":"blog-univers-med"},"logo":{"@id":"https:\/\/www.univers-med.com\/blog\/#\/schema\/person\/image\/"},"sameAs":["https:\/\/www.instagram.com\/univers_med_officiel\/"],"url":"https:\/\/www.univers-med.com\/blog\/author\/blog-univers-med\/"}]}},"_links":{"self":[{"href":"https:\/\/www.univers-med.com\/blog\/wp-json\/wp\/v2\/posts\/5617"}],"collection":[{"href":"https:\/\/www.univers-med.com\/blog\/wp-json\/wp\/v2\/posts"}],"about":[{"href":"https:\/\/www.univers-med.com\/blog\/wp-json\/wp\/v2\/types\/post"}],"author":[{"embeddable":true,"href":"https:\/\/www.univers-med.com\/blog\/wp-json\/wp\/v2\/users\/1"}],"replies":[{"embeddable":true,"href":"https:\/\/www.univers-med.com\/blog\/wp-json\/wp\/v2\/comments?post=5617"}],"version-history":[{"count":10,"href":"https:\/\/www.univers-med.com\/blog\/wp-json\/wp\/v2\/posts\/5617\/revisions"}],"predecessor-version":[{"id":6874,"href":"https:\/\/www.univers-med.com\/blog\/wp-json\/wp\/v2\/posts\/5617\/revisions\/6874"}],"wp:featuredmedia":[{"embeddable":true,"href":"https:\/\/www.univers-med.com\/blog\/wp-json\/wp\/v2\/media\/5622"}],"wp:attachment":[{"href":"https:\/\/www.univers-med.com\/blog\/wp-json\/wp\/v2\/media?parent=5617"}],"wp:term":[{"taxonomy":"category","embeddable":true,"href":"https:\/\/www.univers-med.com\/blog\/wp-json\/wp\/v2\/categories?post=5617"},{"taxonomy":"post_tag","embeddable":true,"href":"https:\/\/www.univers-med.com\/blog\/wp-json\/wp\/v2\/tags?post=5617"}],"curies":[{"name":"wp","href":"https:\/\/api.w.org\/{rel}","templated":true}]}}