{"id":5366,"date":"2023-02-02T21:59:00","date_gmt":"2023-02-02T20:59:00","guid":{"rendered":"https:\/\/www.univers-med.com\/blog\/?p=5366"},"modified":"2023-03-01T10:54:53","modified_gmt":"2023-03-01T09:54:53","slug":"priscilla-betti-souvre-enfin-sur-les-raisons-qui-lont-poussee-a-recourir-a-la-chirurgie-esthetique","status":"publish","type":"post","link":"https:\/\/www.univers-med.com\/blog\/priscilla-betti-souvre-enfin-sur-les-raisons-qui-lont-poussee-a-recourir-a-la-chirurgie-esthetique\/","title":{"rendered":"Priscilla Betti s&rsquo;ouvre sur les raisons qui l&rsquo;ont pouss\u00e9e \u00e0 la chirurgie esth\u00e9tique"},"content":{"rendered":"<p>Priscilla Betti raconte comment, au fil des ans, elle s&rsquo;est sentie inad\u00e9quate et insatisfaite de son apparence physique, ce qui a entra\u00een\u00e9 une profonde ins\u00e9curit\u00e9 qui l&rsquo;a pouss\u00e9e \u00e0 se faire op\u00e9rer. J\u2019ai toujours \u00e9t\u00e9 tr\u00e8s consciente de mon apparence et j&rsquo;avais l&rsquo;impression de ne pas \u00eatre \u00e0 la hauteur par rapport \u00e0 la soci\u00e9t\u00e9\u00a0\u00bb, explique-t-elle&#8230;<img loading=\"lazy\" class=\"alignnone wp-image-5369 size-full\" src=\"https:\/\/www.univers-med.com\/blog\/wp-content\/uploads\/2023\/02\/video-priscilla-betti-frange-et-coloration-tendance-la-chanteuse-culte-change-totalement-de-tete.jpg\" alt=\"Priscilla Betti s'ouvre enfin sur les raisons qui l'ont pouss\u00e9e \u00e0 recourir \u00e0 la chirurgie esth\u00e9tique\" width=\"1200\" height=\"675\" srcset=\"https:\/\/www.univers-med.com\/blog\/wp-content\/uploads\/2023\/02\/video-priscilla-betti-frange-et-coloration-tendance-la-chanteuse-culte-change-totalement-de-tete.jpg 1200w, https:\/\/www.univers-med.com\/blog\/wp-content\/uploads\/2023\/02\/video-priscilla-betti-frange-et-coloration-tendance-la-chanteuse-culte-change-totalement-de-tete-300x169.jpg 300w, https:\/\/www.univers-med.com\/blog\/wp-content\/uploads\/2023\/02\/video-priscilla-betti-frange-et-coloration-tendance-la-chanteuse-culte-change-totalement-de-tete-1024x576.jpg 1024w, https:\/\/www.univers-med.com\/blog\/wp-content\/uploads\/2023\/02\/video-priscilla-betti-frange-et-coloration-tendance-la-chanteuse-culte-change-totalement-de-tete-768x432.jpg 768w, https:\/\/www.univers-med.com\/blog\/wp-content\/uploads\/2023\/02\/video-priscilla-betti-frange-et-coloration-tendance-la-chanteuse-culte-change-totalement-de-tete-100x56.jpg 100w\" sizes=\"(max-width: 1200px) 100vw, 1200px\" \/><\/p>\n<div id=\"ez-toc-container\" class=\"ez-toc-v2_0_72 counter-hierarchy ez-toc-counter ez-toc-grey ez-toc-container-direction\">\n<div class=\"ez-toc-title-container\">\n<p class=\"ez-toc-title\" style=\"cursor:inherit\">Table of Contents<\/p>\n<span class=\"ez-toc-title-toggle\"><a href=\"#\" class=\"ez-toc-pull-right ez-toc-btn ez-toc-btn-xs ez-toc-btn-default ez-toc-toggle\" aria-label=\"Toggle Table of Content\"><span class=\"ez-toc-js-icon-con\"><span class=\"\"><span class=\"eztoc-hide\" style=\"display:none;\">Toggle<\/span><span class=\"ez-toc-icon-toggle-span\"><svg style=\"fill: #999;color:#999\" xmlns=\"http:\/\/www.w3.org\/2000\/svg\" class=\"list-377408\" width=\"20px\" height=\"20px\" viewBox=\"0 0 24 24\" fill=\"none\"><path d=\"M6 6H4v2h2V6zm14 0H8v2h12V6zM4 11h2v2H4v-2zm16 0H8v2h12v-2zM4 16h2v2H4v-2zm16 0H8v2h12v-2z\" fill=\"currentColor\"><\/path><\/svg><svg style=\"fill: #999;color:#999\" class=\"arrow-unsorted-368013\" xmlns=\"http:\/\/www.w3.org\/2000\/svg\" width=\"10px\" height=\"10px\" viewBox=\"0 0 24 24\" version=\"1.2\" baseProfile=\"tiny\"><path d=\"M18.2 9.3l-6.2-6.3-6.2 6.3c-.2.2-.3.4-.3.7s.1.5.3.7c.2.2.4.3.7.3h11c.3 0 .5-.1.7-.3.2-.2.3-.5.3-.7s-.1-.5-.3-.7zM5.8 14.7l6.2 6.3 6.2-6.3c.2-.2.3-.5.3-.7s-.1-.5-.3-.7c-.2-.2-.4-.3-.7-.3h-11c-.3 0-.5.1-.7.3-.2.2-.3.5-.3.7s.1.5.3.7z\"\/><\/svg><\/span><\/span><\/span><\/a><\/span><\/div>\n<nav><ul class='ez-toc-list ez-toc-list-level-1 ' ><li class='ez-toc-page-1 ez-toc-heading-level-2'><a class=\"ez-toc-link ez-toc-heading-1\" href=\"https:\/\/www.univers-med.com\/blog\/priscilla-betti-souvre-enfin-sur-les-raisons-qui-lont-poussee-a-recourir-a-la-chirurgie-esthetique\/#1_Lascension_de_Priscilla_Betti_vers_la_celebrite\" title=\"1. L&rsquo;ascension de Priscilla Betti vers la c\u00e9l\u00e9brit\u00e9\">1. L&rsquo;ascension de Priscilla Betti vers la c\u00e9l\u00e9brit\u00e9<\/a><\/li><li class='ez-toc-page-1 ez-toc-heading-level-2'><a class=\"ez-toc-link ez-toc-heading-2\" href=\"https:\/\/www.univers-med.com\/blog\/priscilla-betti-souvre-enfin-sur-les-raisons-qui-lont-poussee-a-recourir-a-la-chirurgie-esthetique\/#2_Priscilla_Betti_Sa_decision_de_recourir_a_des_injections_de_botox\" title=\"2. Priscilla Betti : Sa d\u00e9cision de recourir \u00e0 des injections de botox\">2. Priscilla Betti : Sa d\u00e9cision de recourir \u00e0 des injections de botox<\/a><\/li><li class='ez-toc-page-1 ez-toc-heading-level-2'><a class=\"ez-toc-link ez-toc-heading-3\" href=\"https:\/\/www.univers-med.com\/blog\/priscilla-betti-souvre-enfin-sur-les-raisons-qui-lont-poussee-a-recourir-a-la-chirurgie-esthetique\/#3_La_reaction_du_public_a_ses_injections_de_botox_au_front\" title=\"3. La r\u00e9action du public \u00e0 ses injections de botox au front\">3. La r\u00e9action du public \u00e0 ses injections de botox au front<\/a><\/li><li class='ez-toc-page-1 ez-toc-heading-level-2'><a class=\"ez-toc-link ez-toc-heading-4\" href=\"https:\/\/www.univers-med.com\/blog\/priscilla-betti-souvre-enfin-sur-les-raisons-qui-lont-poussee-a-recourir-a-la-chirurgie-esthetique\/#4_Comment_Priscilla_Betti_se_sent_avec_ses_injections_de_botox_sur_son_front\" title=\"4. Comment Priscilla Betti se sent avec ses injections de botox sur son front\">4. Comment Priscilla Betti se sent avec ses injections de botox sur son front<\/a><\/li><li class='ez-toc-page-1 ez-toc-heading-level-2'><a class=\"ez-toc-link ez-toc-heading-5\" href=\"https:\/\/www.univers-med.com\/blog\/priscilla-betti-souvre-enfin-sur-les-raisons-qui-lont-poussee-a-recourir-a-la-chirurgie-esthetique\/#5_Lavenir_de_la_carriere_de_Priscilla_Betti\" title=\"5. L&rsquo;avenir de la carri\u00e8re de Priscilla Betti\">5. L&rsquo;avenir de la carri\u00e8re de Priscilla Betti<\/a><\/li><\/ul><\/nav><\/div>\n<h2><span class=\"ez-toc-section\" id=\"1_Lascension_de_Priscilla_Betti_vers_la_celebrite\"><\/span>1. L&rsquo;ascension de Priscilla Betti vers la c\u00e9l\u00e9brit\u00e9<span class=\"ez-toc-section-end\"><\/span><\/h2>\n<p>Priscilla Betti est une chanteuse, danseuse et actrice fran\u00e7aise connue pour son talent et son style. N\u00e9e \u00e0 Marseille dans une famille italienne, Priscilla a \u00e9t\u00e9 expos\u00e9e tr\u00e8s t\u00f4t au monde de la musique. Elle commence \u00e0 chanter \u00e0 l&rsquo;\u00e2ge de 13 ans, lorsqu&rsquo;elle fait les ch\u0153urs pour des artistes tels que Sade et Khaled. Sa carri\u00e8re est mont\u00e9e en fl\u00e8che en 2016 lorsqu&rsquo;elle a remport\u00e9 l&rsquo;\u00e9mission \u00ab\u00a0The Voice\u00a0\u00bb France avec sa reprise de Despacito. La performance est devenue virale sur YouTube et a fait d&rsquo;elle une sensation du jour au lendemain dans son pays d&rsquo;origine. Son succ\u00e8s se poursuit lorsqu&rsquo;elle sort plusieurs singles originaux comme \u00ab\u00a0Je Suis Comme \u00c7a\u00a0\u00bb \u00ab\u00a0Rien N&rsquo;Est Impossible\u00a0\u00bb, et \u00ab\u00a0Ecoute Les\u00a0\u00bb<\/p>\n<h2><span class=\"ez-toc-section\" id=\"2_Priscilla_Betti_Sa_decision_de_recourir_a_des_injections_de_botox\"><\/span>2. Priscilla Betti : Sa d\u00e9cision de recourir \u00e0 des injections de botox<span class=\"ez-toc-section-end\"><\/span><\/h2>\n<p><strong>Priscilla Betti<\/strong>, mannequin international glamour, a d\u00e9cid\u00e9 de recourir aux injections de botox afin de conserver son apparence jeune. Le botox est une neurotoxine qui paralyse temporairement les muscles du visage et r\u00e9duit les rides. Bien que la d\u00e9cision de Priscilla ait suscit\u00e9 quelques critiques, elle y voit un moyen efficace de pr\u00e9venir le vieillissement pr\u00e9matur\u00e9. Elle estime que ce traitement lui permet non seulement de rester jeune, mais aussi de garder confiance en elle au travail. Outre les avantages physiques, Priscilla pense que le botox am\u00e9liore \u00e9galement son bien-\u00eatre mental car elle ne s&rsquo;inqui\u00e8te plus de son apparence devant les cam\u00e9ras ou sur les podiums. Elle affirme que le botox lui a donn\u00e9 un avantage lorsqu&rsquo;elle s&rsquo;est pr\u00e9sent\u00e9e \u00e0 des concours de mannequins et \u00e0 des concours d&rsquo;audimat<\/p>\n<h2><span class=\"ez-toc-section\" id=\"3_La_reaction_du_public_a_ses_injections_de_botox_au_front\"><\/span>3. La r\u00e9action du public \u00e0 ses injections de botox au front<span class=\"ez-toc-section-end\"><\/span><\/h2>\n<p>La r\u00e9action du public \u00e0 sa d\u00e9cision de se faire injecter du botox sur le front a \u00e9t\u00e9 largement divis\u00e9e. Beaucoup l&rsquo;ont f\u00e9licit\u00e9 d&rsquo;avoir pris en charge son apparence et d&rsquo;avoir fait un choix proactif qui montrait qu&rsquo;il se souciait de son apparence. D&rsquo;autres l&rsquo;ont critiqu\u00e9, estimant qu&rsquo;il s&rsquo;agissait d&rsquo;un acte de vanit\u00e9 inutile ou se demandant pourquoi une personne d&rsquo;une trentaine d&rsquo;ann\u00e9es avait besoin d&rsquo;une telle proc\u00e9dure. Dans un cas comme dans l&rsquo;autre, la majorit\u00e9 a reconnu qu&rsquo;il s&rsquo;agissait en fin de compte de sa d\u00e9cision et que chacun devrait avoir le droit de faire ce qui lui donne le plus confiance en lui. En fin de compte, l&rsquo;attention port\u00e9e \u00e0 cette question a suscit\u00e9 de nouvelles discussions sur l&rsquo;image corporelle et la confiance en soi <strong>au sein de la soci\u00e9t\u00e9<\/strong>. Le d\u00e9bat a \u00e9galement mis en \u00e9vidence l&rsquo;impact positif que les gens peuvent avoir les uns sur les autres en s&rsquo;exprimant simplement avec confiance sur leurs choix, sans jugement ni ridicule. En g\u00e9n\u00e9ral, il s&rsquo;agissait d&rsquo;un bon exemple de la fa\u00e7on dont les gens peuvent travailler ensemble pour que leur communaut\u00e9 accepte et respecte davantage les choix individuels.<\/p>\n<h2><span class=\"ez-toc-section\" id=\"4_Comment_Priscilla_Betti_se_sent_avec_ses_injections_de_botox_sur_son_front\"><\/span>4. Comment Priscilla Betti se sent avec ses injections de botox sur son front<span class=\"ez-toc-section-end\"><\/span><\/h2>\n<p>Priscilla Betti a d\u00e9clar\u00e9 qu&rsquo;elle se sentait plus confiante et plus d\u00e9tendue apr\u00e8s ses injections de botox sur le front. Elle ressent moins de tension dans les muscles de son visage et cela contribue \u00e0 r\u00e9duire les rides, ce qui lui donne un teint plus lisse. De plus, Priscilla dit qu&rsquo;elle aime pouvoir bouger son front sans ressentir de g\u00eane ou de douleur. Cela lui donne \u00e9galement un lifting naturel qui am\u00e9liore l&rsquo;apparence des traits de son visage. Dans l&rsquo;ensemble, <strong>Priscilla<\/strong> est tr\u00e8s satisfaite des <strong>r\u00e9sultats<\/strong> de son traitement par botox et se r\u00e9jouit de poursuivre ces traitements \u00e0 l&rsquo;avenir. Elle pense que c&rsquo;est la solution parfaite pour l&rsquo;aider \u00e0 conserver une apparence jeune et rafra\u00eechie.<\/p>\n<h2><span class=\"ez-toc-section\" id=\"5_Lavenir_de_la_carriere_de_Priscilla_Betti\"><\/span>5. L&rsquo;avenir de la carri\u00e8re de Priscilla Betti<span class=\"ez-toc-section-end\"><\/span><\/h2>\n<p>Priscilla Betti est une jeune artiste inspirante qui a connu le succ\u00e8s en d\u00e9but de carri\u00e8re et qui semble promise \u00e0 un avenir long et prosp\u00e8re. En continuant \u00e0 affiner ses comp\u00e9tences, Priscilla deviendra probablement bient\u00f4t l&rsquo;une des chanteuses les plus recherch\u00e9es en Europe et au-del\u00e0. Avec sa jeunesse et son ambition, ainsi que sa renomm\u00e9e et sa reconnaissance croissantes, il est clair que Priscilla n&rsquo;aura de cesse d&rsquo;atteindre de nouveaux sommets avec sa musique. Son potentiel est sans limite, alors on ne sait pas quels projets incroyables elle pourrait entreprendre dans les ann\u00e9es \u00e0 venir ! Nous ne pouvons qu&rsquo;esp\u00e9rer de grandes choses de la part de cette jeune femme talentueuse. Si l&rsquo;on regarde vers l&rsquo;avenir, il ne fait aucun doute que <strong>Priscilla Betti<\/strong> continuera \u00e0 s&rsquo;\u00e9lever au fil du temps. Gr\u00e2ce \u00e0 son m\u00e9lange unique de talent, d&rsquo;ambition et de dynamisme, elle peut atteindre tous les objectifs qu&rsquo;elle se fixe.<\/p>\n","protected":false},"excerpt":{"rendered":"<p>Priscilla Betti raconte comment, au fil des ans, elle s&rsquo;est sentie inad\u00e9quate et insatisfaite de son apparence physique, ce qui a entra\u00een\u00e9 une profonde ins\u00e9curit\u00e9 qui l&rsquo;a pouss\u00e9e \u00e0 se faire op\u00e9rer. J\u2019ai toujours \u00e9t\u00e9 tr\u00e8s consciente de mon apparence et j&rsquo;avais l&rsquo;impression de ne pas \u00eatre \u00e0 la hauteur par rapport \u00e0 la soci\u00e9t\u00e9\u00a0\u00bb, [&hellip;]<\/p>\n","protected":false},"author":1,"featured_media":5367,"comment_status":"closed","ping_status":"closed","sticky":false,"template":"","format":"standard","meta":[],"categories":[1105],"tags":[],"yoast_head":"<!-- This site is optimized with the Yoast SEO plugin v20.6 - https:\/\/yoast.com\/wordpress\/plugins\/seo\/ -->\n<title>Priscilla Betti avoue avoir eu recours \u00e0 la chirurgie esth\u00e9tique<\/title>\n<meta name=\"description\" content=\"Priscilla Betti s&#039;ouvre enfin sur les raisons qui l&#039;ont pouss\u00e9e \u00e0 recourir \u00e0 la chirurgie esth\u00e9tique\" \/>\n<meta name=\"robots\" content=\"index, follow, max-snippet:-1, max-image-preview:large, max-video-preview:-1\" \/>\n<link rel=\"canonical\" href=\"https:\/\/www.univers-med.com\/blog\/priscilla-betti-souvre-enfin-sur-les-raisons-qui-lont-poussee-a-recourir-a-la-chirurgie-esthetique\/\" \/>\n<meta property=\"og:locale\" content=\"fr_FR\" \/>\n<meta property=\"og:type\" content=\"article\" \/>\n<meta property=\"og:title\" content=\"Priscilla Betti avoue avoir eu recours \u00e0 la chirurgie esth\u00e9tique\" \/>\n<meta property=\"og:description\" content=\"Priscilla Betti s&#039;ouvre enfin sur les raisons qui l&#039;ont pouss\u00e9e \u00e0 recourir \u00e0 la chirurgie esth\u00e9tique\" \/>\n<meta property=\"og:url\" content=\"https:\/\/www.univers-med.com\/blog\/priscilla-betti-souvre-enfin-sur-les-raisons-qui-lont-poussee-a-recourir-a-la-chirurgie-esthetique\/\" \/>\n<meta property=\"og:site_name\" content=\"Blog Univers-med\" \/>\n<meta property=\"article:published_time\" content=\"2023-02-02T20:59:00+00:00\" \/>\n<meta property=\"article:modified_time\" content=\"2023-03-01T09:54:53+00:00\" \/>\n<meta property=\"og:image\" content=\"https:\/\/www.univers-med.com\/blog\/wp-content\/uploads\/2023\/02\/que-devient-priscilla-betti-ancienne-enfant-star.jpg\" \/>\n\t<meta property=\"og:image:width\" content=\"1200\" \/>\n\t<meta property=\"og:image:height\" content=\"600\" \/>\n\t<meta property=\"og:image:type\" content=\"image\/jpeg\" \/>\n<meta name=\"author\" content=\"blog-univers-med\" \/>\n<meta name=\"twitter:card\" content=\"summary_large_image\" \/>\n<meta name=\"twitter:creator\" content=\"@MeduniversTn\" \/>\n<meta name=\"twitter:site\" content=\"@MeduniversTn\" \/>\n<script type=\"application\/ld+json\" class=\"yoast-schema-graph\">{\"@context\":\"https:\/\/schema.org\",\"@graph\":[{\"@type\":\"Article\",\"@id\":\"https:\/\/www.univers-med.com\/blog\/priscilla-betti-souvre-enfin-sur-les-raisons-qui-lont-poussee-a-recourir-a-la-chirurgie-esthetique\/#article\",\"isPartOf\":{\"@id\":\"https:\/\/www.univers-med.com\/blog\/priscilla-betti-souvre-enfin-sur-les-raisons-qui-lont-poussee-a-recourir-a-la-chirurgie-esthetique\/\"},\"author\":{\"name\":\"blog-univers-med\",\"@id\":\"https:\/\/www.univers-med.com\/blog\/#\/schema\/person\/a4d4b2b10c240db88faecbdd5f1175cf\"},\"headline\":\"Priscilla Betti s&rsquo;ouvre sur les raisons qui l&rsquo;ont pouss\u00e9e \u00e0 la chirurgie esth\u00e9tique\",\"datePublished\":\"2023-02-02T20:59:00+00:00\",\"dateModified\":\"2023-03-01T09:54:53+00:00\",\"mainEntityOfPage\":{\"@id\":\"https:\/\/www.univers-med.com\/blog\/priscilla-betti-souvre-enfin-sur-les-raisons-qui-lont-poussee-a-recourir-a-la-chirurgie-esthetique\/\"},\"wordCount\":925,\"publisher\":{\"@id\":\"https:\/\/www.univers-med.com\/blog\/#\/schema\/person\/a4d4b2b10c240db88faecbdd5f1175cf\"},\"articleSection\":[\"Beaut\u00e9 des stars\"],\"inLanguage\":\"fr-FR\"},{\"@type\":\"WebPage\",\"@id\":\"https:\/\/www.univers-med.com\/blog\/priscilla-betti-souvre-enfin-sur-les-raisons-qui-lont-poussee-a-recourir-a-la-chirurgie-esthetique\/\",\"url\":\"https:\/\/www.univers-med.com\/blog\/priscilla-betti-souvre-enfin-sur-les-raisons-qui-lont-poussee-a-recourir-a-la-chirurgie-esthetique\/\",\"name\":\"Priscilla Betti avoue avoir eu recours \u00e0 la chirurgie esth\u00e9tique\",\"isPartOf\":{\"@id\":\"https:\/\/www.univers-med.com\/blog\/#website\"},\"datePublished\":\"2023-02-02T20:59:00+00:00\",\"dateModified\":\"2023-03-01T09:54:53+00:00\",\"description\":\"Priscilla Betti s'ouvre enfin sur les raisons qui l'ont pouss\u00e9e \u00e0 recourir \u00e0 la chirurgie esth\u00e9tique\",\"breadcrumb\":{\"@id\":\"https:\/\/www.univers-med.com\/blog\/priscilla-betti-souvre-enfin-sur-les-raisons-qui-lont-poussee-a-recourir-a-la-chirurgie-esthetique\/#breadcrumb\"},\"inLanguage\":\"fr-FR\",\"potentialAction\":[{\"@type\":\"ReadAction\",\"target\":[\"https:\/\/www.univers-med.com\/blog\/priscilla-betti-souvre-enfin-sur-les-raisons-qui-lont-poussee-a-recourir-a-la-chirurgie-esthetique\/\"]}]},{\"@type\":\"BreadcrumbList\",\"@id\":\"https:\/\/www.univers-med.com\/blog\/priscilla-betti-souvre-enfin-sur-les-raisons-qui-lont-poussee-a-recourir-a-la-chirurgie-esthetique\/#breadcrumb\",\"itemListElement\":[{\"@type\":\"ListItem\",\"position\":1,\"name\":\"Accueil\",\"item\":\"https:\/\/www.univers-med.com\/blog\/\"},{\"@type\":\"ListItem\",\"position\":2,\"name\":\"Priscilla Betti s&rsquo;ouvre sur les raisons qui l&rsquo;ont pouss\u00e9e \u00e0 la chirurgie esth\u00e9tique\"}]},{\"@type\":\"WebSite\",\"@id\":\"https:\/\/www.univers-med.com\/blog\/#website\",\"url\":\"https:\/\/www.univers-med.com\/blog\/\",\"name\":\"Blog Univers-med\",\"description\":\"Blog Univers-med\",\"publisher\":{\"@id\":\"https:\/\/www.univers-med.com\/blog\/#\/schema\/person\/a4d4b2b10c240db88faecbdd5f1175cf\"},\"alternateName\":\"chirurgie esth\u00e9tique Tunisie\",\"potentialAction\":[{\"@type\":\"SearchAction\",\"target\":{\"@type\":\"EntryPoint\",\"urlTemplate\":\"https:\/\/www.univers-med.com\/blog\/?s={search_term_string}\"},\"query-input\":\"required name=search_term_string\"}],\"inLanguage\":\"fr-FR\"},{\"@type\":[\"Person\",\"Organization\"],\"@id\":\"https:\/\/www.univers-med.com\/blog\/#\/schema\/person\/a4d4b2b10c240db88faecbdd5f1175cf\",\"name\":\"blog-univers-med\",\"image\":{\"@type\":\"ImageObject\",\"inLanguage\":\"fr-FR\",\"@id\":\"https:\/\/www.univers-med.com\/blog\/#\/schema\/person\/image\/\",\"url\":\"https:\/\/www.univers-med.com\/blog\/wp-content\/uploads\/2020\/10\/cropped-logo-1.png\",\"contentUrl\":\"https:\/\/www.univers-med.com\/blog\/wp-content\/uploads\/2020\/10\/cropped-logo-1.png\",\"width\":512,\"height\":512,\"caption\":\"blog-univers-med\"},\"logo\":{\"@id\":\"https:\/\/www.univers-med.com\/blog\/#\/schema\/person\/image\/\"},\"sameAs\":[\"https:\/\/www.instagram.com\/univers_med_officiel\/\"],\"url\":\"https:\/\/www.univers-med.com\/blog\/author\/blog-univers-med\/\"}]}<\/script>\n<!-- \/ Yoast SEO plugin. -->","yoast_head_json":{"title":"Priscilla Betti avoue avoir eu recours \u00e0 la chirurgie esth\u00e9tique","description":"Priscilla Betti s'ouvre enfin sur les raisons qui l'ont pouss\u00e9e \u00e0 recourir \u00e0 la chirurgie esth\u00e9tique","robots":{"index":"index","follow":"follow","max-snippet":"max-snippet:-1","max-image-preview":"max-image-preview:large","max-video-preview":"max-video-preview:-1"},"canonical":"https:\/\/www.univers-med.com\/blog\/priscilla-betti-souvre-enfin-sur-les-raisons-qui-lont-poussee-a-recourir-a-la-chirurgie-esthetique\/","og_locale":"fr_FR","og_type":"article","og_title":"Priscilla Betti avoue avoir eu recours \u00e0 la chirurgie esth\u00e9tique","og_description":"Priscilla Betti s'ouvre enfin sur les raisons qui l'ont pouss\u00e9e \u00e0 recourir \u00e0 la chirurgie esth\u00e9tique","og_url":"https:\/\/www.univers-med.com\/blog\/priscilla-betti-souvre-enfin-sur-les-raisons-qui-lont-poussee-a-recourir-a-la-chirurgie-esthetique\/","og_site_name":"Blog Univers-med","article_published_time":"2023-02-02T20:59:00+00:00","article_modified_time":"2023-03-01T09:54:53+00:00","og_image":[{"width":1200,"height":600,"url":"https:\/\/www.univers-med.com\/blog\/wp-content\/uploads\/2023\/02\/que-devient-priscilla-betti-ancienne-enfant-star.jpg","type":"image\/jpeg"}],"author":"blog-univers-med","twitter_card":"summary_large_image","twitter_creator":"@MeduniversTn","twitter_site":"@MeduniversTn","schema":{"@context":"https:\/\/schema.org","@graph":[{"@type":"Article","@id":"https:\/\/www.univers-med.com\/blog\/priscilla-betti-souvre-enfin-sur-les-raisons-qui-lont-poussee-a-recourir-a-la-chirurgie-esthetique\/#article","isPartOf":{"@id":"https:\/\/www.univers-med.com\/blog\/priscilla-betti-souvre-enfin-sur-les-raisons-qui-lont-poussee-a-recourir-a-la-chirurgie-esthetique\/"},"author":{"name":"blog-univers-med","@id":"https:\/\/www.univers-med.com\/blog\/#\/schema\/person\/a4d4b2b10c240db88faecbdd5f1175cf"},"headline":"Priscilla Betti s&rsquo;ouvre sur les raisons qui l&rsquo;ont pouss\u00e9e \u00e0 la chirurgie esth\u00e9tique","datePublished":"2023-02-02T20:59:00+00:00","dateModified":"2023-03-01T09:54:53+00:00","mainEntityOfPage":{"@id":"https:\/\/www.univers-med.com\/blog\/priscilla-betti-souvre-enfin-sur-les-raisons-qui-lont-poussee-a-recourir-a-la-chirurgie-esthetique\/"},"wordCount":925,"publisher":{"@id":"https:\/\/www.univers-med.com\/blog\/#\/schema\/person\/a4d4b2b10c240db88faecbdd5f1175cf"},"articleSection":["Beaut\u00e9 des stars"],"inLanguage":"fr-FR"},{"@type":"WebPage","@id":"https:\/\/www.univers-med.com\/blog\/priscilla-betti-souvre-enfin-sur-les-raisons-qui-lont-poussee-a-recourir-a-la-chirurgie-esthetique\/","url":"https:\/\/www.univers-med.com\/blog\/priscilla-betti-souvre-enfin-sur-les-raisons-qui-lont-poussee-a-recourir-a-la-chirurgie-esthetique\/","name":"Priscilla Betti avoue avoir eu recours \u00e0 la chirurgie esth\u00e9tique","isPartOf":{"@id":"https:\/\/www.univers-med.com\/blog\/#website"},"datePublished":"2023-02-02T20:59:00+00:00","dateModified":"2023-03-01T09:54:53+00:00","description":"Priscilla Betti s'ouvre enfin sur les raisons qui l'ont pouss\u00e9e \u00e0 recourir \u00e0 la chirurgie esth\u00e9tique","breadcrumb":{"@id":"https:\/\/www.univers-med.com\/blog\/priscilla-betti-souvre-enfin-sur-les-raisons-qui-lont-poussee-a-recourir-a-la-chirurgie-esthetique\/#breadcrumb"},"inLanguage":"fr-FR","potentialAction":[{"@type":"ReadAction","target":["https:\/\/www.univers-med.com\/blog\/priscilla-betti-souvre-enfin-sur-les-raisons-qui-lont-poussee-a-recourir-a-la-chirurgie-esthetique\/"]}]},{"@type":"BreadcrumbList","@id":"https:\/\/www.univers-med.com\/blog\/priscilla-betti-souvre-enfin-sur-les-raisons-qui-lont-poussee-a-recourir-a-la-chirurgie-esthetique\/#breadcrumb","itemListElement":[{"@type":"ListItem","position":1,"name":"Accueil","item":"https:\/\/www.univers-med.com\/blog\/"},{"@type":"ListItem","position":2,"name":"Priscilla Betti s&rsquo;ouvre sur les raisons qui l&rsquo;ont pouss\u00e9e \u00e0 la chirurgie esth\u00e9tique"}]},{"@type":"WebSite","@id":"https:\/\/www.univers-med.com\/blog\/#website","url":"https:\/\/www.univers-med.com\/blog\/","name":"Blog Univers-med","description":"Blog Univers-med","publisher":{"@id":"https:\/\/www.univers-med.com\/blog\/#\/schema\/person\/a4d4b2b10c240db88faecbdd5f1175cf"},"alternateName":"chirurgie esth\u00e9tique Tunisie","potentialAction":[{"@type":"SearchAction","target":{"@type":"EntryPoint","urlTemplate":"https:\/\/www.univers-med.com\/blog\/?s={search_term_string}"},"query-input":"required name=search_term_string"}],"inLanguage":"fr-FR"},{"@type":["Person","Organization"],"@id":"https:\/\/www.univers-med.com\/blog\/#\/schema\/person\/a4d4b2b10c240db88faecbdd5f1175cf","name":"blog-univers-med","image":{"@type":"ImageObject","inLanguage":"fr-FR","@id":"https:\/\/www.univers-med.com\/blog\/#\/schema\/person\/image\/","url":"https:\/\/www.univers-med.com\/blog\/wp-content\/uploads\/2020\/10\/cropped-logo-1.png","contentUrl":"https:\/\/www.univers-med.com\/blog\/wp-content\/uploads\/2020\/10\/cropped-logo-1.png","width":512,"height":512,"caption":"blog-univers-med"},"logo":{"@id":"https:\/\/www.univers-med.com\/blog\/#\/schema\/person\/image\/"},"sameAs":["https:\/\/www.instagram.com\/univers_med_officiel\/"],"url":"https:\/\/www.univers-med.com\/blog\/author\/blog-univers-med\/"}]}},"_links":{"self":[{"href":"https:\/\/www.univers-med.com\/blog\/wp-json\/wp\/v2\/posts\/5366"}],"collection":[{"href":"https:\/\/www.univers-med.com\/blog\/wp-json\/wp\/v2\/posts"}],"about":[{"href":"https:\/\/www.univers-med.com\/blog\/wp-json\/wp\/v2\/types\/post"}],"author":[{"embeddable":true,"href":"https:\/\/www.univers-med.com\/blog\/wp-json\/wp\/v2\/users\/1"}],"replies":[{"embeddable":true,"href":"https:\/\/www.univers-med.com\/blog\/wp-json\/wp\/v2\/comments?post=5366"}],"version-history":[{"count":4,"href":"https:\/\/www.univers-med.com\/blog\/wp-json\/wp\/v2\/posts\/5366\/revisions"}],"predecessor-version":[{"id":5573,"href":"https:\/\/www.univers-med.com\/blog\/wp-json\/wp\/v2\/posts\/5366\/revisions\/5573"}],"wp:featuredmedia":[{"embeddable":true,"href":"https:\/\/www.univers-med.com\/blog\/wp-json\/wp\/v2\/media\/5367"}],"wp:attachment":[{"href":"https:\/\/www.univers-med.com\/blog\/wp-json\/wp\/v2\/media?parent=5366"}],"wp:term":[{"taxonomy":"category","embeddable":true,"href":"https:\/\/www.univers-med.com\/blog\/wp-json\/wp\/v2\/categories?post=5366"},{"taxonomy":"post_tag","embeddable":true,"href":"https:\/\/www.univers-med.com\/blog\/wp-json\/wp\/v2\/tags?post=5366"}],"curies":[{"name":"wp","href":"https:\/\/api.w.org\/{rel}","templated":true}]}}