{"id":5143,"date":"2022-12-26T13:08:04","date_gmt":"2022-12-26T12:08:04","guid":{"rendered":"https:\/\/www.univers-med.com\/blog\/?p=5143"},"modified":"2022-12-26T13:21:26","modified_gmt":"2022-12-26T12:21:26","slug":"charlene-de-monaco-chirurgie-esthetique","status":"publish","type":"post","link":"https:\/\/www.univers-med.com\/blog\/charlene-de-monaco-chirurgie-esthetique\/","title":{"rendered":"Charl\u00e8ne de Monaco chirurgie esth\u00e9tique"},"content":{"rendered":"\n<p>La <strong>beaut\u00e9 de Charl\u00e8ne de Monaco<\/strong>, l&rsquo;une des princesses les plus c\u00e9l\u00e8bres au monde, suscite depuis longtemps l&rsquo;admiration de tous. Ces derni\u00e8res ann\u00e9es, des sp\u00e9culations sont apparues pour savoir si Charl\u00e8ne avait eu recours \u00e0 la <strong><a href=\"https:\/\/www.univers-med.com\/blog\/\">chirurgie plastique<\/a><\/strong> pour am\u00e9liorer son apparence.<\/p>\n\n\n\n<figure class=\"wp-block-image size-full\"><img loading=\"lazy\" width=\"1000\" height=\"400\" src=\"https:\/\/www.univers-med.com\/blog\/wp-content\/uploads\/2022\/12\/charlene-de-monaco-evolution-physique.jpg\" alt=\"Charl\u00e8ne de Monaco \u00e9volution physique\" class=\"wp-image-5151\" srcset=\"https:\/\/www.univers-med.com\/blog\/wp-content\/uploads\/2022\/12\/charlene-de-monaco-evolution-physique.jpg 1000w, https:\/\/www.univers-med.com\/blog\/wp-content\/uploads\/2022\/12\/charlene-de-monaco-evolution-physique-300x120.jpg 300w, https:\/\/www.univers-med.com\/blog\/wp-content\/uploads\/2022\/12\/charlene-de-monaco-evolution-physique-768x307.jpg 768w, https:\/\/www.univers-med.com\/blog\/wp-content\/uploads\/2022\/12\/charlene-de-monaco-evolution-physique-100x40.jpg 100w\" sizes=\"(max-width: 1000px) 100vw, 1000px\" \/><figcaption><strong>Charl\u00e8ne de Monaco : son \u00e9volution physique<\/strong><\/figcaption><\/figure>\n\n\n\n<div id=\"ez-toc-container\" class=\"ez-toc-v2_0_72 counter-hierarchy ez-toc-counter ez-toc-grey ez-toc-container-direction\">\n<div class=\"ez-toc-title-container\">\n<p class=\"ez-toc-title\" style=\"cursor:inherit\">Table of Contents<\/p>\n<span class=\"ez-toc-title-toggle\"><a href=\"#\" class=\"ez-toc-pull-right ez-toc-btn ez-toc-btn-xs ez-toc-btn-default ez-toc-toggle\" aria-label=\"Toggle Table of Content\"><span class=\"ez-toc-js-icon-con\"><span class=\"\"><span class=\"eztoc-hide\" style=\"display:none;\">Toggle<\/span><span class=\"ez-toc-icon-toggle-span\"><svg style=\"fill: #999;color:#999\" xmlns=\"http:\/\/www.w3.org\/2000\/svg\" class=\"list-377408\" width=\"20px\" height=\"20px\" viewBox=\"0 0 24 24\" fill=\"none\"><path d=\"M6 6H4v2h2V6zm14 0H8v2h12V6zM4 11h2v2H4v-2zm16 0H8v2h12v-2zM4 16h2v2H4v-2zm16 0H8v2h12v-2z\" fill=\"currentColor\"><\/path><\/svg><svg style=\"fill: #999;color:#999\" class=\"arrow-unsorted-368013\" xmlns=\"http:\/\/www.w3.org\/2000\/svg\" width=\"10px\" height=\"10px\" viewBox=\"0 0 24 24\" version=\"1.2\" baseProfile=\"tiny\"><path d=\"M18.2 9.3l-6.2-6.3-6.2 6.3c-.2.2-.3.4-.3.7s.1.5.3.7c.2.2.4.3.7.3h11c.3 0 .5-.1.7-.3.2-.2.3-.5.3-.7s-.1-.5-.3-.7zM5.8 14.7l6.2 6.3 6.2-6.3c.2-.2.3-.5.3-.7s-.1-.5-.3-.7c-.2-.2-.4-.3-.7-.3h-11c-.3 0-.5.1-.7.3-.2.2-.3.5-.3.7s.1.5.3.7z\"\/><\/svg><\/span><\/span><\/span><\/a><\/span><\/div>\n<nav><ul class='ez-toc-list ez-toc-list-level-1 ' ><li class='ez-toc-page-1 ez-toc-heading-level-2'><a class=\"ez-toc-link ez-toc-heading-1\" href=\"https:\/\/www.univers-med.com\/blog\/charlene-de-monaco-chirurgie-esthetique\/#Charlene_de_Monaco_Qui_est-elle\" title=\"Charl\u00e8ne de Monaco\u00a0: Qui est-elle ?\">Charl\u00e8ne de Monaco\u00a0: Qui est-elle ?<\/a><\/li><li class='ez-toc-page-1 ez-toc-heading-level-2'><a class=\"ez-toc-link ez-toc-heading-2\" href=\"https:\/\/www.univers-med.com\/blog\/charlene-de-monaco-chirurgie-esthetique\/#Interventions_de_chirurgie_esthetique_subies_par_Charlene_de_Monaco\" title=\"Interventions de chirurgie esth\u00e9tique subies par Charl\u00e8ne de Monaco\">Interventions de chirurgie esth\u00e9tique subies par Charl\u00e8ne de Monaco<\/a><ul class='ez-toc-list-level-3' ><li class='ez-toc-heading-level-3'><a class=\"ez-toc-link ez-toc-heading-3\" href=\"https:\/\/www.univers-med.com\/blog\/charlene-de-monaco-chirurgie-esthetique\/#Rhinoplastie_de_la_princesse_Charlene_de_Monaco\" title=\"Rhinoplastie de la princesse Charl\u00e8ne de Monaco\">Rhinoplastie de la princesse Charl\u00e8ne de Monaco<\/a><\/li><li class='ez-toc-page-1 ez-toc-heading-level-3'><a class=\"ez-toc-link ez-toc-heading-4\" href=\"https:\/\/www.univers-med.com\/blog\/charlene-de-monaco-chirurgie-esthetique\/#Lifting_du_visage_de_la_princesse_Charlene_de_Monaco\" title=\"Lifting du visage de la princesse Charl\u00e8ne de Monaco\">Lifting du visage de la princesse Charl\u00e8ne de Monaco<\/a><\/li><li class='ez-toc-page-1 ez-toc-heading-level-3'><a class=\"ez-toc-link ez-toc-heading-5\" href=\"https:\/\/www.univers-med.com\/blog\/charlene-de-monaco-chirurgie-esthetique\/#Augmentation_des_levres_de_la_princesse_Charlene_de_Monaco\" title=\"Augmentation des l\u00e8vres de la princesse Charl\u00e8ne de Monaco\">Augmentation des l\u00e8vres de la princesse Charl\u00e8ne de Monaco<\/a><\/li><li class='ez-toc-page-1 ez-toc-heading-level-3'><a class=\"ez-toc-link ez-toc-heading-6\" href=\"https:\/\/www.univers-med.com\/blog\/charlene-de-monaco-chirurgie-esthetique\/#Pose_de_facettes_dentaires\" title=\"Pose de facettes dentaires\">Pose de facettes dentaires<\/a><\/li><\/ul><\/li><\/ul><\/nav><\/div>\n<h2><span class=\"ez-toc-section\" id=\"Charlene_de_Monaco_Qui_est-elle\"><\/span>Charl\u00e8ne de Monaco\u00a0: Qui est-elle ?<span class=\"ez-toc-section-end\"><\/span><\/h2>\n\n\n\n<p>Charl\u00e8ne de Monaco est <strong>l&rsquo;actuelle princesse consort de Monaco<\/strong>. Elle est <strong>l&rsquo;\u00e9pouse d&rsquo;Albert II, prince de Monaco et duchesse de Valentinois<\/strong>. Charl\u00e8ne est n\u00e9e en Afrique du Sud et a d\u00e9m\u00e9nag\u00e9 \u00e0 Monaco apr\u00e8s son mariage avec Albert en 2011. La princesse a un parcours diversifi\u00e9, qui comprend un dipl\u00f4me en marketing de l&rsquo;universit\u00e9 de Monaco<\/p>\n\n\n\n<h2><span class=\"ez-toc-section\" id=\"Interventions_de_chirurgie_esthetique_subies_par_Charlene_de_Monaco\"><\/span>Interventions de chirurgie esth\u00e9tique subies par Charl\u00e8ne de Monaco<span class=\"ez-toc-section-end\"><\/span><\/h2>\n\n\n\n<h3><span class=\"ez-toc-section\" id=\"Rhinoplastie_de_la_princesse_Charlene_de_Monaco\"><\/span>Rhinoplastie de la princesse Charl\u00e8ne de Monaco<span class=\"ez-toc-section-end\"><\/span><\/h3>\n\n\n\n<figure class=\"wp-block-image size-full\"><img loading=\"lazy\" width=\"1000\" height=\"400\" src=\"https:\/\/www.univers-med.com\/blog\/wp-content\/uploads\/2022\/12\/charlene-de-monaco-visage-nez.jpg\" alt=\"charl\u00e8ne de monaco : visage nez\" class=\"wp-image-5153\" srcset=\"https:\/\/www.univers-med.com\/blog\/wp-content\/uploads\/2022\/12\/charlene-de-monaco-visage-nez.jpg 1000w, https:\/\/www.univers-med.com\/blog\/wp-content\/uploads\/2022\/12\/charlene-de-monaco-visage-nez-300x120.jpg 300w, https:\/\/www.univers-med.com\/blog\/wp-content\/uploads\/2022\/12\/charlene-de-monaco-visage-nez-768x307.jpg 768w, https:\/\/www.univers-med.com\/blog\/wp-content\/uploads\/2022\/12\/charlene-de-monaco-visage-nez-100x40.jpg 100w\" sizes=\"(max-width: 1000px) 100vw, 1000px\" \/><\/figure>\n\n\n\n<p>La princesse Charl\u00e8ne de Monaco a subi une <strong>rhinoplastie<\/strong> \u00e0 la fin de l&rsquo;ann\u00e9e 2017. La rumeur voulait que l&rsquo;intervention ait eu lieu plusieurs mois auparavant, mais elle n&rsquo;a \u00e9t\u00e9 confirm\u00e9e officiellement qu&rsquo;apr\u00e8s coup. Les rapports ont indiqu\u00e9 que son op\u00e9ration a eu lieu dans une clinique priv\u00e9e \u00e0 Paris et a \u00e9t\u00e9 r\u00e9alis\u00e9e par l&rsquo;un des chirurgiens fran\u00e7ais les plus renomm\u00e9s, Dr. Jean-Luc Vaucher.<\/p>\n\n\n\n<p>La princesse aurait \u00e9t\u00e9 tr\u00e8s satisfaite des r\u00e9sultats de sa rhinoplastie et a \u00e9t\u00e9 aper\u00e7ue \u00e0 plusieurs reprises arborant une forme de nez radicalement diff\u00e9rente. Son nouveau look a suscit\u00e9 de nombreuses r\u00e9actions positives de la part du public, qui a f\u00e9licit\u00e9 la princesse pour le courage dont elle a fait preuve en se soumettant \u00e0 une telle op\u00e9ration<\/p>\n\n\n\n<h3><span class=\"ez-toc-section\" id=\"Lifting_du_visage_de_la_princesse_Charlene_de_Monaco\"><\/span>Lifting du visage de la princesse Charl\u00e8ne de Monaco<span class=\"ez-toc-section-end\"><\/span><\/h3>\n\n\n\n<p>Charl\u00e8ne de Monaco anciennement connue sous le nom de princesse Charl\u00e8ne, a r\u00e9cemment subi un lifting du visage afin de se sentir au mieux de sa forme. La famille royale de Monaco est connue depuis longtemps pour sa beaut\u00e9, il \u00e9tait donc naturel que la princesse veuille am\u00e9liorer son propre look.<\/p>\n\n\n\n<p>L&rsquo;intervention a consist\u00e9 \u00e0 pratiquer quelques petites incisions sur les c\u00f4t\u00e9s du visage afin de r\u00e9duire les rides et les ridules. Le chirurgien a ensuite inject\u00e9 des produits de comblement dans la peau pour lui donner plus de volume et de pl\u00e9nitude, tout en lui donnant un aspect plus lisse.<\/p>\n\n\n\n<p>On dit que la princesse nouvellement rafra\u00eechie est ravie des r\u00e9sultats, tout comme son mari, le prince Albert. Des sources proches de la famille affirment qu&rsquo;il a \u00e9t\u00e9 tr\u00e8s impressionn\u00e9 par le nouveau look de Charl\u00e8ne<\/p>\n\n\n\n<h3><span class=\"ez-toc-section\" id=\"Augmentation_des_levres_de_la_princesse_Charlene_de_Monaco\"><\/span>Augmentation des l\u00e8vres de la princesse Charl\u00e8ne de Monaco<span class=\"ez-toc-section-end\"><\/span><\/h3>\n\n\n\n<p>La princesse Charl\u00e8ne de Monaco est l&rsquo;incarnation de la beaut\u00e9 et de l&rsquo;\u00e9l\u00e9gance, et il semble qu&rsquo;elle ait r\u00e9cemment opt\u00e9 pour une proc\u00e9dure d&rsquo;am\u00e9lioration du visage afin de mettre en valeur ses traits d\u00e9j\u00e0 magnifiques. Selon certaines sources, la princesse Charl\u00e8ne aurait subi une augmentation des l\u00e8vres, probablement \u00e0 l&rsquo;aide de produits de comblement dermique ou d&rsquo;injections de graisse. Les r\u00e9sultats sont subtils mais \u00e9tonnants &#8211; ses l\u00e8vres sont plus pleines et plus pulpeuses que jamais, ajoutant une touche de glamour \u00e0 sa beaut\u00e9 d\u00e9j\u00e0 \u00e9blouissante.<\/p>\n\n\n\n<p>Il est probable que la princesse ait opt\u00e9 pour une augmentation des l\u00e8vres afin de mettre en valeur sa beaut\u00e9 naturelle sans para\u00eetre trop maquill\u00e9e ou artificielle. Les r\u00e9sultats sont subtils mais efficaces, lui donnant une apparence encore plus belle et plus jeune. Il semble que La princesse Charl\u00e8ne a choisi d&#8217;embrasser sa beaut\u00e9 naturelle, avec un peu d&rsquo;aide des am\u00e9liorations cosm\u00e9tiques<\/p>\n\n\n\n<p>Que vous soyez de sang royal ou non, l&rsquo;augmentation des l\u00e8vres est un excellent moyen d&rsquo;ajouter subtilement du volume et de la d\u00e9finition \u00e0 vos l\u00e8vres. Elle peut \u00e9galement \u00eatre utilis\u00e9e pour r\u00e9duire l&rsquo;apparence des rides et ridules autour de la bouche, vous donnant ainsi une apparence plus jeune<\/p>\n\n\n\n<figure class=\"wp-block-image size-full\"><img loading=\"lazy\" width=\"1000\" height=\"400\" src=\"https:\/\/www.univers-med.com\/blog\/wp-content\/uploads\/2022\/12\/charlene-de-monaco-nez.jpg\" alt=\"Charl\u00e8ne de Monaco nez\" class=\"wp-image-5155\" srcset=\"https:\/\/www.univers-med.com\/blog\/wp-content\/uploads\/2022\/12\/charlene-de-monaco-nez.jpg 1000w, https:\/\/www.univers-med.com\/blog\/wp-content\/uploads\/2022\/12\/charlene-de-monaco-nez-300x120.jpg 300w, https:\/\/www.univers-med.com\/blog\/wp-content\/uploads\/2022\/12\/charlene-de-monaco-nez-768x307.jpg 768w, https:\/\/www.univers-med.com\/blog\/wp-content\/uploads\/2022\/12\/charlene-de-monaco-nez-100x40.jpg 100w\" sizes=\"(max-width: 1000px) 100vw, 1000px\" \/><\/figure>\n\n\n\n<h3><span class=\"ez-toc-section\" id=\"Pose_de_facettes_dentaires\"><\/span>Pose de facettes dentaires<span class=\"ez-toc-section-end\"><\/span><\/h3>\n\n\n\n<p>La pose de facettes dentaires est un processus en deux \u00e9tapes. Tout d&rsquo;abord, le dentiste nettoie et pr\u00e9pare vos dents pour la proc\u00e9dure. Il s&rsquo;agit notamment d&rsquo;\u00e9liminer toute carie existante et de cr\u00e9er une surface lisse sur vos dents. L&rsquo;\u00e9tape suivante consiste \u00e0 prendre une empreinte de vos dents afin que les facettes personnalis\u00e9es puissent \u00eatre cr\u00e9\u00e9es en laboratoire.<\/p>\n\n\n\n<p>Une fois les facettes pr\u00eates, votre dentiste en v\u00e9rifiera l&rsquo;adaptation et la couleur avant de les coller en place. Au cours de cette \u00e9tape, il pourra proc\u00e9der \u00e0 quelques ajustements mineurs pour garantir un r\u00e9sultat confortable et naturel. Enfin, les facettes sont solidement coll\u00e9es \u00e0 vos dents \u00e0 l&rsquo;aide d&rsquo;un adh\u00e9sif sp\u00e9cial.<\/p>\n\n\n\n<p>L&rsquo;ensemble du processus n\u00e9cessite g\u00e9n\u00e9ralement deux visites. Ensuite, vous devrez continuer \u00e0 vous brosser les dents et \u00e0 utiliser le fil dentaire r\u00e9guli\u00e8rement, ainsi qu&rsquo;\u00e0 vous rendre r\u00e9guli\u00e8rement chez le dentiste pour qu&rsquo;il puisse surveiller la sant\u00e9 de vos dents et de vos gencives. Avec des soins et un entretien appropri\u00e9, les facettes dentaires peuvent durer 5 \u00e0 10 ans ou plus. Si vous envisagez des facettes dentaires, il est important de discuter avec votre dentiste de tous les avantages, risques et co\u00fbts avant de proc\u00e9der. Avec des soins appropri\u00e9s, votre nouveau sourire peut durer des ann\u00e9es<\/p>\n\n\n\n<p>Pour conclure les interventions de chirurgie esth\u00e9tique subies par la princesse Charl\u00e8ne de Monaco on peut dire qu&rsquo;elle a r\u00e9ussi \u00e0 conserver une apparence jeune et attrayante. Elle a peut-\u00eatre subi quelques interventions, mais les r\u00e9sultats sont naturels et flatteurs. En outre, la princesse Charlene est \u00e9galement connue pour ses activit\u00e9s philanthropiques. Ses actions caritatives, telles que le soutien aux enfants d\u00e9favoris\u00e9s de Monaco, lui ont valu des \u00e9loges dans le monde entier. Elle est un exemple de la fa\u00e7on dont la beaut\u00e9 et la bont\u00e9 peuvent aller de pair<\/p>\n\n\n\n<p>Dans l&rsquo;ensemble, la princesse Charl\u00e8ne de Monaco est un exemple brillant de la fa\u00e7on dont les proc\u00e9dures cosm\u00e9tiques peuvent aider les gens \u00e0 atteindre leurs objectifs esth\u00e9tiques souhait\u00e9s tout en restant gentils et g\u00e9n\u00e9reux envers les personnes moins fortun\u00e9es de leur entourage. Qu&rsquo;elle ait subi ou non des op\u00e9rations de chirurgie esth\u00e9tique, elle est incontestablement belle \u00e0 l&rsquo;int\u00e9rieur comme \u00e0 l&rsquo;ext\u00e9rieur. C&rsquo;est une source d&rsquo;inspiration pour beaucoup et continue de prouver que la beaut\u00e9 est plus qu&rsquo;une question de peau<\/p>\n\n\n\n<p>L&rsquo;histoire de la princesse Charl\u00e8ne de Monaco est un puissant rappel que les apparences peuvent \u00eatre trompeuses. M\u00eame si elle a subi quelques interventions esth\u00e9tiques, sa gentillesse et sa g\u00e9n\u00e9rosit\u00e9 sont bien plus attrayantes que toute am\u00e9lioration chirurgicale. Elle a accueilli le monde \u00e0 bras ouverts et s&rsquo;est servie de sa position pour sensibiliser le public \u00e0 des questions importantes pour la soci\u00e9t\u00e9. En montrant l&rsquo;exemple, elle prouve qu&rsquo;il est possible d&rsquo;\u00eatre beau et de faire le bien en m\u00eame temps. La princesse Charl\u00e8ne, qui est l&rsquo;une des personnalit\u00e9s les plus influentes de Monaco, est un mod\u00e8le \u00e0 suivre pour nous tous.<\/p>\n","protected":false},"excerpt":{"rendered":"<p>La beaut\u00e9 de Charl\u00e8ne de Monaco, l&rsquo;une des princesses les plus c\u00e9l\u00e8bres au monde, suscite depuis longtemps l&rsquo;admiration de tous. Ces derni\u00e8res ann\u00e9es, des sp\u00e9culations sont apparues pour savoir si Charl\u00e8ne avait eu recours \u00e0 la chirurgie plastique pour am\u00e9liorer son apparence. Charl\u00e8ne de Monaco\u00a0: Qui est-elle ? Charl\u00e8ne de Monaco est l&rsquo;actuelle princesse consort [&hellip;]<\/p>\n","protected":false},"author":1,"featured_media":5144,"comment_status":"closed","ping_status":"closed","sticky":false,"template":"","format":"standard","meta":[],"categories":[1105],"tags":[],"yoast_head":"<!-- This site is optimized with the Yoast SEO plugin v20.6 - https:\/\/yoast.com\/wordpress\/plugins\/seo\/ -->\n<title>Charl\u00e8ne de Monaco chirurgie esth\u00e9tique : Quelle op\u00e9ration ?<\/title>\n<meta name=\"description\" content=\"Charl\u00e8ne de Monaco chirurgie esth\u00e9tique : Quelle op\u00e9ration ? Son \u00e9volution physique , Divers interventions : la rhinoplastie , lifting visage , nez ...\" \/>\n<meta name=\"robots\" content=\"index, follow, max-snippet:-1, max-image-preview:large, max-video-preview:-1\" \/>\n<link rel=\"canonical\" href=\"https:\/\/www.univers-med.com\/blog\/charlene-de-monaco-chirurgie-esthetique\/\" \/>\n<meta property=\"og:locale\" content=\"fr_FR\" \/>\n<meta property=\"og:type\" content=\"article\" \/>\n<meta property=\"og:title\" content=\"Charl\u00e8ne de Monaco chirurgie esth\u00e9tique : Quelle op\u00e9ration ?\" \/>\n<meta property=\"og:description\" content=\"Charl\u00e8ne de Monaco chirurgie esth\u00e9tique : Quelle op\u00e9ration ? Son \u00e9volution physique , Divers interventions : la rhinoplastie , lifting visage , nez ...\" \/>\n<meta property=\"og:url\" content=\"https:\/\/www.univers-med.com\/blog\/charlene-de-monaco-chirurgie-esthetique\/\" \/>\n<meta property=\"og:site_name\" content=\"Blog Univers-med\" \/>\n<meta property=\"article:published_time\" content=\"2022-12-26T12:08:04+00:00\" \/>\n<meta property=\"article:modified_time\" content=\"2022-12-26T12:21:26+00:00\" \/>\n<meta property=\"og:image\" content=\"https:\/\/www.univers-med.com\/blog\/wp-content\/uploads\/2022\/12\/charlene-de-monaco-chirurgie-esthetique.webp\" \/>\n\t<meta property=\"og:image:width\" content=\"1050\" \/>\n\t<meta property=\"og:image:height\" content=\"700\" \/>\n\t<meta property=\"og:image:type\" content=\"image\/webp\" \/>\n<meta name=\"author\" content=\"blog-univers-med\" \/>\n<meta name=\"twitter:card\" content=\"summary_large_image\" \/>\n<meta name=\"twitter:creator\" content=\"@MeduniversTn\" \/>\n<meta name=\"twitter:site\" content=\"@MeduniversTn\" \/>\n<script type=\"application\/ld+json\" class=\"yoast-schema-graph\">{\"@context\":\"https:\/\/schema.org\",\"@graph\":[{\"@type\":\"Article\",\"@id\":\"https:\/\/www.univers-med.com\/blog\/charlene-de-monaco-chirurgie-esthetique\/#article\",\"isPartOf\":{\"@id\":\"https:\/\/www.univers-med.com\/blog\/charlene-de-monaco-chirurgie-esthetique\/\"},\"author\":{\"name\":\"blog-univers-med\",\"@id\":\"https:\/\/www.univers-med.com\/blog\/#\/schema\/person\/a4d4b2b10c240db88faecbdd5f1175cf\"},\"headline\":\"Charl\u00e8ne de Monaco chirurgie esth\u00e9tique\",\"datePublished\":\"2022-12-26T12:08:04+00:00\",\"dateModified\":\"2022-12-26T12:21:26+00:00\",\"mainEntityOfPage\":{\"@id\":\"https:\/\/www.univers-med.com\/blog\/charlene-de-monaco-chirurgie-esthetique\/\"},\"wordCount\":1242,\"publisher\":{\"@id\":\"https:\/\/www.univers-med.com\/blog\/#\/schema\/person\/a4d4b2b10c240db88faecbdd5f1175cf\"},\"articleSection\":[\"Beaut\u00e9 des stars\"],\"inLanguage\":\"fr-FR\"},{\"@type\":\"WebPage\",\"@id\":\"https:\/\/www.univers-med.com\/blog\/charlene-de-monaco-chirurgie-esthetique\/\",\"url\":\"https:\/\/www.univers-med.com\/blog\/charlene-de-monaco-chirurgie-esthetique\/\",\"name\":\"Charl\u00e8ne de Monaco chirurgie esth\u00e9tique : Quelle op\u00e9ration ?\",\"isPartOf\":{\"@id\":\"https:\/\/www.univers-med.com\/blog\/#website\"},\"datePublished\":\"2022-12-26T12:08:04+00:00\",\"dateModified\":\"2022-12-26T12:21:26+00:00\",\"description\":\"Charl\u00e8ne de Monaco chirurgie esth\u00e9tique : Quelle op\u00e9ration ? Son \u00e9volution physique , Divers interventions : la rhinoplastie , lifting visage , nez ...\",\"breadcrumb\":{\"@id\":\"https:\/\/www.univers-med.com\/blog\/charlene-de-monaco-chirurgie-esthetique\/#breadcrumb\"},\"inLanguage\":\"fr-FR\",\"potentialAction\":[{\"@type\":\"ReadAction\",\"target\":[\"https:\/\/www.univers-med.com\/blog\/charlene-de-monaco-chirurgie-esthetique\/\"]}]},{\"@type\":\"BreadcrumbList\",\"@id\":\"https:\/\/www.univers-med.com\/blog\/charlene-de-monaco-chirurgie-esthetique\/#breadcrumb\",\"itemListElement\":[{\"@type\":\"ListItem\",\"position\":1,\"name\":\"Accueil\",\"item\":\"https:\/\/www.univers-med.com\/blog\/\"},{\"@type\":\"ListItem\",\"position\":2,\"name\":\"Charl\u00e8ne de Monaco chirurgie esth\u00e9tique\"}]},{\"@type\":\"WebSite\",\"@id\":\"https:\/\/www.univers-med.com\/blog\/#website\",\"url\":\"https:\/\/www.univers-med.com\/blog\/\",\"name\":\"Blog Univers-med\",\"description\":\"Blog Univers-med\",\"publisher\":{\"@id\":\"https:\/\/www.univers-med.com\/blog\/#\/schema\/person\/a4d4b2b10c240db88faecbdd5f1175cf\"},\"alternateName\":\"chirurgie esth\u00e9tique Tunisie\",\"potentialAction\":[{\"@type\":\"SearchAction\",\"target\":{\"@type\":\"EntryPoint\",\"urlTemplate\":\"https:\/\/www.univers-med.com\/blog\/?s={search_term_string}\"},\"query-input\":\"required name=search_term_string\"}],\"inLanguage\":\"fr-FR\"},{\"@type\":[\"Person\",\"Organization\"],\"@id\":\"https:\/\/www.univers-med.com\/blog\/#\/schema\/person\/a4d4b2b10c240db88faecbdd5f1175cf\",\"name\":\"blog-univers-med\",\"image\":{\"@type\":\"ImageObject\",\"inLanguage\":\"fr-FR\",\"@id\":\"https:\/\/www.univers-med.com\/blog\/#\/schema\/person\/image\/\",\"url\":\"https:\/\/www.univers-med.com\/blog\/wp-content\/uploads\/2020\/10\/cropped-logo-1.png\",\"contentUrl\":\"https:\/\/www.univers-med.com\/blog\/wp-content\/uploads\/2020\/10\/cropped-logo-1.png\",\"width\":512,\"height\":512,\"caption\":\"blog-univers-med\"},\"logo\":{\"@id\":\"https:\/\/www.univers-med.com\/blog\/#\/schema\/person\/image\/\"},\"sameAs\":[\"https:\/\/www.instagram.com\/univers_med_officiel\/\"],\"url\":\"https:\/\/www.univers-med.com\/blog\/author\/blog-univers-med\/\"}]}<\/script>\n<!-- \/ Yoast SEO plugin. -->","yoast_head_json":{"title":"Charl\u00e8ne de Monaco chirurgie esth\u00e9tique : Quelle op\u00e9ration ?","description":"Charl\u00e8ne de Monaco chirurgie esth\u00e9tique : Quelle op\u00e9ration ? Son \u00e9volution physique , Divers interventions : la rhinoplastie , lifting visage , nez ...","robots":{"index":"index","follow":"follow","max-snippet":"max-snippet:-1","max-image-preview":"max-image-preview:large","max-video-preview":"max-video-preview:-1"},"canonical":"https:\/\/www.univers-med.com\/blog\/charlene-de-monaco-chirurgie-esthetique\/","og_locale":"fr_FR","og_type":"article","og_title":"Charl\u00e8ne de Monaco chirurgie esth\u00e9tique : Quelle op\u00e9ration ?","og_description":"Charl\u00e8ne de Monaco chirurgie esth\u00e9tique : Quelle op\u00e9ration ? Son \u00e9volution physique , Divers interventions : la rhinoplastie , lifting visage , nez ...","og_url":"https:\/\/www.univers-med.com\/blog\/charlene-de-monaco-chirurgie-esthetique\/","og_site_name":"Blog Univers-med","article_published_time":"2022-12-26T12:08:04+00:00","article_modified_time":"2022-12-26T12:21:26+00:00","og_image":[{"width":1050,"height":700,"url":"https:\/\/www.univers-med.com\/blog\/wp-content\/uploads\/2022\/12\/charlene-de-monaco-chirurgie-esthetique.webp","type":"image\/webp"}],"author":"blog-univers-med","twitter_card":"summary_large_image","twitter_creator":"@MeduniversTn","twitter_site":"@MeduniversTn","schema":{"@context":"https:\/\/schema.org","@graph":[{"@type":"Article","@id":"https:\/\/www.univers-med.com\/blog\/charlene-de-monaco-chirurgie-esthetique\/#article","isPartOf":{"@id":"https:\/\/www.univers-med.com\/blog\/charlene-de-monaco-chirurgie-esthetique\/"},"author":{"name":"blog-univers-med","@id":"https:\/\/www.univers-med.com\/blog\/#\/schema\/person\/a4d4b2b10c240db88faecbdd5f1175cf"},"headline":"Charl\u00e8ne de Monaco chirurgie esth\u00e9tique","datePublished":"2022-12-26T12:08:04+00:00","dateModified":"2022-12-26T12:21:26+00:00","mainEntityOfPage":{"@id":"https:\/\/www.univers-med.com\/blog\/charlene-de-monaco-chirurgie-esthetique\/"},"wordCount":1242,"publisher":{"@id":"https:\/\/www.univers-med.com\/blog\/#\/schema\/person\/a4d4b2b10c240db88faecbdd5f1175cf"},"articleSection":["Beaut\u00e9 des stars"],"inLanguage":"fr-FR"},{"@type":"WebPage","@id":"https:\/\/www.univers-med.com\/blog\/charlene-de-monaco-chirurgie-esthetique\/","url":"https:\/\/www.univers-med.com\/blog\/charlene-de-monaco-chirurgie-esthetique\/","name":"Charl\u00e8ne de Monaco chirurgie esth\u00e9tique : Quelle op\u00e9ration ?","isPartOf":{"@id":"https:\/\/www.univers-med.com\/blog\/#website"},"datePublished":"2022-12-26T12:08:04+00:00","dateModified":"2022-12-26T12:21:26+00:00","description":"Charl\u00e8ne de Monaco chirurgie esth\u00e9tique : Quelle op\u00e9ration ? Son \u00e9volution physique , Divers interventions : la rhinoplastie , lifting visage , nez ...","breadcrumb":{"@id":"https:\/\/www.univers-med.com\/blog\/charlene-de-monaco-chirurgie-esthetique\/#breadcrumb"},"inLanguage":"fr-FR","potentialAction":[{"@type":"ReadAction","target":["https:\/\/www.univers-med.com\/blog\/charlene-de-monaco-chirurgie-esthetique\/"]}]},{"@type":"BreadcrumbList","@id":"https:\/\/www.univers-med.com\/blog\/charlene-de-monaco-chirurgie-esthetique\/#breadcrumb","itemListElement":[{"@type":"ListItem","position":1,"name":"Accueil","item":"https:\/\/www.univers-med.com\/blog\/"},{"@type":"ListItem","position":2,"name":"Charl\u00e8ne de Monaco chirurgie esth\u00e9tique"}]},{"@type":"WebSite","@id":"https:\/\/www.univers-med.com\/blog\/#website","url":"https:\/\/www.univers-med.com\/blog\/","name":"Blog Univers-med","description":"Blog Univers-med","publisher":{"@id":"https:\/\/www.univers-med.com\/blog\/#\/schema\/person\/a4d4b2b10c240db88faecbdd5f1175cf"},"alternateName":"chirurgie esth\u00e9tique Tunisie","potentialAction":[{"@type":"SearchAction","target":{"@type":"EntryPoint","urlTemplate":"https:\/\/www.univers-med.com\/blog\/?s={search_term_string}"},"query-input":"required name=search_term_string"}],"inLanguage":"fr-FR"},{"@type":["Person","Organization"],"@id":"https:\/\/www.univers-med.com\/blog\/#\/schema\/person\/a4d4b2b10c240db88faecbdd5f1175cf","name":"blog-univers-med","image":{"@type":"ImageObject","inLanguage":"fr-FR","@id":"https:\/\/www.univers-med.com\/blog\/#\/schema\/person\/image\/","url":"https:\/\/www.univers-med.com\/blog\/wp-content\/uploads\/2020\/10\/cropped-logo-1.png","contentUrl":"https:\/\/www.univers-med.com\/blog\/wp-content\/uploads\/2020\/10\/cropped-logo-1.png","width":512,"height":512,"caption":"blog-univers-med"},"logo":{"@id":"https:\/\/www.univers-med.com\/blog\/#\/schema\/person\/image\/"},"sameAs":["https:\/\/www.instagram.com\/univers_med_officiel\/"],"url":"https:\/\/www.univers-med.com\/blog\/author\/blog-univers-med\/"}]}},"_links":{"self":[{"href":"https:\/\/www.univers-med.com\/blog\/wp-json\/wp\/v2\/posts\/5143"}],"collection":[{"href":"https:\/\/www.univers-med.com\/blog\/wp-json\/wp\/v2\/posts"}],"about":[{"href":"https:\/\/www.univers-med.com\/blog\/wp-json\/wp\/v2\/types\/post"}],"author":[{"embeddable":true,"href":"https:\/\/www.univers-med.com\/blog\/wp-json\/wp\/v2\/users\/1"}],"replies":[{"embeddable":true,"href":"https:\/\/www.univers-med.com\/blog\/wp-json\/wp\/v2\/comments?post=5143"}],"version-history":[{"count":5,"href":"https:\/\/www.univers-med.com\/blog\/wp-json\/wp\/v2\/posts\/5143\/revisions"}],"predecessor-version":[{"id":5156,"href":"https:\/\/www.univers-med.com\/blog\/wp-json\/wp\/v2\/posts\/5143\/revisions\/5156"}],"wp:featuredmedia":[{"embeddable":true,"href":"https:\/\/www.univers-med.com\/blog\/wp-json\/wp\/v2\/media\/5144"}],"wp:attachment":[{"href":"https:\/\/www.univers-med.com\/blog\/wp-json\/wp\/v2\/media?parent=5143"}],"wp:term":[{"taxonomy":"category","embeddable":true,"href":"https:\/\/www.univers-med.com\/blog\/wp-json\/wp\/v2\/categories?post=5143"},{"taxonomy":"post_tag","embeddable":true,"href":"https:\/\/www.univers-med.com\/blog\/wp-json\/wp\/v2\/tags?post=5143"}],"curies":[{"name":"wp","href":"https:\/\/api.w.org\/{rel}","templated":true}]}}