{"id":5041,"date":"2022-12-05T16:44:10","date_gmt":"2022-12-05T15:44:10","guid":{"rendered":"https:\/\/www.univers-med.com\/blog\/?p=5041"},"modified":"2023-01-17T21:30:00","modified_gmt":"2023-01-17T20:30:00","slug":"josiane-balasko-chirurgie-esthetique-visage-jeune-sain","status":"publish","type":"post","link":"https:\/\/www.univers-med.com\/blog\/josiane-balasko-chirurgie-esthetique-visage-jeune-sain\/","title":{"rendered":"Josiane Balasko chirurgie esth\u00e9tique"},"content":{"rendered":"\n<p><strong>Josiane Balasko<\/strong> est une actrice et r\u00e9alisatrice fran\u00e7aise qui a \u00e9t\u00e9 \u00e9lue meilleure com\u00e9dienne aux C\u00e9sar en 1995. Elle a \u00e9galement re\u00e7u le prix d&rsquo;interpr\u00e9tation f\u00e9minine au festival de Cannes en 1997 pour son r\u00f4le dans Gazon maudit. Mais Josiane Balasko est surtout connue pour ses interventions chirurgicales esth\u00e9tiques.<\/p>\n\n\n\n<figure class=\"wp-block-image size-full\"><img loading=\"lazy\" width=\"1000\" height=\"300\" src=\"https:\/\/www.univers-med.com\/blog\/wp-content\/uploads\/2022\/12\/josiane-balasko-chirurgie-esthetique.jpg\" alt=\"Josiane Balasko chirurgie esth\u00e9tique\" class=\"wp-image-5052\" srcset=\"https:\/\/www.univers-med.com\/blog\/wp-content\/uploads\/2022\/12\/josiane-balasko-chirurgie-esthetique.jpg 1000w, https:\/\/www.univers-med.com\/blog\/wp-content\/uploads\/2022\/12\/josiane-balasko-chirurgie-esthetique-300x90.jpg 300w, https:\/\/www.univers-med.com\/blog\/wp-content\/uploads\/2022\/12\/josiane-balasko-chirurgie-esthetique-768x230.jpg 768w, https:\/\/www.univers-med.com\/blog\/wp-content\/uploads\/2022\/12\/josiane-balasko-chirurgie-esthetique-100x30.jpg 100w\" sizes=\"(max-width: 1000px) 100vw, 1000px\" \/><\/figure>\n\n\n\n<div id=\"ez-toc-container\" class=\"ez-toc-v2_0_72 counter-hierarchy ez-toc-counter ez-toc-grey ez-toc-container-direction\">\n<div class=\"ez-toc-title-container\">\n<p class=\"ez-toc-title\" style=\"cursor:inherit\">Table of Contents<\/p>\n<span class=\"ez-toc-title-toggle\"><a href=\"#\" class=\"ez-toc-pull-right ez-toc-btn ez-toc-btn-xs ez-toc-btn-default ez-toc-toggle\" aria-label=\"Toggle Table of Content\"><span class=\"ez-toc-js-icon-con\"><span class=\"\"><span class=\"eztoc-hide\" style=\"display:none;\">Toggle<\/span><span class=\"ez-toc-icon-toggle-span\"><svg style=\"fill: #999;color:#999\" xmlns=\"http:\/\/www.w3.org\/2000\/svg\" class=\"list-377408\" width=\"20px\" height=\"20px\" viewBox=\"0 0 24 24\" fill=\"none\"><path d=\"M6 6H4v2h2V6zm14 0H8v2h12V6zM4 11h2v2H4v-2zm16 0H8v2h12v-2zM4 16h2v2H4v-2zm16 0H8v2h12v-2z\" fill=\"currentColor\"><\/path><\/svg><svg style=\"fill: #999;color:#999\" class=\"arrow-unsorted-368013\" xmlns=\"http:\/\/www.w3.org\/2000\/svg\" width=\"10px\" height=\"10px\" viewBox=\"0 0 24 24\" version=\"1.2\" baseProfile=\"tiny\"><path d=\"M18.2 9.3l-6.2-6.3-6.2 6.3c-.2.2-.3.4-.3.7s.1.5.3.7c.2.2.4.3.7.3h11c.3 0 .5-.1.7-.3.2-.2.3-.5.3-.7s-.1-.5-.3-.7zM5.8 14.7l6.2 6.3 6.2-6.3c.2-.2.3-.5.3-.7s-.1-.5-.3-.7c-.2-.2-.4-.3-.7-.3h-11c-.3 0-.5.1-.7.3-.2.2-.3.5-.3.7s.1.5.3.7z\"\/><\/svg><\/span><\/span><\/span><\/a><\/span><\/div>\n<nav><ul class='ez-toc-list ez-toc-list-level-1 ' ><li class='ez-toc-page-1 ez-toc-heading-level-2'><a class=\"ez-toc-link ez-toc-heading-1\" href=\"https:\/\/www.univers-med.com\/blog\/josiane-balasko-chirurgie-esthetique-visage-jeune-sain\/#La_carriere_et_la_chirurgie_plastique_de_Josiane_Balasko\" title=\"La carri\u00e8re et la chirurgie plastique de Josiane Balasko\">La carri\u00e8re et la chirurgie plastique de Josiane Balasko<\/a><\/li><li class='ez-toc-page-1 ez-toc-heading-level-2'><a class=\"ez-toc-link ez-toc-heading-2\" href=\"https:\/\/www.univers-med.com\/blog\/josiane-balasko-chirurgie-esthetique-visage-jeune-sain\/#Quelle_chirurgie_esthetique_Josiane_Balasko_a-t-elle_subi\" title=\"Quelle&nbsp;chirurgie esth\u00e9tique Josiane Balasko&nbsp;a-t-elle subi ?&nbsp;\">Quelle&nbsp;chirurgie esth\u00e9tique Josiane Balasko&nbsp;a-t-elle subi ?&nbsp;<\/a><\/li><li class='ez-toc-page-1 ez-toc-heading-level-2'><a class=\"ez-toc-link ez-toc-heading-3\" href=\"https:\/\/www.univers-med.com\/blog\/josiane-balasko-chirurgie-esthetique-visage-jeune-sain\/#Les_resultats_de_ses_interventions\" title=\"Les r\u00e9sultats de ses interventions\">Les r\u00e9sultats de ses interventions<\/a><\/li><li class='ez-toc-page-1 ez-toc-heading-level-2'><a class=\"ez-toc-link ez-toc-heading-4\" href=\"https:\/\/www.univers-med.com\/blog\/josiane-balasko-chirurgie-esthetique-visage-jeune-sain\/#Si_elle_regrette_ou_non_davoir_eu_recours_a_la_chirurgie_plastique\" title=\"Si elle regrette ou non d&rsquo;avoir eu recours \u00e0 la chirurgie plastique\">Si elle regrette ou non d&rsquo;avoir eu recours \u00e0 la chirurgie plastique<\/a><\/li><li class='ez-toc-page-1 ez-toc-heading-level-2'><a class=\"ez-toc-link ez-toc-heading-5\" href=\"https:\/\/www.univers-med.com\/blog\/josiane-balasko-chirurgie-esthetique-visage-jeune-sain\/#Ce_quelle_pense_de_lindustrie_de_la_beaute\" title=\"Ce qu&rsquo;elle pense de l&rsquo;industrie de la beaut\u00e9\">Ce qu&rsquo;elle pense de l&rsquo;industrie de la beaut\u00e9<\/a><\/li><\/ul><\/nav><\/div>\n<h2><span class=\"ez-toc-section\" id=\"La_carriere_et_la_chirurgie_plastique_de_Josiane_Balasko\"><\/span>La carri\u00e8re et la chirurgie plastique de Josiane Balasko<span class=\"ez-toc-section-end\"><\/span><\/h2>\n\n\n\n<p>Josiane Balasko est une actrice fran\u00e7aise qui a fait ses d\u00e9buts dans le monde du cin\u00e9ma en 1977. Elle a depuis jou\u00e9 dans de nombreux films et t\u00e9l\u00e9films, gagnant plusieurs prix prestigieux au fil des ans.<\/p>\n\n\n\n<h2><span class=\"ez-toc-section\" id=\"Quelle_chirurgie_esthetique_Josiane_Balasko_a-t-elle_subi\"><\/span>Quelle&nbsp;chirurgie esth\u00e9tique Josiane Balasko&nbsp;a-t-elle subi ?&nbsp;<span class=\"ez-toc-section-end\"><\/span><\/h2>\n\n\n\n<p>Josiane Balasko s&rsquo;est fait op\u00e9rer de la <a href=\"https:\/\/www.univers-med.com\/blog\/\">chirurgie esth\u00e9tique<\/a> plusieurs fois dans sa vie. Elle a eu recours \u00e0 diverses interventions, dont des <strong>injections d&rsquo;acide hyaluronique<\/strong>, un <strong>lifting du visage<\/strong> et une <strong>liposuccion<\/strong>. Josiane Balasko a \u00e9galement \u00e9t\u00e9 op\u00e9r\u00e9e de la cataracte et s&rsquo;est fait remplacer les proth\u00e8ses mammaires par des implants plus petits. Josiane Balasko explique qu&rsquo;elle n&rsquo;a pas eu peur de ces interventions, car elle ne s&rsquo;est jamais sentie \u00e0 l&rsquo;aise dans son corps et que la chirurgie esth\u00e9tique \u00e9tait une fa\u00e7on de le corriger. Josiane Balasko a toujours \u00e9t\u00e9 tr\u00e8s ouverte \u00e0 propos de sa chirurgie esth\u00e9tique et elle explique qu&rsquo;elle n&rsquo;a jamais eu honte de ses choix. Josiane Balasko a toujours essay\u00e9 d&rsquo;\u00eatre fid\u00e8le \u00e0 elle-m\u00eame et de trouver un juste milieu entre la chirurgie esth\u00e9tique et la conservation de son authenticit\u00e9. Josiane Balasko a toujours affirm\u00e9 que la chirurgie esth\u00e9tique peut \u00eatre b\u00e9n\u00e9fique pour certaines personnes, mais qu&rsquo;elle ne doit pas \u00eatre vue comme un rem\u00e8de miracle \u00e0 tous les maux. Josiane Balasko a toujours insist\u00e9 sur le fait qu&rsquo;il ne faut pas se laisser aller aux tentations de la chirurgie esth\u00e9tique et qu&rsquo;il faut r\u00e9fl\u00e9chir longuement avant chaque intervention<\/p>\n\n\n\n<figure class=\"wp-block-image size-full\"><img loading=\"lazy\" width=\"1000\" height=\"400\" src=\"https:\/\/www.univers-med.com\/blog\/wp-content\/uploads\/2022\/12\/josiane-balasko-avant-apres.jpg\" alt=\"Josiane Balasko avant apr\u00e8s\" class=\"wp-image-5055\" srcset=\"https:\/\/www.univers-med.com\/blog\/wp-content\/uploads\/2022\/12\/josiane-balasko-avant-apres.jpg 1000w, https:\/\/www.univers-med.com\/blog\/wp-content\/uploads\/2022\/12\/josiane-balasko-avant-apres-300x120.jpg 300w, https:\/\/www.univers-med.com\/blog\/wp-content\/uploads\/2022\/12\/josiane-balasko-avant-apres-768x307.jpg 768w, https:\/\/www.univers-med.com\/blog\/wp-content\/uploads\/2022\/12\/josiane-balasko-avant-apres-100x40.jpg 100w\" sizes=\"(max-width: 1000px) 100vw, 1000px\" \/><figcaption>Josiane Balasko avant apr\u00e8s<\/figcaption><\/figure>\n\n\n\n<h2><span class=\"ez-toc-section\" id=\"Les_resultats_de_ses_interventions\"><\/span>Les r\u00e9sultats de ses interventions<span class=\"ez-toc-section-end\"><\/span><\/h2>\n\n\n\n<p>Josiane Balasko a opt\u00e9 pour une s\u00e9rie d&rsquo;interventions de chirurgie esth\u00e9tique afin de modifier son apparence. La premi\u00e8re \u00e9tait le <strong>lifting des paupi\u00e8res<\/strong>, qui a \u00e9t\u00e9 suivi par un <strong>lifting du visage et du cou<\/strong>, lui permet de <strong>rajeunir son visage<\/strong> et d&rsquo;<strong>am\u00e9liorer l&rsquo;apparence des rides<\/strong>. Josiane Balasko a \u00e9galement opt\u00e9 pour un <strong>lifting mammaire<\/strong>, ce qui lui a permis d&rsquo;am\u00e9liorer la forme de ses seins et un rhinoplastie, qui a \u00e9t\u00e9 r\u00e9alis\u00e9e pour corriger la forme de son nez. Josiane Balasko est tr\u00e8s satisfaite des r\u00e9sultats obtenus et affirme que les interventions ont \u00e9t\u00e9 b\u00e9n\u00e9fiques pour elle. Elle a d\u00e9clin\u00e9 toute intervention suppl\u00e9mentaire et se contente des r\u00e9sultats obtenus. Josiane Balasko est devenue un exemple pour beaucoup de femmes qui souhaitent recourir \u00e0 la chirurgie esth\u00e9tique, afin d&rsquo;am\u00e9liorer leur apparence. Elle est aussi un exemple pour les jeunes femmes qui peuvent voir dans Josiane Balasko comment une personne \u00e2g\u00e9e peut modifier son apparence \u00e0 l&rsquo;aide de la chirurgie esth\u00e9tique, sans recourir \u00e0 des techniques invasives non n\u00e9cessaires. Josiane Balasko est une vraie inspiration et elle montre qu&rsquo;il est possible de retrouver un <strong>visage plus jeune, sain et tonique<\/strong>, sans recourir \u00e0 des m\u00e9thodes drastiques ou invasives<\/p>\n\n\n\n<figure class=\"wp-block-image size-full\"><img loading=\"lazy\" width=\"1000\" height=\"400\" src=\"https:\/\/www.univers-med.com\/blog\/wp-content\/uploads\/2022\/12\/josiane-balasko-jeune.jpg\" alt=\"josiane balasko jeune\" class=\"wp-image-5059\" srcset=\"https:\/\/www.univers-med.com\/blog\/wp-content\/uploads\/2022\/12\/josiane-balasko-jeune.jpg 1000w, https:\/\/www.univers-med.com\/blog\/wp-content\/uploads\/2022\/12\/josiane-balasko-jeune-300x120.jpg 300w, https:\/\/www.univers-med.com\/blog\/wp-content\/uploads\/2022\/12\/josiane-balasko-jeune-768x307.jpg 768w, https:\/\/www.univers-med.com\/blog\/wp-content\/uploads\/2022\/12\/josiane-balasko-jeune-100x40.jpg 100w\" sizes=\"(max-width: 1000px) 100vw, 1000px\" \/><figcaption><strong>Josiane Balasko jeune<\/strong><\/figcaption><\/figure>\n\n\n\n<h2><span class=\"ez-toc-section\" id=\"Si_elle_regrette_ou_non_davoir_eu_recours_a_la_chirurgie_plastique\"><\/span>Si elle regrette ou non d&rsquo;avoir eu recours \u00e0 la chirurgie plastique<span class=\"ez-toc-section-end\"><\/span><\/h2>\n\n\n\n<p>Aujourd&rsquo;hui, Josiane Balasko est tr\u00e8s ouverte et honn\u00eate \u00e0 propos de ses interventions chirurgicales esth\u00e9tiques. Elle a \u00e9t\u00e9 tr\u00e8s claire sur le fait qu&rsquo;elle ne regrette pas d&rsquo;avoir eu recours \u00e0 la chirurgie esth\u00e9tique et qu&rsquo;elle le ferait \u00e0 nouveau. Josiane Balasko a d\u00e9clar\u00e9 : \u00ab\u00a0J&rsquo;ai toujours \u00e9t\u00e9 tr\u00e8s heureuse de mon visage et je suis satisfaite des changements qui ont \u00e9t\u00e9 faits. Je ne regrette pas de l&rsquo;avoir fait et je le referais\u00a0\u00bb. Elle estime que la chirurgie esth\u00e9tique peut am\u00e9liorer le sentiment de soi et qu&rsquo;elle a aid\u00e9 sa carri\u00e8re \u00e0 se d\u00e9velopper. Josiane Balasko a \u00e9galement d\u00e9clar\u00e9 : \u00ab\u00a0Cela m&rsquo;a aid\u00e9e \u00e0 mieux me sentir dans ma peau et je pense que cela a jou\u00e9 un r\u00f4le dans le succ\u00e8s de ma carri\u00e8re\u00a0\u00bb. Josiane Balasko est une grande influence pour les femmes qui recherchent des solutions pour am\u00e9liorer leur apparence et leur confiance en soi. Elle est un exemple de la fa\u00e7on dont la chirurgie esth\u00e9tique peut \u00eatre b\u00e9n\u00e9fique si elle est utilis\u00e9e correctement et avec pr\u00e9caution. Josiane Balasko est un mod\u00e8le pour les femmes qui veulent prendre le contr\u00f4le de leur apparence et am\u00e9liorer leur confiance en soi<\/p>\n\n\n\n<h2><span class=\"ez-toc-section\" id=\"Ce_quelle_pense_de_lindustrie_de_la_beaute\"><\/span>Ce qu&rsquo;elle pense de l&rsquo;industrie de la beaut\u00e9<span class=\"ez-toc-section-end\"><\/span><\/h2>\n\n\n\n<p>Josiane Balasko a un point de vue tr\u00e8s critique sur l&rsquo;industrie de la beaut\u00e9 et son obsession pour la perfection physique. Elle d\u00e9nonce les effets n\u00e9gatifs qu&rsquo;elle peut avoir sur le bien-\u00eatre mental et \u00e9motionnel des personnes, en particulier des jeunes filles. Elle a \u00e9t\u00e9 critique envers la chirurgie esth\u00e9tique, d\u00e9clarant qu&rsquo;elle ne pensait pas que ce soit une bonne id\u00e9e pour les personnes de se faire op\u00e9rer \u00e0 moins qu&rsquo;elles ne souffrent d&rsquo;un probl\u00e8me m\u00e9dical. Josiane Balasko a \u00e9galement critiqu\u00e9 la fa\u00e7on dont l&rsquo;industrie de la beaut\u00e9 promeut des images irr\u00e9alistes de la perfection physique, soulignant que les personnes doivent accepter leur corps et apprendre \u00e0 se viser avec bienveillance et compassion. En conclusion, Josiane Balasko pense que l&rsquo;industrie de la beaut\u00e9 devrait \u00eatre plus responsable en mati\u00e8re d&rsquo;image corporelle et qu&rsquo;elle ne devrait pas encourager les personnes \u00e0 recourir \u00e0 la chirurgie esth\u00e9tique pour obtenir une image physique irr\u00e9alisable. Josiane Balasko pense que la beaut\u00e9 r\u00e9side dans le fait d&rsquo;accepter et de s&rsquo;aimer soi-m\u00eame, peu importe l&rsquo;apparence ext\u00e9rieure. Elle promeut une vision positive et saine de la beaut\u00e9 naturelle et du bien-\u00eatre. Josiane Balasko estime qu&rsquo;il faut encourager les gens \u00e0 apprendre \u00e0 se respecter et \u00e0 se valoriser pour qui ils sont, plut\u00f4t que d&rsquo;essayer de leur faire adopter une image physique irr\u00e9alisable. Josiane Balasko pense que la beaut\u00e9 devrait \u00eatre consid\u00e9r\u00e9e non pas comme une norme ext\u00e9rieure, mais plut\u00f4t comme une acceptation et un respect de soi-m\u00eame<\/p>\n","protected":false},"excerpt":{"rendered":"<p>Josiane Balasko est une actrice et r\u00e9alisatrice fran\u00e7aise qui a \u00e9t\u00e9 \u00e9lue meilleure com\u00e9dienne aux C\u00e9sar en 1995. Elle a \u00e9galement re\u00e7u le prix d&rsquo;interpr\u00e9tation f\u00e9minine au festival de Cannes en 1997 pour son r\u00f4le dans Gazon maudit. Mais Josiane Balasko est surtout connue pour ses interventions chirurgicales esth\u00e9tiques. La carri\u00e8re et la chirurgie plastique [&hellip;]<\/p>\n","protected":false},"author":1,"featured_media":5054,"comment_status":"closed","ping_status":"closed","sticky":false,"template":"","format":"standard","meta":[],"categories":[1105],"tags":[],"yoast_head":"<!-- This site is optimized with the Yoast SEO plugin v20.6 - https:\/\/yoast.com\/wordpress\/plugins\/seo\/ -->\n<title>Josiane Balasko chirurgie esth\u00e9tique : visage jeune et sain<\/title>\n<meta name=\"description\" content=\"Josiane Balasko chirurgie esth\u00e9tique . Elle montre qu\u2019il est possible de retrouver un visage plus jeune , Pourquoi Josiane a-t-elle choisi la chirurgie esth\u00e9tique du nez ?\" \/>\n<meta name=\"robots\" content=\"index, follow, max-snippet:-1, max-image-preview:large, max-video-preview:-1\" \/>\n<link rel=\"canonical\" href=\"https:\/\/www.univers-med.com\/blog\/josiane-balasko-chirurgie-esthetique-visage-jeune-sain\/\" \/>\n<meta property=\"og:locale\" content=\"fr_FR\" \/>\n<meta property=\"og:type\" content=\"article\" \/>\n<meta property=\"og:title\" content=\"Josiane Balasko chirurgie esth\u00e9tique : visage jeune et sain\" \/>\n<meta property=\"og:description\" content=\"Josiane Balasko chirurgie esth\u00e9tique . Elle montre qu\u2019il est possible de retrouver un visage plus jeune , Pourquoi Josiane a-t-elle choisi la chirurgie esth\u00e9tique du nez ?\" \/>\n<meta property=\"og:url\" content=\"https:\/\/www.univers-med.com\/blog\/josiane-balasko-chirurgie-esthetique-visage-jeune-sain\/\" \/>\n<meta property=\"og:site_name\" content=\"Blog Univers-med\" \/>\n<meta property=\"article:published_time\" content=\"2022-12-05T15:44:10+00:00\" \/>\n<meta property=\"article:modified_time\" content=\"2023-01-17T20:30:00+00:00\" \/>\n<meta property=\"og:image\" content=\"https:\/\/www.univers-med.com\/blog\/wp-content\/uploads\/2022\/12\/josiane-balasko-et-chirurgie-esthetique.jpg\" \/>\n\t<meta property=\"og:image:width\" content=\"1050\" \/>\n\t<meta property=\"og:image:height\" content=\"700\" \/>\n\t<meta property=\"og:image:type\" content=\"image\/jpeg\" \/>\n<meta name=\"author\" content=\"blog-univers-med\" \/>\n<meta name=\"twitter:card\" content=\"summary_large_image\" \/>\n<meta name=\"twitter:creator\" content=\"@MeduniversTn\" \/>\n<meta name=\"twitter:site\" content=\"@MeduniversTn\" \/>\n<script type=\"application\/ld+json\" class=\"yoast-schema-graph\">{\"@context\":\"https:\/\/schema.org\",\"@graph\":[{\"@type\":\"Article\",\"@id\":\"https:\/\/www.univers-med.com\/blog\/josiane-balasko-chirurgie-esthetique-visage-jeune-sain\/#article\",\"isPartOf\":{\"@id\":\"https:\/\/www.univers-med.com\/blog\/josiane-balasko-chirurgie-esthetique-visage-jeune-sain\/\"},\"author\":{\"name\":\"blog-univers-med\",\"@id\":\"https:\/\/www.univers-med.com\/blog\/#\/schema\/person\/a4d4b2b10c240db88faecbdd5f1175cf\"},\"headline\":\"Josiane Balasko chirurgie esth\u00e9tique\",\"datePublished\":\"2022-12-05T15:44:10+00:00\",\"dateModified\":\"2023-01-17T20:30:00+00:00\",\"mainEntityOfPage\":{\"@id\":\"https:\/\/www.univers-med.com\/blog\/josiane-balasko-chirurgie-esthetique-visage-jeune-sain\/\"},\"wordCount\":1095,\"publisher\":{\"@id\":\"https:\/\/www.univers-med.com\/blog\/#\/schema\/person\/a4d4b2b10c240db88faecbdd5f1175cf\"},\"articleSection\":[\"Beaut\u00e9 des stars\"],\"inLanguage\":\"fr-FR\"},{\"@type\":\"WebPage\",\"@id\":\"https:\/\/www.univers-med.com\/blog\/josiane-balasko-chirurgie-esthetique-visage-jeune-sain\/\",\"url\":\"https:\/\/www.univers-med.com\/blog\/josiane-balasko-chirurgie-esthetique-visage-jeune-sain\/\",\"name\":\"Josiane Balasko chirurgie esth\u00e9tique : visage jeune et sain\",\"isPartOf\":{\"@id\":\"https:\/\/www.univers-med.com\/blog\/#website\"},\"datePublished\":\"2022-12-05T15:44:10+00:00\",\"dateModified\":\"2023-01-17T20:30:00+00:00\",\"description\":\"Josiane Balasko chirurgie esth\u00e9tique . Elle montre qu\u2019il est possible de retrouver un visage plus jeune , Pourquoi Josiane a-t-elle choisi la chirurgie esth\u00e9tique du nez ?\",\"breadcrumb\":{\"@id\":\"https:\/\/www.univers-med.com\/blog\/josiane-balasko-chirurgie-esthetique-visage-jeune-sain\/#breadcrumb\"},\"inLanguage\":\"fr-FR\",\"potentialAction\":[{\"@type\":\"ReadAction\",\"target\":[\"https:\/\/www.univers-med.com\/blog\/josiane-balasko-chirurgie-esthetique-visage-jeune-sain\/\"]}]},{\"@type\":\"BreadcrumbList\",\"@id\":\"https:\/\/www.univers-med.com\/blog\/josiane-balasko-chirurgie-esthetique-visage-jeune-sain\/#breadcrumb\",\"itemListElement\":[{\"@type\":\"ListItem\",\"position\":1,\"name\":\"Accueil\",\"item\":\"https:\/\/www.univers-med.com\/blog\/\"},{\"@type\":\"ListItem\",\"position\":2,\"name\":\"Josiane Balasko chirurgie esth\u00e9tique\"}]},{\"@type\":\"WebSite\",\"@id\":\"https:\/\/www.univers-med.com\/blog\/#website\",\"url\":\"https:\/\/www.univers-med.com\/blog\/\",\"name\":\"Blog Univers-med\",\"description\":\"Blog Univers-med\",\"publisher\":{\"@id\":\"https:\/\/www.univers-med.com\/blog\/#\/schema\/person\/a4d4b2b10c240db88faecbdd5f1175cf\"},\"alternateName\":\"chirurgie esth\u00e9tique Tunisie\",\"potentialAction\":[{\"@type\":\"SearchAction\",\"target\":{\"@type\":\"EntryPoint\",\"urlTemplate\":\"https:\/\/www.univers-med.com\/blog\/?s={search_term_string}\"},\"query-input\":\"required name=search_term_string\"}],\"inLanguage\":\"fr-FR\"},{\"@type\":[\"Person\",\"Organization\"],\"@id\":\"https:\/\/www.univers-med.com\/blog\/#\/schema\/person\/a4d4b2b10c240db88faecbdd5f1175cf\",\"name\":\"blog-univers-med\",\"image\":{\"@type\":\"ImageObject\",\"inLanguage\":\"fr-FR\",\"@id\":\"https:\/\/www.univers-med.com\/blog\/#\/schema\/person\/image\/\",\"url\":\"https:\/\/www.univers-med.com\/blog\/wp-content\/uploads\/2020\/10\/cropped-logo-1.png\",\"contentUrl\":\"https:\/\/www.univers-med.com\/blog\/wp-content\/uploads\/2020\/10\/cropped-logo-1.png\",\"width\":512,\"height\":512,\"caption\":\"blog-univers-med\"},\"logo\":{\"@id\":\"https:\/\/www.univers-med.com\/blog\/#\/schema\/person\/image\/\"},\"sameAs\":[\"https:\/\/www.instagram.com\/univers_med_officiel\/\"],\"url\":\"https:\/\/www.univers-med.com\/blog\/author\/blog-univers-med\/\"}]}<\/script>\n<!-- \/ Yoast SEO plugin. -->","yoast_head_json":{"title":"Josiane Balasko chirurgie esth\u00e9tique : visage jeune et sain","description":"Josiane Balasko chirurgie esth\u00e9tique . Elle montre qu\u2019il est possible de retrouver un visage plus jeune , Pourquoi Josiane a-t-elle choisi la chirurgie esth\u00e9tique du nez ?","robots":{"index":"index","follow":"follow","max-snippet":"max-snippet:-1","max-image-preview":"max-image-preview:large","max-video-preview":"max-video-preview:-1"},"canonical":"https:\/\/www.univers-med.com\/blog\/josiane-balasko-chirurgie-esthetique-visage-jeune-sain\/","og_locale":"fr_FR","og_type":"article","og_title":"Josiane Balasko chirurgie esth\u00e9tique : visage jeune et sain","og_description":"Josiane Balasko chirurgie esth\u00e9tique . Elle montre qu\u2019il est possible de retrouver un visage plus jeune , Pourquoi Josiane a-t-elle choisi la chirurgie esth\u00e9tique du nez ?","og_url":"https:\/\/www.univers-med.com\/blog\/josiane-balasko-chirurgie-esthetique-visage-jeune-sain\/","og_site_name":"Blog Univers-med","article_published_time":"2022-12-05T15:44:10+00:00","article_modified_time":"2023-01-17T20:30:00+00:00","og_image":[{"width":1050,"height":700,"url":"https:\/\/www.univers-med.com\/blog\/wp-content\/uploads\/2022\/12\/josiane-balasko-et-chirurgie-esthetique.jpg","type":"image\/jpeg"}],"author":"blog-univers-med","twitter_card":"summary_large_image","twitter_creator":"@MeduniversTn","twitter_site":"@MeduniversTn","schema":{"@context":"https:\/\/schema.org","@graph":[{"@type":"Article","@id":"https:\/\/www.univers-med.com\/blog\/josiane-balasko-chirurgie-esthetique-visage-jeune-sain\/#article","isPartOf":{"@id":"https:\/\/www.univers-med.com\/blog\/josiane-balasko-chirurgie-esthetique-visage-jeune-sain\/"},"author":{"name":"blog-univers-med","@id":"https:\/\/www.univers-med.com\/blog\/#\/schema\/person\/a4d4b2b10c240db88faecbdd5f1175cf"},"headline":"Josiane Balasko chirurgie esth\u00e9tique","datePublished":"2022-12-05T15:44:10+00:00","dateModified":"2023-01-17T20:30:00+00:00","mainEntityOfPage":{"@id":"https:\/\/www.univers-med.com\/blog\/josiane-balasko-chirurgie-esthetique-visage-jeune-sain\/"},"wordCount":1095,"publisher":{"@id":"https:\/\/www.univers-med.com\/blog\/#\/schema\/person\/a4d4b2b10c240db88faecbdd5f1175cf"},"articleSection":["Beaut\u00e9 des stars"],"inLanguage":"fr-FR"},{"@type":"WebPage","@id":"https:\/\/www.univers-med.com\/blog\/josiane-balasko-chirurgie-esthetique-visage-jeune-sain\/","url":"https:\/\/www.univers-med.com\/blog\/josiane-balasko-chirurgie-esthetique-visage-jeune-sain\/","name":"Josiane Balasko chirurgie esth\u00e9tique : visage jeune et sain","isPartOf":{"@id":"https:\/\/www.univers-med.com\/blog\/#website"},"datePublished":"2022-12-05T15:44:10+00:00","dateModified":"2023-01-17T20:30:00+00:00","description":"Josiane Balasko chirurgie esth\u00e9tique . Elle montre qu\u2019il est possible de retrouver un visage plus jeune , Pourquoi Josiane a-t-elle choisi la chirurgie esth\u00e9tique du nez ?","breadcrumb":{"@id":"https:\/\/www.univers-med.com\/blog\/josiane-balasko-chirurgie-esthetique-visage-jeune-sain\/#breadcrumb"},"inLanguage":"fr-FR","potentialAction":[{"@type":"ReadAction","target":["https:\/\/www.univers-med.com\/blog\/josiane-balasko-chirurgie-esthetique-visage-jeune-sain\/"]}]},{"@type":"BreadcrumbList","@id":"https:\/\/www.univers-med.com\/blog\/josiane-balasko-chirurgie-esthetique-visage-jeune-sain\/#breadcrumb","itemListElement":[{"@type":"ListItem","position":1,"name":"Accueil","item":"https:\/\/www.univers-med.com\/blog\/"},{"@type":"ListItem","position":2,"name":"Josiane Balasko chirurgie esth\u00e9tique"}]},{"@type":"WebSite","@id":"https:\/\/www.univers-med.com\/blog\/#website","url":"https:\/\/www.univers-med.com\/blog\/","name":"Blog Univers-med","description":"Blog Univers-med","publisher":{"@id":"https:\/\/www.univers-med.com\/blog\/#\/schema\/person\/a4d4b2b10c240db88faecbdd5f1175cf"},"alternateName":"chirurgie esth\u00e9tique Tunisie","potentialAction":[{"@type":"SearchAction","target":{"@type":"EntryPoint","urlTemplate":"https:\/\/www.univers-med.com\/blog\/?s={search_term_string}"},"query-input":"required name=search_term_string"}],"inLanguage":"fr-FR"},{"@type":["Person","Organization"],"@id":"https:\/\/www.univers-med.com\/blog\/#\/schema\/person\/a4d4b2b10c240db88faecbdd5f1175cf","name":"blog-univers-med","image":{"@type":"ImageObject","inLanguage":"fr-FR","@id":"https:\/\/www.univers-med.com\/blog\/#\/schema\/person\/image\/","url":"https:\/\/www.univers-med.com\/blog\/wp-content\/uploads\/2020\/10\/cropped-logo-1.png","contentUrl":"https:\/\/www.univers-med.com\/blog\/wp-content\/uploads\/2020\/10\/cropped-logo-1.png","width":512,"height":512,"caption":"blog-univers-med"},"logo":{"@id":"https:\/\/www.univers-med.com\/blog\/#\/schema\/person\/image\/"},"sameAs":["https:\/\/www.instagram.com\/univers_med_officiel\/"],"url":"https:\/\/www.univers-med.com\/blog\/author\/blog-univers-med\/"}]}},"_links":{"self":[{"href":"https:\/\/www.univers-med.com\/blog\/wp-json\/wp\/v2\/posts\/5041"}],"collection":[{"href":"https:\/\/www.univers-med.com\/blog\/wp-json\/wp\/v2\/posts"}],"about":[{"href":"https:\/\/www.univers-med.com\/blog\/wp-json\/wp\/v2\/types\/post"}],"author":[{"embeddable":true,"href":"https:\/\/www.univers-med.com\/blog\/wp-json\/wp\/v2\/users\/1"}],"replies":[{"embeddable":true,"href":"https:\/\/www.univers-med.com\/blog\/wp-json\/wp\/v2\/comments?post=5041"}],"version-history":[{"count":13,"href":"https:\/\/www.univers-med.com\/blog\/wp-json\/wp\/v2\/posts\/5041\/revisions"}],"predecessor-version":[{"id":5282,"href":"https:\/\/www.univers-med.com\/blog\/wp-json\/wp\/v2\/posts\/5041\/revisions\/5282"}],"wp:featuredmedia":[{"embeddable":true,"href":"https:\/\/www.univers-med.com\/blog\/wp-json\/wp\/v2\/media\/5054"}],"wp:attachment":[{"href":"https:\/\/www.univers-med.com\/blog\/wp-json\/wp\/v2\/media?parent=5041"}],"wp:term":[{"taxonomy":"category","embeddable":true,"href":"https:\/\/www.univers-med.com\/blog\/wp-json\/wp\/v2\/categories?post=5041"},{"taxonomy":"post_tag","embeddable":true,"href":"https:\/\/www.univers-med.com\/blog\/wp-json\/wp\/v2\/tags?post=5041"}],"curies":[{"name":"wp","href":"https:\/\/api.w.org\/{rel}","templated":true}]}}