{"id":5025,"date":"2022-12-01T12:50:00","date_gmt":"2022-12-01T11:50:00","guid":{"rendered":"https:\/\/www.univers-med.com\/blog\/?p=5025"},"modified":"2023-03-29T11:44:59","modified_gmt":"2023-03-29T09:44:59","slug":"laurent-baffie-chirurgie-esthetique-avant-apres","status":"publish","type":"post","link":"https:\/\/www.univers-med.com\/blog\/laurent-baffie-chirurgie-esthetique-avant-apres\/","title":{"rendered":"Laurent Baffie chirurgie esth\u00e9tique avant apr\u00e8s"},"content":{"rendered":"\n<p>Laurent Baffie a r\u00e9cemment d\u00e9voil\u00e9 son <strong>nouveau visage<\/strong> apr\u00e8s une <strong>op\u00e9ration de chirurgie esth\u00e9tique<\/strong>. L&rsquo;humoriste et animateur de t\u00e9l\u00e9vision semble avoir voulu rattraper le temps perdu, car il a pris quelques ann\u00e9es depuis ses derni\u00e8res apparitions \u00e0 la t\u00e9l\u00e9vision. Laurent Baffie est l&rsquo;un des premiers humoristes fran\u00e7ais \u00e0 avoir eu recours \u00e0 la <a href=\"https:\/\/www.univers-med.com\/blog\/\">chirurgie esth\u00e9tique<\/a><\/p>\n\n\n\n<figure class=\"wp-block-image size-full\"><img loading=\"lazy\" width=\"1000\" height=\"587\" src=\"https:\/\/www.univers-med.com\/blog\/wp-content\/uploads\/2022\/11\/laurent-baffie-chirurgie.jpg\" alt=\"laurent baffie chirurgie\" class=\"wp-image-5038\" srcset=\"https:\/\/www.univers-med.com\/blog\/wp-content\/uploads\/2022\/11\/laurent-baffie-chirurgie.jpg 1000w, https:\/\/www.univers-med.com\/blog\/wp-content\/uploads\/2022\/11\/laurent-baffie-chirurgie-300x176.jpg 300w, https:\/\/www.univers-med.com\/blog\/wp-content\/uploads\/2022\/11\/laurent-baffie-chirurgie-768x451.jpg 768w, https:\/\/www.univers-med.com\/blog\/wp-content\/uploads\/2022\/11\/laurent-baffie-chirurgie-100x59.jpg 100w\" sizes=\"(max-width: 1000px) 100vw, 1000px\" \/><\/figure>\n\n\n\n<div id=\"ez-toc-container\" class=\"ez-toc-v2_0_72 counter-hierarchy ez-toc-counter ez-toc-grey ez-toc-container-direction\">\n<div class=\"ez-toc-title-container\">\n<p class=\"ez-toc-title\" style=\"cursor:inherit\">Table of Contents<\/p>\n<span class=\"ez-toc-title-toggle\"><a href=\"#\" class=\"ez-toc-pull-right ez-toc-btn ez-toc-btn-xs ez-toc-btn-default ez-toc-toggle\" aria-label=\"Toggle Table of Content\"><span class=\"ez-toc-js-icon-con\"><span class=\"\"><span class=\"eztoc-hide\" style=\"display:none;\">Toggle<\/span><span class=\"ez-toc-icon-toggle-span\"><svg style=\"fill: #999;color:#999\" xmlns=\"http:\/\/www.w3.org\/2000\/svg\" class=\"list-377408\" width=\"20px\" height=\"20px\" viewBox=\"0 0 24 24\" fill=\"none\"><path d=\"M6 6H4v2h2V6zm14 0H8v2h12V6zM4 11h2v2H4v-2zm16 0H8v2h12v-2zM4 16h2v2H4v-2zm16 0H8v2h12v-2z\" fill=\"currentColor\"><\/path><\/svg><svg style=\"fill: #999;color:#999\" class=\"arrow-unsorted-368013\" xmlns=\"http:\/\/www.w3.org\/2000\/svg\" width=\"10px\" height=\"10px\" viewBox=\"0 0 24 24\" version=\"1.2\" baseProfile=\"tiny\"><path d=\"M18.2 9.3l-6.2-6.3-6.2 6.3c-.2.2-.3.4-.3.7s.1.5.3.7c.2.2.4.3.7.3h11c.3 0 .5-.1.7-.3.2-.2.3-.5.3-.7s-.1-.5-.3-.7zM5.8 14.7l6.2 6.3 6.2-6.3c.2-.2.3-.5.3-.7s-.1-.5-.3-.7c-.2-.2-.4-.3-.7-.3h-11c-.3 0-.5.1-.7.3-.2.2-.3.5-.3.7s.1.5.3.7z\"\/><\/svg><\/span><\/span><\/span><\/a><\/span><\/div>\n<nav><ul class='ez-toc-list ez-toc-list-level-1 ' ><li class='ez-toc-page-1 ez-toc-heading-level-2'><a class=\"ez-toc-link ez-toc-heading-1\" href=\"https:\/\/www.univers-med.com\/blog\/laurent-baffie-chirurgie-esthetique-avant-apres\/#Laurent_Baffie_un_humoriste_francais_a_recemment_admis_avoir_eu_recours_a_la_chirurgie_plastique\" title=\"Laurent Baffie, un humoriste fran\u00e7ais, a r\u00e9cemment admis avoir eu recours \u00e0 la chirurgie plastique\">Laurent Baffie, un humoriste fran\u00e7ais, a r\u00e9cemment admis avoir eu recours \u00e0 la chirurgie plastique<\/a><\/li><li class='ez-toc-page-1 ez-toc-heading-level-2'><a class=\"ez-toc-link ez-toc-heading-2\" href=\"https:\/\/www.univers-med.com\/blog\/laurent-baffie-chirurgie-esthetique-avant-apres\/#Quelles_sont_les_chirurgies_esthetiques_de_Laurent_Baffie\" title=\"Quelles sont les chirurgies esth\u00e9tiques de Laurent Baffie ?\">Quelles sont les chirurgies esth\u00e9tiques de Laurent Baffie ?<\/a><\/li><li class='ez-toc-page-1 ez-toc-heading-level-2'><a class=\"ez-toc-link ez-toc-heading-3\" href=\"https:\/\/www.univers-med.com\/blog\/laurent-baffie-chirurgie-esthetique-avant-apres\/#Ses_fans_semblent_etre_divises_sur_sa_decision_%E2%80%93_certains_pensent_quil_est_tres_beau_tandis_que_dautres_disent_quil_est_alle_trop_loin\" title=\"Ses fans semblent \u00eatre divis\u00e9s sur sa d\u00e9cision &#8211; certains pensent qu&rsquo;il est tr\u00e8s beau, tandis que d&rsquo;autres disent qu&rsquo;il est all\u00e9 trop loin\">Ses fans semblent \u00eatre divis\u00e9s sur sa d\u00e9cision &#8211; certains pensent qu&rsquo;il est tr\u00e8s beau, tandis que d&rsquo;autres disent qu&rsquo;il est all\u00e9 trop loin<\/a><\/li><li class='ez-toc-page-1 ez-toc-heading-level-2'><a class=\"ez-toc-link ez-toc-heading-4\" href=\"https:\/\/www.univers-med.com\/blog\/laurent-baffie-chirurgie-esthetique-avant-apres\/#Quoi_que_vous_pensiez_de_son_nouveau_look_il_a_suscite_de_nombreuses_discussions_en_ligne\" title=\"Quoi que vous pensiez de son nouveau look, il a suscit\u00e9 de nombreuses discussions en ligne\">Quoi que vous pensiez de son nouveau look, il a suscit\u00e9 de nombreuses discussions en ligne<\/a><\/li><li class='ez-toc-page-1 ez-toc-heading-level-2'><a class=\"ez-toc-link ez-toc-heading-5\" href=\"https:\/\/www.univers-med.com\/blog\/laurent-baffie-chirurgie-esthetique-avant-apres\/#Pourquoi_Laurent_Baffie_a_subi_la_chirurgie_esthetique\" title=\"Pourquoi Laurent Baffie a subi la chirurgie esth\u00e9tique ?\">Pourquoi Laurent Baffie a subi la chirurgie esth\u00e9tique ?<\/a><\/li><\/ul><\/nav><\/div>\n<h2><span class=\"ez-toc-section\" id=\"Laurent_Baffie_un_humoriste_francais_a_recemment_admis_avoir_eu_recours_a_la_chirurgie_plastique\"><\/span>Laurent Baffie, un humoriste fran\u00e7ais, a r\u00e9cemment admis avoir eu recours \u00e0 la chirurgie plastique<span class=\"ez-toc-section-end\"><\/span><\/h2>\n\n\n\n<p><strong>Laurent Baffie et la chirurgie esth\u00e9tique sont d\u00e9finitivement li\u00e9s<\/strong>. Laurent a toujours \u00e9t\u00e9 connu pour sa franchise, ce qui lui a permis de parler ouvertement de son exp\u00e9rience avec les m\u00e9dias. Laurent affirme qu&rsquo;apr\u00e8s avoir subi une <strong>intervention chirurgicale en 2017<\/strong>, sa qualit\u00e9 de vie s&rsquo;est consid\u00e9rablement am\u00e9lior\u00e9e et que cette exp\u00e9rience lui a permis d&rsquo;obtenir plus de confiance en soi.<\/p>\n\n\n\n<h2><span class=\"ez-toc-section\" id=\"Quelles_sont_les_chirurgies_esthetiques_de_Laurent_Baffie\"><\/span>Quelles sont les chirurgies esth\u00e9tiques de Laurent Baffie ?<span class=\"ez-toc-section-end\"><\/span><\/h2>\n\n\n\n<p>Laurent Baffie a d\u00e9cid\u00e9 de se faire op\u00e9rer afin d&rsquo;am\u00e9liorer son look. Il a choisi un chirurgien esth\u00e9tique qui \u00e9tait proche de lui et il a fait plusieurs interventions, notamment <strong>des injections de Botox, des greffes de cheveux et un lifting<\/strong> . Laurent a d\u00e9clar\u00e9 qu&rsquo;il \u00e9tait heureux d&rsquo;avoir am\u00e9lior\u00e9 son apparence et qu&rsquo;il se sentait mieux apr\u00e8s l&rsquo;op\u00e9ration.<\/p>\n\n\n\n<figure class=\"wp-block-image size-full\"><img loading=\"lazy\" width=\"1000\" height=\"500\" src=\"https:\/\/www.univers-med.com\/blog\/wp-content\/uploads\/2023\/03\/laurent-baffie-avant-apres-greffe-de-cheveux.jpg\" alt=\"Laurent Baffie avant apr\u00e8s la greffe de cheveux\" class=\"wp-image-5811\" srcset=\"https:\/\/www.univers-med.com\/blog\/wp-content\/uploads\/2023\/03\/laurent-baffie-avant-apres-greffe-de-cheveux.jpg 1000w, https:\/\/www.univers-med.com\/blog\/wp-content\/uploads\/2023\/03\/laurent-baffie-avant-apres-greffe-de-cheveux-300x150.jpg 300w, https:\/\/www.univers-med.com\/blog\/wp-content\/uploads\/2023\/03\/laurent-baffie-avant-apres-greffe-de-cheveux-768x384.jpg 768w, https:\/\/www.univers-med.com\/blog\/wp-content\/uploads\/2023\/03\/laurent-baffie-avant-apres-greffe-de-cheveux-100x50.jpg 100w\" sizes=\"(max-width: 1000px) 100vw, 1000px\" \/><figcaption><strong>Laurent Baffie avant apr\u00e8s la greffe de cheveux<\/strong><\/figcaption><\/figure>\n\n\n\n<p>Laurent avait tr\u00e8s peur de passer sous le bistouri, mais il \u00e9tait d\u00e9termin\u00e9 \u00e0 changer son apparence pour qu&rsquo;elle soit plus conforme \u00e0 ses id\u00e9aux esth\u00e9tiques.<\/p>\n\n\n\n<p>Laurent Baffie a \u00e9galement a encourag\u00e9 les autres \u00e0 essayer la chirurgie esth\u00e9tique, affirmant que cela pouvait avoir un impact positif sur leur confiance en soi. Il a d\u00e9clar\u00e9 qu&rsquo;il \u00e9tait important de se sentir bien dans sa peau et que la chirurgie esth\u00e9tique pouvait contribuer \u00e0 ce sentiment. Laurent Baffie a soulign\u00e9 que la chirurgie esth\u00e9tique peut \u00eatre b\u00e9n\u00e9fique si elle est utilis\u00e9e de mani\u00e8re responsable et qu&rsquo;elle ne doit pas \u00eatre prise \u00e0 la l\u00e9g\u00e8re. Il a \u00e9galement soulign\u00e9 qu&rsquo;il \u00e9tait important d&rsquo;\u00eatre s\u00fbr que le chirurgien esth\u00e9tique choisi est qualifi\u00e9 et capable de fournir des r\u00e9sultats de qualit\u00e9.<\/p>\n\n\n\n<h2><span class=\"ez-toc-section\" id=\"Ses_fans_semblent_etre_divises_sur_sa_decision_%E2%80%93_certains_pensent_quil_est_tres_beau_tandis_que_dautres_disent_quil_est_alle_trop_loin\"><\/span>Ses fans semblent \u00eatre divis\u00e9s sur sa d\u00e9cision &#8211; certains pensent qu&rsquo;il est tr\u00e8s beau, tandis que d&rsquo;autres disent qu&rsquo;il est all\u00e9 trop loin<span class=\"ez-toc-section-end\"><\/span><\/h2>\n\n\n\n<p>Laurent Baffie et la chirurgie esth\u00e9tique ont \u00e9t\u00e9 un sujet tr\u00e8s controvers\u00e9 ces derni\u00e8res ann\u00e9es. Laurent Baffie a plus que tripl\u00e9 sa taille de biceps en seulement trois mois gr\u00e2ce \u00e0 une s\u00e9rie de proc\u00e9dures de chirurgie esth\u00e9tique. Ses fans sont divis\u00e9s quant \u00e0 sa d\u00e9cision : certains pensent qu&rsquo;il est tr\u00e8s beau, tandis que d&rsquo;autres disent qu&rsquo;il est all\u00e9 trop loin. Certains critiquent son choix et le mettent en garde contre les dangers de la chirurgie esth\u00e9tique excessive. Laurent Baffie a r\u00e9pondu \u00e0 ces critiques en disant qu&rsquo;il faisait ce qu&rsquo;il voulait faire et que personne ne devrait \u00eatre jug\u00e9 pour ses choix.<\/p>\n\n\n\n<p>Laurent Baffie a \u00e9galement fait l&rsquo;objet de critiques pour sa position sur la chirurgie esth\u00e9tique en g\u00e9n\u00e9ral. Laurent pense que la chirurgie esth\u00e9tique peut \u00eatre une bonne chose si elle est utilis\u00e9e correctement et qu&rsquo;elle peut aider les gens \u00e0 se sentir mieux dans leur propre corps. Cependant, Laurent soutient \u00e9galement que le but de la chirurgie esth\u00e9tique doit \u00eatre d&rsquo;am\u00e9liorer l&rsquo;apparence physique ou les performances physiques plut\u00f4t que d&rsquo;essayer d&rsquo;atteindre une perfection impossible. Laurent soutient \u00e9galement que toute personne consid\u00e9rant la chirurgie esth\u00e9tique devrait bien comprendre les risques et leurs cons\u00e9quences afin de prendre une d\u00e9cision \u00e9clair\u00e9e.<\/p>\n\n\n\n<p>En fin de compte, Laurent Baffie a choisi de se lancer dans la chirurgie esth\u00e9tique pour am\u00e9liorer sa propre apparence et sa confiance en soi. Cependant, son opinion sur la chirurgie esth\u00e9tique montre qu&rsquo;il faut \u00eatre tr\u00e8s prudent avant d&rsquo;envisager une telle proc\u00e9dure et que tous les risques doivent \u00eatre pris en compte. Laurent Baffie est peut-\u00eatre un exemple pour certains, mais il est important de se souvenir qu&rsquo;il a pris sa propre d\u00e9cision et que chacun devrait le faire pour lui-m\u00eame. Laurent reste cependant tr\u00e8s populaire parce qu&rsquo;il partage son exp\u00e9rience unique sur la chirurgie esth\u00e9tique et ses choix personnels. Il montre aux autres comment une personne peut prendre des d\u00e9cisions<\/p>\n\n\n\n<h2><span class=\"ez-toc-section\" id=\"Quoi_que_vous_pensiez_de_son_nouveau_look_il_a_suscite_de_nombreuses_discussions_en_ligne\"><\/span>Quoi que vous pensiez de son nouveau look, il a suscit\u00e9 de nombreuses discussions en ligne<span class=\"ez-toc-section-end\"><\/span><\/h2>\n\n\n\n<p>De nombreux fans de Laurent Baffie se demandent si son visage est le r\u00e9sultat d&rsquo;une chirurgie esth\u00e9tique ou non. Laurent Baffie a toujours \u00e9t\u00e9 tr\u00e8s discret sur le sujet et \u00e0 ce jour, il n&rsquo;a pas confirm\u00e9 s&rsquo;il avait subi une chirurgie esth\u00e9tique.<\/p>\n\n\n\n<p>Cependant, certains experts sugg\u00e8rent que Laurent Baffie pourrait en effet avoir recours \u00e0 la chirurgie esth\u00e9tique. Les changements qui ont \u00e9t\u00e9 observ\u00e9s dans son apparence semblent \u00eatre trop marqu\u00e9s pour \u00eatre le r\u00e9sultat d&rsquo;un simple lifting naturel. Son nez semble plus \u00e9troit et ses traits plus lisses, ce qui pourrait indiquer qu&rsquo;il a subi une rhinoplastie et des injections de Botox.<\/p>\n\n\n\n<p>Bien que Laurent Baffie n&rsquo;ait pas confirm\u00e9 ou infirm\u00e9 les sp\u00e9culations sur la chirurgie esth\u00e9tique, il continue \u00e0 afficher un look impeccable et \u00e0 para\u00eetre <strong>tr\u00e8s jeune pour son \u00e2ge<\/strong>. Quelle que soit sa d\u00e9cision concernant la chirurgie esth\u00e9tique, Laurent Baffie reste une c\u00e9l\u00e9brit\u00e9 tr\u00e8s populaire qui fait preuve d&rsquo;un grand sens de l&rsquo;humour. Cela prouve que la chirurgie esth\u00e9tique n&rsquo;est pas forc\u00e9ment n\u00e9cessaire pour atteindre un look impressionnant et rester \u00e0 la mode. Laurent Baffie nous montre que, avec le bon style et une attitude positive, il est possible d&rsquo;avoir du succ\u00e8s sans recourir \u00e0 des interventions cosm\u00e9tiques.<\/p>\n\n\n\n<h2><span class=\"ez-toc-section\" id=\"Pourquoi_Laurent_Baffie_a_subi_la_chirurgie_esthetique\"><\/span>Pourquoi Laurent Baffie a subi la chirurgie esth\u00e9tique ?<span class=\"ez-toc-section-end\"><\/span><\/h2>\n\n\n\n<figure class=\"wp-block-image size-full\"><img loading=\"lazy\" width=\"1000\" height=\"557\" src=\"https:\/\/www.univers-med.com\/blog\/wp-content\/uploads\/2022\/11\/laurent-baffie-avant-apres.jpg\" alt=\"laurent baffie avant apr\u00e8s\" class=\"wp-image-5034\" srcset=\"https:\/\/www.univers-med.com\/blog\/wp-content\/uploads\/2022\/11\/laurent-baffie-avant-apres.jpg 1000w, https:\/\/www.univers-med.com\/blog\/wp-content\/uploads\/2022\/11\/laurent-baffie-avant-apres-300x167.jpg 300w, https:\/\/www.univers-med.com\/blog\/wp-content\/uploads\/2022\/11\/laurent-baffie-avant-apres-768x428.jpg 768w, https:\/\/www.univers-med.com\/blog\/wp-content\/uploads\/2022\/11\/laurent-baffie-avant-apres-100x56.jpg 100w\" sizes=\"(max-width: 1000px) 100vw, 1000px\" \/><\/figure>\n\n\n\n<p>Laurent Baffie a une opinion tr\u00e8s personnelle sur la chirurgie plastique. Il estime que tout le monde devrait \u00eatre heureux et satisfait de <strong>son propre corps<\/strong>, sans avoir recours \u00e0 des interventions qui peuvent entra\u00eener des risques importants pour la sant\u00e9. Laurent est \u00e9galement pr\u00e9occup\u00e9 par les co\u00fbts souvent exorbitants des interventions, ce qui n&rsquo;est pas toujours abordable pour beaucoup de gens<\/p>\n\n\n\n<p>Bien qu&rsquo;il ne soit pas contre le concept de chirurgie esth\u00e9tique, Laurent Baffie sugg\u00e8re que les gens devraient r\u00e9fl\u00e9chir tr\u00e8s attentivement aux cons\u00e9quences \u00e0 long terme avant de prendre une d\u00e9cision. Il recommande \u00e9galement que si les gens choisissent d&rsquo;aller de l&rsquo;avant avec la chirurgie, ils doivent <strong><a href=\"https:\/\/www.univers-med.com\/chirurgiens.html\">trouver le meilleur m\u00e9decin<\/a><\/strong> possible pour \u00eatre s\u00fbrs qu&rsquo;ils obtiennent des r\u00e9sultats satisfaisants et sans risque.<\/p>\n\n\n\n<p>Personnellement, je ne suis pas contre le concept de recourir \u00e0 la chirurgie esth\u00e9tique si cela est n\u00e9cessaire pour am\u00e9liorer la qualit\u00e9 de vie d&rsquo;une personne. Cependant, je respecte le point de vue de Laurent Baffie et je pense qu&rsquo;il est tr\u00e8s important que les gens prennent le temps de bien r\u00e9fl\u00e9chir \u00e0 tous les aspects impliqu\u00e9s avant de prendre une d\u00e9cision finale. Je suis \u00e9galement d&rsquo;accord avec Laurent sur le fait que nous devrions tous accepter notre corps tel qu&rsquo;il est et apprendre \u00e0 appr\u00e9cier nos imperfections car elles font partie int\u00e9grante de qui nous sommes. En fin de compte, je pense que la d\u00e9cision d&rsquo;aller de l&rsquo;avant avec la chirurgie esth\u00e9tique revient \u00e0 chaque individu et devrait \u00eatre prise en fonction des circonstances personnelles.<\/p>\n\n\n\n<p>En conclusion, Laurent Baffie et la chirurgie esth\u00e9tique sont des sujets complexes. Laurent plaide pour que les gens aient une opinion plus r\u00e9fl\u00e9chie sur le concept de recourir \u00e0 la chirurgie pour modifier leur apparence. Il sugg\u00e8re \u00e9galement qu&rsquo;il est important de trouver un bon m\u00e9decin qualifi\u00e9 pour obtenir des r\u00e9sultats satisfaisants sans risque. Quant \u00e0 moi, je respecte les opinions de Laurent et je pense que chaque personne doit prendre sa propre d\u00e9cision si elle envisage ou pas d&rsquo;aller de l&rsquo;avant avec un tel traitement. Cependant, je crois \u00e9galement qu&rsquo;il est important de respecter notre corps et d&rsquo;apprendre \u00e0 accepter nos imperfections car elles font partie int\u00e9grante de qui nous sommes. Il est important que Laurent Baffie continue \u00e0 sensibiliser le public sur la chirurgie esth\u00e9tique afin que les gens puissent prendre des d\u00e9cisions bien inform\u00e9es et r\u00e9fl\u00e9chies.<\/p>\n","protected":false},"excerpt":{"rendered":"<p>Laurent Baffie a r\u00e9cemment d\u00e9voil\u00e9 son nouveau visage apr\u00e8s une op\u00e9ration de chirurgie esth\u00e9tique. L&rsquo;humoriste et animateur de t\u00e9l\u00e9vision semble avoir voulu rattraper le temps perdu, car il a pris quelques ann\u00e9es depuis ses derni\u00e8res apparitions \u00e0 la t\u00e9l\u00e9vision. Laurent Baffie est l&rsquo;un des premiers humoristes fran\u00e7ais \u00e0 avoir eu recours \u00e0 la chirurgie esth\u00e9tique [&hellip;]<\/p>\n","protected":false},"author":1,"featured_media":5029,"comment_status":"closed","ping_status":"closed","sticky":false,"template":"","format":"standard","meta":[],"categories":[1105],"tags":[],"yoast_head":"<!-- This site is optimized with the Yoast SEO plugin v20.6 - https:\/\/yoast.com\/wordpress\/plugins\/seo\/ -->\n<title>Laurent Baffie chirurgie esth\u00e9tique avant apr\u00e8s<\/title>\n<meta name=\"description\" content=\"Laurent Baffie chirurgie esth\u00e9tique avant apr\u00e8s : La greffe de cheveux , s&#039;est rajeuni le visage . Pourquoi Laurent Baffie est m\u00e9connaissable ? Quelles sont les chirurgies esth\u00e9tiques de ...\" \/>\n<meta name=\"robots\" content=\"index, follow, max-snippet:-1, max-image-preview:large, max-video-preview:-1\" \/>\n<link rel=\"canonical\" href=\"https:\/\/www.univers-med.com\/blog\/laurent-baffie-chirurgie-esthetique-avant-apres\/\" \/>\n<meta property=\"og:locale\" content=\"fr_FR\" \/>\n<meta property=\"og:type\" content=\"article\" \/>\n<meta property=\"og:title\" content=\"Laurent Baffie chirurgie esth\u00e9tique avant apr\u00e8s\" \/>\n<meta property=\"og:description\" content=\"Laurent Baffie chirurgie esth\u00e9tique avant apr\u00e8s : La greffe de cheveux , s&#039;est rajeuni le visage . Pourquoi Laurent Baffie est m\u00e9connaissable ? Quelles sont les chirurgies esth\u00e9tiques de ...\" \/>\n<meta property=\"og:url\" content=\"https:\/\/www.univers-med.com\/blog\/laurent-baffie-chirurgie-esthetique-avant-apres\/\" \/>\n<meta property=\"og:site_name\" content=\"Blog Univers-med\" \/>\n<meta property=\"article:published_time\" content=\"2022-12-01T11:50:00+00:00\" \/>\n<meta property=\"article:modified_time\" content=\"2023-03-29T09:44:59+00:00\" \/>\n<meta property=\"og:image\" content=\"https:\/\/www.univers-med.com\/blog\/wp-content\/uploads\/2022\/12\/laurent-baffie-chirurgie-esthetique.jpg\" \/>\n\t<meta property=\"og:image:width\" content=\"1069\" \/>\n\t<meta property=\"og:image:height\" content=\"700\" \/>\n\t<meta property=\"og:image:type\" content=\"image\/jpeg\" \/>\n<meta name=\"author\" content=\"blog-univers-med\" \/>\n<meta name=\"twitter:card\" content=\"summary_large_image\" \/>\n<meta name=\"twitter:creator\" content=\"@MeduniversTn\" \/>\n<meta name=\"twitter:site\" content=\"@MeduniversTn\" \/>\n<script type=\"application\/ld+json\" class=\"yoast-schema-graph\">{\"@context\":\"https:\/\/schema.org\",\"@graph\":[{\"@type\":\"Article\",\"@id\":\"https:\/\/www.univers-med.com\/blog\/laurent-baffie-chirurgie-esthetique-avant-apres\/#article\",\"isPartOf\":{\"@id\":\"https:\/\/www.univers-med.com\/blog\/laurent-baffie-chirurgie-esthetique-avant-apres\/\"},\"author\":{\"name\":\"blog-univers-med\",\"@id\":\"https:\/\/www.univers-med.com\/blog\/#\/schema\/person\/a4d4b2b10c240db88faecbdd5f1175cf\"},\"headline\":\"Laurent Baffie chirurgie esth\u00e9tique avant apr\u00e8s\",\"datePublished\":\"2022-12-01T11:50:00+00:00\",\"dateModified\":\"2023-03-29T09:44:59+00:00\",\"mainEntityOfPage\":{\"@id\":\"https:\/\/www.univers-med.com\/blog\/laurent-baffie-chirurgie-esthetique-avant-apres\/\"},\"wordCount\":1479,\"publisher\":{\"@id\":\"https:\/\/www.univers-med.com\/blog\/#\/schema\/person\/a4d4b2b10c240db88faecbdd5f1175cf\"},\"articleSection\":[\"Beaut\u00e9 des stars\"],\"inLanguage\":\"fr-FR\"},{\"@type\":\"WebPage\",\"@id\":\"https:\/\/www.univers-med.com\/blog\/laurent-baffie-chirurgie-esthetique-avant-apres\/\",\"url\":\"https:\/\/www.univers-med.com\/blog\/laurent-baffie-chirurgie-esthetique-avant-apres\/\",\"name\":\"Laurent Baffie chirurgie esth\u00e9tique avant apr\u00e8s\",\"isPartOf\":{\"@id\":\"https:\/\/www.univers-med.com\/blog\/#website\"},\"datePublished\":\"2022-12-01T11:50:00+00:00\",\"dateModified\":\"2023-03-29T09:44:59+00:00\",\"description\":\"Laurent Baffie chirurgie esth\u00e9tique avant apr\u00e8s : La greffe de cheveux , s'est rajeuni le visage . Pourquoi Laurent Baffie est m\u00e9connaissable ? Quelles sont les chirurgies esth\u00e9tiques de ...\",\"breadcrumb\":{\"@id\":\"https:\/\/www.univers-med.com\/blog\/laurent-baffie-chirurgie-esthetique-avant-apres\/#breadcrumb\"},\"inLanguage\":\"fr-FR\",\"potentialAction\":[{\"@type\":\"ReadAction\",\"target\":[\"https:\/\/www.univers-med.com\/blog\/laurent-baffie-chirurgie-esthetique-avant-apres\/\"]}]},{\"@type\":\"BreadcrumbList\",\"@id\":\"https:\/\/www.univers-med.com\/blog\/laurent-baffie-chirurgie-esthetique-avant-apres\/#breadcrumb\",\"itemListElement\":[{\"@type\":\"ListItem\",\"position\":1,\"name\":\"Accueil\",\"item\":\"https:\/\/www.univers-med.com\/blog\/\"},{\"@type\":\"ListItem\",\"position\":2,\"name\":\"Laurent Baffie chirurgie esth\u00e9tique avant apr\u00e8s\"}]},{\"@type\":\"WebSite\",\"@id\":\"https:\/\/www.univers-med.com\/blog\/#website\",\"url\":\"https:\/\/www.univers-med.com\/blog\/\",\"name\":\"Blog Univers-med\",\"description\":\"Blog Univers-med\",\"publisher\":{\"@id\":\"https:\/\/www.univers-med.com\/blog\/#\/schema\/person\/a4d4b2b10c240db88faecbdd5f1175cf\"},\"alternateName\":\"chirurgie esth\u00e9tique Tunisie\",\"potentialAction\":[{\"@type\":\"SearchAction\",\"target\":{\"@type\":\"EntryPoint\",\"urlTemplate\":\"https:\/\/www.univers-med.com\/blog\/?s={search_term_string}\"},\"query-input\":\"required name=search_term_string\"}],\"inLanguage\":\"fr-FR\"},{\"@type\":[\"Person\",\"Organization\"],\"@id\":\"https:\/\/www.univers-med.com\/blog\/#\/schema\/person\/a4d4b2b10c240db88faecbdd5f1175cf\",\"name\":\"blog-univers-med\",\"image\":{\"@type\":\"ImageObject\",\"inLanguage\":\"fr-FR\",\"@id\":\"https:\/\/www.univers-med.com\/blog\/#\/schema\/person\/image\/\",\"url\":\"https:\/\/www.univers-med.com\/blog\/wp-content\/uploads\/2020\/10\/cropped-logo-1.png\",\"contentUrl\":\"https:\/\/www.univers-med.com\/blog\/wp-content\/uploads\/2020\/10\/cropped-logo-1.png\",\"width\":512,\"height\":512,\"caption\":\"blog-univers-med\"},\"logo\":{\"@id\":\"https:\/\/www.univers-med.com\/blog\/#\/schema\/person\/image\/\"},\"sameAs\":[\"https:\/\/www.instagram.com\/univers_med_officiel\/\"],\"url\":\"https:\/\/www.univers-med.com\/blog\/author\/blog-univers-med\/\"}]}<\/script>\n<!-- \/ Yoast SEO plugin. -->","yoast_head_json":{"title":"Laurent Baffie chirurgie esth\u00e9tique avant apr\u00e8s","description":"Laurent Baffie chirurgie esth\u00e9tique avant apr\u00e8s : La greffe de cheveux , s'est rajeuni le visage . Pourquoi Laurent Baffie est m\u00e9connaissable ? Quelles sont les chirurgies esth\u00e9tiques de ...","robots":{"index":"index","follow":"follow","max-snippet":"max-snippet:-1","max-image-preview":"max-image-preview:large","max-video-preview":"max-video-preview:-1"},"canonical":"https:\/\/www.univers-med.com\/blog\/laurent-baffie-chirurgie-esthetique-avant-apres\/","og_locale":"fr_FR","og_type":"article","og_title":"Laurent Baffie chirurgie esth\u00e9tique avant apr\u00e8s","og_description":"Laurent Baffie chirurgie esth\u00e9tique avant apr\u00e8s : La greffe de cheveux , s'est rajeuni le visage . Pourquoi Laurent Baffie est m\u00e9connaissable ? Quelles sont les chirurgies esth\u00e9tiques de ...","og_url":"https:\/\/www.univers-med.com\/blog\/laurent-baffie-chirurgie-esthetique-avant-apres\/","og_site_name":"Blog Univers-med","article_published_time":"2022-12-01T11:50:00+00:00","article_modified_time":"2023-03-29T09:44:59+00:00","og_image":[{"width":1069,"height":700,"url":"https:\/\/www.univers-med.com\/blog\/wp-content\/uploads\/2022\/12\/laurent-baffie-chirurgie-esthetique.jpg","type":"image\/jpeg"}],"author":"blog-univers-med","twitter_card":"summary_large_image","twitter_creator":"@MeduniversTn","twitter_site":"@MeduniversTn","schema":{"@context":"https:\/\/schema.org","@graph":[{"@type":"Article","@id":"https:\/\/www.univers-med.com\/blog\/laurent-baffie-chirurgie-esthetique-avant-apres\/#article","isPartOf":{"@id":"https:\/\/www.univers-med.com\/blog\/laurent-baffie-chirurgie-esthetique-avant-apres\/"},"author":{"name":"blog-univers-med","@id":"https:\/\/www.univers-med.com\/blog\/#\/schema\/person\/a4d4b2b10c240db88faecbdd5f1175cf"},"headline":"Laurent Baffie chirurgie esth\u00e9tique avant apr\u00e8s","datePublished":"2022-12-01T11:50:00+00:00","dateModified":"2023-03-29T09:44:59+00:00","mainEntityOfPage":{"@id":"https:\/\/www.univers-med.com\/blog\/laurent-baffie-chirurgie-esthetique-avant-apres\/"},"wordCount":1479,"publisher":{"@id":"https:\/\/www.univers-med.com\/blog\/#\/schema\/person\/a4d4b2b10c240db88faecbdd5f1175cf"},"articleSection":["Beaut\u00e9 des stars"],"inLanguage":"fr-FR"},{"@type":"WebPage","@id":"https:\/\/www.univers-med.com\/blog\/laurent-baffie-chirurgie-esthetique-avant-apres\/","url":"https:\/\/www.univers-med.com\/blog\/laurent-baffie-chirurgie-esthetique-avant-apres\/","name":"Laurent Baffie chirurgie esth\u00e9tique avant apr\u00e8s","isPartOf":{"@id":"https:\/\/www.univers-med.com\/blog\/#website"},"datePublished":"2022-12-01T11:50:00+00:00","dateModified":"2023-03-29T09:44:59+00:00","description":"Laurent Baffie chirurgie esth\u00e9tique avant apr\u00e8s : La greffe de cheveux , s'est rajeuni le visage . Pourquoi Laurent Baffie est m\u00e9connaissable ? Quelles sont les chirurgies esth\u00e9tiques de ...","breadcrumb":{"@id":"https:\/\/www.univers-med.com\/blog\/laurent-baffie-chirurgie-esthetique-avant-apres\/#breadcrumb"},"inLanguage":"fr-FR","potentialAction":[{"@type":"ReadAction","target":["https:\/\/www.univers-med.com\/blog\/laurent-baffie-chirurgie-esthetique-avant-apres\/"]}]},{"@type":"BreadcrumbList","@id":"https:\/\/www.univers-med.com\/blog\/laurent-baffie-chirurgie-esthetique-avant-apres\/#breadcrumb","itemListElement":[{"@type":"ListItem","position":1,"name":"Accueil","item":"https:\/\/www.univers-med.com\/blog\/"},{"@type":"ListItem","position":2,"name":"Laurent Baffie chirurgie esth\u00e9tique avant apr\u00e8s"}]},{"@type":"WebSite","@id":"https:\/\/www.univers-med.com\/blog\/#website","url":"https:\/\/www.univers-med.com\/blog\/","name":"Blog Univers-med","description":"Blog Univers-med","publisher":{"@id":"https:\/\/www.univers-med.com\/blog\/#\/schema\/person\/a4d4b2b10c240db88faecbdd5f1175cf"},"alternateName":"chirurgie esth\u00e9tique Tunisie","potentialAction":[{"@type":"SearchAction","target":{"@type":"EntryPoint","urlTemplate":"https:\/\/www.univers-med.com\/blog\/?s={search_term_string}"},"query-input":"required name=search_term_string"}],"inLanguage":"fr-FR"},{"@type":["Person","Organization"],"@id":"https:\/\/www.univers-med.com\/blog\/#\/schema\/person\/a4d4b2b10c240db88faecbdd5f1175cf","name":"blog-univers-med","image":{"@type":"ImageObject","inLanguage":"fr-FR","@id":"https:\/\/www.univers-med.com\/blog\/#\/schema\/person\/image\/","url":"https:\/\/www.univers-med.com\/blog\/wp-content\/uploads\/2020\/10\/cropped-logo-1.png","contentUrl":"https:\/\/www.univers-med.com\/blog\/wp-content\/uploads\/2020\/10\/cropped-logo-1.png","width":512,"height":512,"caption":"blog-univers-med"},"logo":{"@id":"https:\/\/www.univers-med.com\/blog\/#\/schema\/person\/image\/"},"sameAs":["https:\/\/www.instagram.com\/univers_med_officiel\/"],"url":"https:\/\/www.univers-med.com\/blog\/author\/blog-univers-med\/"}]}},"_links":{"self":[{"href":"https:\/\/www.univers-med.com\/blog\/wp-json\/wp\/v2\/posts\/5025"}],"collection":[{"href":"https:\/\/www.univers-med.com\/blog\/wp-json\/wp\/v2\/posts"}],"about":[{"href":"https:\/\/www.univers-med.com\/blog\/wp-json\/wp\/v2\/types\/post"}],"author":[{"embeddable":true,"href":"https:\/\/www.univers-med.com\/blog\/wp-json\/wp\/v2\/users\/1"}],"replies":[{"embeddable":true,"href":"https:\/\/www.univers-med.com\/blog\/wp-json\/wp\/v2\/comments?post=5025"}],"version-history":[{"count":13,"href":"https:\/\/www.univers-med.com\/blog\/wp-json\/wp\/v2\/posts\/5025\/revisions"}],"predecessor-version":[{"id":5813,"href":"https:\/\/www.univers-med.com\/blog\/wp-json\/wp\/v2\/posts\/5025\/revisions\/5813"}],"wp:featuredmedia":[{"embeddable":true,"href":"https:\/\/www.univers-med.com\/blog\/wp-json\/wp\/v2\/media\/5029"}],"wp:attachment":[{"href":"https:\/\/www.univers-med.com\/blog\/wp-json\/wp\/v2\/media?parent=5025"}],"wp:term":[{"taxonomy":"category","embeddable":true,"href":"https:\/\/www.univers-med.com\/blog\/wp-json\/wp\/v2\/categories?post=5025"},{"taxonomy":"post_tag","embeddable":true,"href":"https:\/\/www.univers-med.com\/blog\/wp-json\/wp\/v2\/tags?post=5025"}],"curies":[{"name":"wp","href":"https:\/\/api.w.org\/{rel}","templated":true}]}}