{"id":2815,"date":"2021-11-10T11:07:49","date_gmt":"2021-11-10T10:07:49","guid":{"rendered":"https:\/\/univers-med.com\/blog\/?p=2815"},"modified":"2023-06-20T12:38:01","modified_gmt":"2023-06-20T10:38:01","slug":"jessica-thivenin-chirurgie-esthetique","status":"publish","type":"post","link":"https:\/\/www.univers-med.com\/blog\/jessica-thivenin-chirurgie-esthetique\/","title":{"rendered":"Jessica Thivenin chirurgie esth\u00e9tique"},"content":{"rendered":"\n<strong>Jessica Thivenin chirurgie esth\u00e9tique<\/strong>\n\n\n\n<p>Le dimanche 3 octobre dernier, <strong>Jessica Thivenin<\/strong>, la c\u00e9l\u00e8bre candidate de t\u00e9l\u00e9r\u00e9alit\u00e9 \u00e0 invoqu\u00e9, sans utiliser de filtre, sa derni\u00e8re intervention de <strong>chirurgie esth\u00e9tique<\/strong> sur son compte Instagram. En effet, la jeune starlette est apparue comme une femme \u00ab\u00a0trop contente\u00a0\u00bb du r\u00e9sultat obtenu.<\/p>\n\n\n\n<figure class=\"wp-container-2 wp-block-gallery-1 wp-block-gallery has-nested-images columns-default is-cropped\">\n<figure class=\"wp-block-image size-large\"><img loading=\"lazy\" width=\"1000\" height=\"350\" data-id=\"2896\"  src=\"https:\/\/univers-med.com\/blog\/wp-content\/uploads\/2021\/11\/Jessica-Thivenin-chirurgie-esthetique.jpg\" alt=\"\" class=\"wp-image-2896\" srcset=\"https:\/\/www.univers-med.com\/blog\/wp-content\/uploads\/2021\/11\/Jessica-Thivenin-chirurgie-esthetique.jpg 1000w, https:\/\/www.univers-med.com\/blog\/wp-content\/uploads\/2021\/11\/Jessica-Thivenin-chirurgie-esthetique-300x105.jpg 300w, https:\/\/www.univers-med.com\/blog\/wp-content\/uploads\/2021\/11\/Jessica-Thivenin-chirurgie-esthetique-768x269.jpg 768w, https:\/\/www.univers-med.com\/blog\/wp-content\/uploads\/2021\/11\/Jessica-Thivenin-chirurgie-esthetique-100x35.jpg 100w\" sizes=\"(max-width: 1000px) 100vw, 1000px\" \/><\/figure>\n<\/figure>\n\n\n\n<p><div id=\"ez-toc-container\" class=\"ez-toc-v2_0_72 counter-hierarchy ez-toc-counter ez-toc-grey ez-toc-container-direction\">\n<div class=\"ez-toc-title-container\">\n<p class=\"ez-toc-title\" style=\"cursor:inherit\">Table of Contents<\/p>\n<span class=\"ez-toc-title-toggle\"><a href=\"#\" class=\"ez-toc-pull-right ez-toc-btn ez-toc-btn-xs ez-toc-btn-default ez-toc-toggle\" aria-label=\"Toggle Table of Content\"><span class=\"ez-toc-js-icon-con\"><span class=\"\"><span class=\"eztoc-hide\" style=\"display:none;\">Toggle<\/span><span class=\"ez-toc-icon-toggle-span\"><svg style=\"fill: #999;color:#999\" xmlns=\"http:\/\/www.w3.org\/2000\/svg\" class=\"list-377408\" width=\"20px\" height=\"20px\" viewBox=\"0 0 24 24\" fill=\"none\"><path d=\"M6 6H4v2h2V6zm14 0H8v2h12V6zM4 11h2v2H4v-2zm16 0H8v2h12v-2zM4 16h2v2H4v-2zm16 0H8v2h12v-2z\" fill=\"currentColor\"><\/path><\/svg><svg style=\"fill: #999;color:#999\" class=\"arrow-unsorted-368013\" xmlns=\"http:\/\/www.w3.org\/2000\/svg\" width=\"10px\" height=\"10px\" viewBox=\"0 0 24 24\" version=\"1.2\" baseProfile=\"tiny\"><path d=\"M18.2 9.3l-6.2-6.3-6.2 6.3c-.2.2-.3.4-.3.7s.1.5.3.7c.2.2.4.3.7.3h11c.3 0 .5-.1.7-.3.2-.2.3-.5.3-.7s-.1-.5-.3-.7zM5.8 14.7l6.2 6.3 6.2-6.3c.2-.2.3-.5.3-.7s-.1-.5-.3-.7c-.2-.2-.4-.3-.7-.3h-11c-.3 0-.5.1-.7.3-.2.2-.3.5-.3.7s.1.5.3.7z\"\/><\/svg><\/span><\/span><\/span><\/a><\/span><\/div>\n<nav><ul class='ez-toc-list ez-toc-list-level-1 ' ><li class='ez-toc-page-1 ez-toc-heading-level-2'><a class=\"ez-toc-link ez-toc-heading-1\" href=\"https:\/\/www.univers-med.com\/blog\/jessica-thivenin-chirurgie-esthetique\/#Jessica_Thivenin_une_metamorphose_physique_progressive\" title=\"Jessica Thivenin, une m\u00e9tamorphose physique progressive\">Jessica Thivenin, une m\u00e9tamorphose physique progressive<\/a><\/li><li class='ez-toc-page-1 ez-toc-heading-level-2'><a class=\"ez-toc-link ez-toc-heading-2\" href=\"https:\/\/www.univers-med.com\/blog\/jessica-thivenin-chirurgie-esthetique\/#Jessica_Thivenin_en_finie_avec_une_asymetrie_des_levres\" title=\"Jessica Thivenin en finie avec une asym\u00e9trie des l\u00e8vres\">Jessica Thivenin en finie avec une asym\u00e9trie des l\u00e8vres<\/a><\/li><\/ul><\/nav><\/div>\n<h2><span class=\"ez-toc-section\" id=\"Jessica_Thivenin_une_metamorphose_physique_progressive\"><\/span>Jessica Thivenin, une m\u00e9tamorphose physique progressive<span class=\"ez-toc-section-end\"><\/span><\/h2><\/p>\n\n\n\n<p>La jeune candidate \u00e0 connue un grand nombre de passages successifs dans l&rsquo;\u00e9mission de t\u00e9l\u00e9r\u00e9alit\u00e9 fran\u00e7aise \u00ab\u00a0<strong>Les Marseillais<\/strong>\u00a0\u00bb diffus\u00e9e sur la <strong>chaine W9<\/strong> pendant lesquelles Jessica Thivenin a totalement chang\u00e9 de vie. En r\u00e9alit\u00e9, rien ne semble pr\u00e9destinait la jolie et jeune blonde qu&rsquo;elle devient une v\u00e9ritable personnalit\u00e9 sur les r\u00e9seaux sociaux et de petit \u00e9cran. Sur son compte Instagram en date du lundi 27 septembre 2021, l\u2019ancienne campagne de Julien Tanti vient\u00a0 d&rsquo;\u00e9voquer son enfance qu&rsquo;elle avait pass\u00e9e dans une caravane avec ses parents et son fr\u00e8re o\u00f9 elle y est rest\u00e9e jusqu\u2019\u00e0 son \u00e2ge de 6 ans. <\/p>\n\n\n\n<p>Elle avait ainsi invoqu\u00e9 une ancienne photo d\u2019elle d&rsquo;une p\u00e9riode de sa vie qu&rsquo;elle s\u2019affiche avec nostalgie malgr\u00e9 que son actuelle maison est luxueuse en estimant qu&rsquo;ils sont nombreux ceux qui lui ont demand\u00e9 pourquoi elle \u00e0 d\u00e9cid\u00e9e de poster une photo d&rsquo;elle dans une caravane. Comme ils le savent s\u00fbrement, elle \u00e0 v\u00e9cu en caravane jusqu&rsquo;\u00e0 ses 6 ans et se d\u00e9pla\u00e7ait avec sa famille dans toute la France. Elle rajoute que c&rsquo;\u00e9tait trop bien et que ce sont de tr\u00e8s bons souvenirs.<\/p>\n\n\n\n<p><h2><span class=\"ez-toc-section\" id=\"Jessica_Thivenin_en_finie_avec_une_asymetrie_des_levres\"><\/span>Jessica Thivenin en finie avec une asym\u00e9trie des l\u00e8vres<span class=\"ez-toc-section-end\"><\/span><\/h2><\/p>\n\n\n\n<p>Sur la toile, Jessica Thivenin d\u00e9voile \u00e0 ses abonn\u00e9es son quotidien sur ses comptes de r\u00e9seaux sociaux. En effet, elle ne fait pas partie des c\u00e9l\u00e9brit\u00e9s qui cr\u00e9ent une distance avec sa communaut\u00e9 de fans. C&rsquo;est ainsi que le dimanche 3 octobre 2021 qu&rsquo;elle a tenue \u00e0 leur de ses nouvelles en annon\u00e7ant avoir succomb\u00e9 de nouveaux \u00e0 l&rsquo;appel de la chirurgie esth\u00e9tique en d\u00e9cidant de ses l\u00e8vres.<\/p>\n\n\n\n<p>Il s&rsquo;agit d&rsquo;un acte de <strong><a href=\"https:\/\/www.univers-med.com\/medecine-esthetique-tunisie.html\">m\u00e9decine esth\u00e9tique<\/a><\/strong> qui consiste \u00e0 injecter de l&rsquo;acide hyaluronique dans les l\u00e8vres afin de redessiner la bouche en vue de la rendre plus charnue ou \u00e9liminer les signes de vieillisse avec un effet esth\u00e9tique \u00e0 la fois harmonieux et naturel.<\/p>\n\n\n\n<p>Gr\u00e2ce \u00e0 cette proc\u00e9dure non invasive, le recours aux injections d\u2019acide hyaluronique dans les l\u00e8vres permet une <strong>augmentation du volume de l\u00e8vres<\/strong> trop fines.<\/p>\n\n\n\n<ul><li>Estomper les ridules verticales qui se situent autour de la bouche.<\/li><li>Une hydratation au niveau des l\u00e8vres.<\/li><li>Correction d&rsquo;une asym\u00e9trie de la bouche.<\/li><li>Si les ridules de la l\u00e8vre sup\u00e9rieure sont tr\u00e8s marqu\u00e9es, il est possible de combiner ces injections \u00e0 des m\u00e9thodes&nbsp; comme le laser Fraxel ou le peeling.<\/li><\/ul>\n\n\n\n<p>A l&rsquo;issue de cette proc\u00e9dure, Jessica Thivenin d\u00e9clare \u00eatre \u00ab\u00a0trop contente\u00a0\u00bb de sa bouche, malgr\u00e9 qu&rsquo;elle soit gonfl\u00e9e apr\u00e8s l&rsquo;intervention qu&rsquo;elle avait subie le 2 octobre dernier et qu&rsquo;elle n&rsquo;arrive pas \u00e0 trop \u00e0 parler, mais elle est trop contente du r\u00e9sultat obtenu. Elle explique que sa d\u00e9cision de refaire sa bouche parce qu&rsquo;il existe une asym\u00e9trie au niveau o\u00f9 sa l\u00e8vre se relevait. Malgr\u00e9 que la jeune femme reconna\u00eet \u00eatre encore \u00ab\u00a0gonfl\u00e9e\u00a0\u00bb, 30% de sa bouche va partir, et qu&rsquo;elle est donc trop contente et appr\u00e9cie la nouvelle apparence de sa bouche apr\u00e8s son intervention.<\/p>\n","protected":false},"excerpt":{"rendered":"<p>Jessica Thivenin chirurgie esth\u00e9tique Le dimanche 3 octobre dernier, Jessica Thivenin, la c\u00e9l\u00e8bre candidate de t\u00e9l\u00e9r\u00e9alit\u00e9 \u00e0 invoqu\u00e9, sans utiliser de filtre, sa derni\u00e8re intervention de chirurgie esth\u00e9tique sur son compte Instagram. En effet, la jeune starlette est apparue comme une femme \u00ab\u00a0trop contente\u00a0\u00bb du r\u00e9sultat obtenu. Jessica Thivenin, une m\u00e9tamorphose physique progressive La jeune [&hellip;]<\/p>\n","protected":false},"author":1,"featured_media":2897,"comment_status":"closed","ping_status":"closed","sticky":false,"template":"","format":"standard","meta":[],"categories":[1105],"tags":[],"yoast_head":"<!-- This site is optimized with the Yoast SEO plugin v20.6 - https:\/\/yoast.com\/wordpress\/plugins\/seo\/ -->\n<title>Jessica Thivenin chirurgie esth\u00e9tique avant apr\u00e8s<\/title>\n<meta name=\"description\" content=\"Jessica Thivenin chirurgie esth\u00e9tique avant apr\u00e8s . Qui est le chirurgien esth\u00e9tique de Jessica . La derni\u00e8re op\u00e9ration . Pourquoi elle s&#039;est fait op\u00e9rer\" \/>\n<meta name=\"robots\" content=\"index, follow, max-snippet:-1, max-image-preview:large, max-video-preview:-1\" \/>\n<link rel=\"canonical\" href=\"https:\/\/www.univers-med.com\/blog\/jessica-thivenin-chirurgie-esthetique\/\" \/>\n<meta property=\"og:locale\" content=\"fr_FR\" \/>\n<meta property=\"og:type\" content=\"article\" \/>\n<meta property=\"og:title\" content=\"Jessica Thivenin chirurgie esth\u00e9tique avant apr\u00e8s\" \/>\n<meta property=\"og:description\" content=\"Jessica Thivenin chirurgie esth\u00e9tique avant apr\u00e8s . Qui est le chirurgien esth\u00e9tique de Jessica . La derni\u00e8re op\u00e9ration . Pourquoi elle s&#039;est fait op\u00e9rer\" \/>\n<meta property=\"og:url\" content=\"https:\/\/www.univers-med.com\/blog\/jessica-thivenin-chirurgie-esthetique\/\" \/>\n<meta property=\"og:site_name\" content=\"Blog Univers-med\" \/>\n<meta property=\"article:published_time\" content=\"2021-11-10T10:07:49+00:00\" \/>\n<meta property=\"article:modified_time\" content=\"2023-06-20T10:38:01+00:00\" \/>\n<meta property=\"og:image\" content=\"https:\/\/www.univers-med.com\/blog\/wp-content\/uploads\/2021\/11\/Jessica-Thivenin-chirurgie-esthetique2.jpg\" \/>\n\t<meta property=\"og:image:width\" content=\"1050\" \/>\n\t<meta property=\"og:image:height\" content=\"700\" \/>\n\t<meta property=\"og:image:type\" content=\"image\/jpeg\" \/>\n<meta name=\"author\" content=\"blog-univers-med\" \/>\n<meta name=\"twitter:card\" content=\"summary_large_image\" \/>\n<meta name=\"twitter:creator\" content=\"@MeduniversTn\" \/>\n<meta name=\"twitter:site\" content=\"@MeduniversTn\" \/>\n<script type=\"application\/ld+json\" class=\"yoast-schema-graph\">{\"@context\":\"https:\/\/schema.org\",\"@graph\":[{\"@type\":\"Article\",\"@id\":\"https:\/\/www.univers-med.com\/blog\/jessica-thivenin-chirurgie-esthetique\/#article\",\"isPartOf\":{\"@id\":\"https:\/\/www.univers-med.com\/blog\/jessica-thivenin-chirurgie-esthetique\/\"},\"author\":{\"name\":\"blog-univers-med\",\"@id\":\"https:\/\/www.univers-med.com\/blog\/#\/schema\/person\/a4d4b2b10c240db88faecbdd5f1175cf\"},\"headline\":\"Jessica Thivenin chirurgie esth\u00e9tique\",\"datePublished\":\"2021-11-10T10:07:49+00:00\",\"dateModified\":\"2023-06-20T10:38:01+00:00\",\"mainEntityOfPage\":{\"@id\":\"https:\/\/www.univers-med.com\/blog\/jessica-thivenin-chirurgie-esthetique\/\"},\"wordCount\":610,\"publisher\":{\"@id\":\"https:\/\/www.univers-med.com\/blog\/#\/schema\/person\/a4d4b2b10c240db88faecbdd5f1175cf\"},\"articleSection\":[\"Beaut\u00e9 des stars\"],\"inLanguage\":\"fr-FR\"},{\"@type\":\"WebPage\",\"@id\":\"https:\/\/www.univers-med.com\/blog\/jessica-thivenin-chirurgie-esthetique\/\",\"url\":\"https:\/\/www.univers-med.com\/blog\/jessica-thivenin-chirurgie-esthetique\/\",\"name\":\"Jessica Thivenin chirurgie esth\u00e9tique avant apr\u00e8s\",\"isPartOf\":{\"@id\":\"https:\/\/www.univers-med.com\/blog\/#website\"},\"datePublished\":\"2021-11-10T10:07:49+00:00\",\"dateModified\":\"2023-06-20T10:38:01+00:00\",\"description\":\"Jessica Thivenin chirurgie esth\u00e9tique avant apr\u00e8s . Qui est le chirurgien esth\u00e9tique de Jessica . La derni\u00e8re op\u00e9ration . Pourquoi elle s'est fait op\u00e9rer\",\"breadcrumb\":{\"@id\":\"https:\/\/www.univers-med.com\/blog\/jessica-thivenin-chirurgie-esthetique\/#breadcrumb\"},\"inLanguage\":\"fr-FR\",\"potentialAction\":[{\"@type\":\"ReadAction\",\"target\":[\"https:\/\/www.univers-med.com\/blog\/jessica-thivenin-chirurgie-esthetique\/\"]}]},{\"@type\":\"BreadcrumbList\",\"@id\":\"https:\/\/www.univers-med.com\/blog\/jessica-thivenin-chirurgie-esthetique\/#breadcrumb\",\"itemListElement\":[{\"@type\":\"ListItem\",\"position\":1,\"name\":\"Accueil\",\"item\":\"https:\/\/www.univers-med.com\/blog\/\"},{\"@type\":\"ListItem\",\"position\":2,\"name\":\"Jessica Thivenin chirurgie esth\u00e9tique\"}]},{\"@type\":\"WebSite\",\"@id\":\"https:\/\/www.univers-med.com\/blog\/#website\",\"url\":\"https:\/\/www.univers-med.com\/blog\/\",\"name\":\"Blog Univers-med\",\"description\":\"Blog Univers-med\",\"publisher\":{\"@id\":\"https:\/\/www.univers-med.com\/blog\/#\/schema\/person\/a4d4b2b10c240db88faecbdd5f1175cf\"},\"alternateName\":\"chirurgie esth\u00e9tique Tunisie\",\"potentialAction\":[{\"@type\":\"SearchAction\",\"target\":{\"@type\":\"EntryPoint\",\"urlTemplate\":\"https:\/\/www.univers-med.com\/blog\/?s={search_term_string}\"},\"query-input\":\"required name=search_term_string\"}],\"inLanguage\":\"fr-FR\"},{\"@type\":[\"Person\",\"Organization\"],\"@id\":\"https:\/\/www.univers-med.com\/blog\/#\/schema\/person\/a4d4b2b10c240db88faecbdd5f1175cf\",\"name\":\"blog-univers-med\",\"image\":{\"@type\":\"ImageObject\",\"inLanguage\":\"fr-FR\",\"@id\":\"https:\/\/www.univers-med.com\/blog\/#\/schema\/person\/image\/\",\"url\":\"https:\/\/www.univers-med.com\/blog\/wp-content\/uploads\/2020\/10\/cropped-logo-1.png\",\"contentUrl\":\"https:\/\/www.univers-med.com\/blog\/wp-content\/uploads\/2020\/10\/cropped-logo-1.png\",\"width\":512,\"height\":512,\"caption\":\"blog-univers-med\"},\"logo\":{\"@id\":\"https:\/\/www.univers-med.com\/blog\/#\/schema\/person\/image\/\"},\"sameAs\":[\"https:\/\/www.instagram.com\/univers_med_officiel\/\"],\"url\":\"https:\/\/www.univers-med.com\/blog\/author\/blog-univers-med\/\"}]}<\/script>\n<!-- \/ Yoast SEO plugin. -->","yoast_head_json":{"title":"Jessica Thivenin chirurgie esth\u00e9tique avant apr\u00e8s","description":"Jessica Thivenin chirurgie esth\u00e9tique avant apr\u00e8s . Qui est le chirurgien esth\u00e9tique de Jessica . La derni\u00e8re op\u00e9ration . Pourquoi elle s'est fait op\u00e9rer","robots":{"index":"index","follow":"follow","max-snippet":"max-snippet:-1","max-image-preview":"max-image-preview:large","max-video-preview":"max-video-preview:-1"},"canonical":"https:\/\/www.univers-med.com\/blog\/jessica-thivenin-chirurgie-esthetique\/","og_locale":"fr_FR","og_type":"article","og_title":"Jessica Thivenin chirurgie esth\u00e9tique avant apr\u00e8s","og_description":"Jessica Thivenin chirurgie esth\u00e9tique avant apr\u00e8s . Qui est le chirurgien esth\u00e9tique de Jessica . La derni\u00e8re op\u00e9ration . Pourquoi elle s'est fait op\u00e9rer","og_url":"https:\/\/www.univers-med.com\/blog\/jessica-thivenin-chirurgie-esthetique\/","og_site_name":"Blog Univers-med","article_published_time":"2021-11-10T10:07:49+00:00","article_modified_time":"2023-06-20T10:38:01+00:00","og_image":[{"width":1050,"height":700,"url":"https:\/\/www.univers-med.com\/blog\/wp-content\/uploads\/2021\/11\/Jessica-Thivenin-chirurgie-esthetique2.jpg","type":"image\/jpeg"}],"author":"blog-univers-med","twitter_card":"summary_large_image","twitter_creator":"@MeduniversTn","twitter_site":"@MeduniversTn","schema":{"@context":"https:\/\/schema.org","@graph":[{"@type":"Article","@id":"https:\/\/www.univers-med.com\/blog\/jessica-thivenin-chirurgie-esthetique\/#article","isPartOf":{"@id":"https:\/\/www.univers-med.com\/blog\/jessica-thivenin-chirurgie-esthetique\/"},"author":{"name":"blog-univers-med","@id":"https:\/\/www.univers-med.com\/blog\/#\/schema\/person\/a4d4b2b10c240db88faecbdd5f1175cf"},"headline":"Jessica Thivenin chirurgie esth\u00e9tique","datePublished":"2021-11-10T10:07:49+00:00","dateModified":"2023-06-20T10:38:01+00:00","mainEntityOfPage":{"@id":"https:\/\/www.univers-med.com\/blog\/jessica-thivenin-chirurgie-esthetique\/"},"wordCount":610,"publisher":{"@id":"https:\/\/www.univers-med.com\/blog\/#\/schema\/person\/a4d4b2b10c240db88faecbdd5f1175cf"},"articleSection":["Beaut\u00e9 des stars"],"inLanguage":"fr-FR"},{"@type":"WebPage","@id":"https:\/\/www.univers-med.com\/blog\/jessica-thivenin-chirurgie-esthetique\/","url":"https:\/\/www.univers-med.com\/blog\/jessica-thivenin-chirurgie-esthetique\/","name":"Jessica Thivenin chirurgie esth\u00e9tique avant apr\u00e8s","isPartOf":{"@id":"https:\/\/www.univers-med.com\/blog\/#website"},"datePublished":"2021-11-10T10:07:49+00:00","dateModified":"2023-06-20T10:38:01+00:00","description":"Jessica Thivenin chirurgie esth\u00e9tique avant apr\u00e8s . Qui est le chirurgien esth\u00e9tique de Jessica . La derni\u00e8re op\u00e9ration . Pourquoi elle s'est fait op\u00e9rer","breadcrumb":{"@id":"https:\/\/www.univers-med.com\/blog\/jessica-thivenin-chirurgie-esthetique\/#breadcrumb"},"inLanguage":"fr-FR","potentialAction":[{"@type":"ReadAction","target":["https:\/\/www.univers-med.com\/blog\/jessica-thivenin-chirurgie-esthetique\/"]}]},{"@type":"BreadcrumbList","@id":"https:\/\/www.univers-med.com\/blog\/jessica-thivenin-chirurgie-esthetique\/#breadcrumb","itemListElement":[{"@type":"ListItem","position":1,"name":"Accueil","item":"https:\/\/www.univers-med.com\/blog\/"},{"@type":"ListItem","position":2,"name":"Jessica Thivenin chirurgie esth\u00e9tique"}]},{"@type":"WebSite","@id":"https:\/\/www.univers-med.com\/blog\/#website","url":"https:\/\/www.univers-med.com\/blog\/","name":"Blog Univers-med","description":"Blog Univers-med","publisher":{"@id":"https:\/\/www.univers-med.com\/blog\/#\/schema\/person\/a4d4b2b10c240db88faecbdd5f1175cf"},"alternateName":"chirurgie esth\u00e9tique Tunisie","potentialAction":[{"@type":"SearchAction","target":{"@type":"EntryPoint","urlTemplate":"https:\/\/www.univers-med.com\/blog\/?s={search_term_string}"},"query-input":"required name=search_term_string"}],"inLanguage":"fr-FR"},{"@type":["Person","Organization"],"@id":"https:\/\/www.univers-med.com\/blog\/#\/schema\/person\/a4d4b2b10c240db88faecbdd5f1175cf","name":"blog-univers-med","image":{"@type":"ImageObject","inLanguage":"fr-FR","@id":"https:\/\/www.univers-med.com\/blog\/#\/schema\/person\/image\/","url":"https:\/\/www.univers-med.com\/blog\/wp-content\/uploads\/2020\/10\/cropped-logo-1.png","contentUrl":"https:\/\/www.univers-med.com\/blog\/wp-content\/uploads\/2020\/10\/cropped-logo-1.png","width":512,"height":512,"caption":"blog-univers-med"},"logo":{"@id":"https:\/\/www.univers-med.com\/blog\/#\/schema\/person\/image\/"},"sameAs":["https:\/\/www.instagram.com\/univers_med_officiel\/"],"url":"https:\/\/www.univers-med.com\/blog\/author\/blog-univers-med\/"}]}},"_links":{"self":[{"href":"https:\/\/www.univers-med.com\/blog\/wp-json\/wp\/v2\/posts\/2815"}],"collection":[{"href":"https:\/\/www.univers-med.com\/blog\/wp-json\/wp\/v2\/posts"}],"about":[{"href":"https:\/\/www.univers-med.com\/blog\/wp-json\/wp\/v2\/types\/post"}],"author":[{"embeddable":true,"href":"https:\/\/www.univers-med.com\/blog\/wp-json\/wp\/v2\/users\/1"}],"replies":[{"embeddable":true,"href":"https:\/\/www.univers-med.com\/blog\/wp-json\/wp\/v2\/comments?post=2815"}],"version-history":[{"count":9,"href":"https:\/\/www.univers-med.com\/blog\/wp-json\/wp\/v2\/posts\/2815\/revisions"}],"predecessor-version":[{"id":7057,"href":"https:\/\/www.univers-med.com\/blog\/wp-json\/wp\/v2\/posts\/2815\/revisions\/7057"}],"wp:featuredmedia":[{"embeddable":true,"href":"https:\/\/www.univers-med.com\/blog\/wp-json\/wp\/v2\/media\/2897"}],"wp:attachment":[{"href":"https:\/\/www.univers-med.com\/blog\/wp-json\/wp\/v2\/media?parent=2815"}],"wp:term":[{"taxonomy":"category","embeddable":true,"href":"https:\/\/www.univers-med.com\/blog\/wp-json\/wp\/v2\/categories?post=2815"},{"taxonomy":"post_tag","embeddable":true,"href":"https:\/\/www.univers-med.com\/blog\/wp-json\/wp\/v2\/tags?post=2815"}],"curies":[{"name":"wp","href":"https:\/\/api.w.org\/{rel}","templated":true}]}}