{"id":1685,"date":"2020-10-01T14:23:16","date_gmt":"2020-10-01T12:23:16","guid":{"rendered":"http:\/\/univers-med.com\/blog\/?p=1685"},"modified":"2023-06-20T13:20:14","modified_gmt":"2023-06-20T11:20:14","slug":"astrid-nelsia-chirurgie-esthetique","status":"publish","type":"post","link":"https:\/\/www.univers-med.com\/blog\/astrid-nelsia-chirurgie-esthetique\/","title":{"rendered":"Astrid Nelsia chirurgie esth\u00e9tique"},"content":{"rendered":"<p><strong>Astrid Nelsia<\/strong>, n\u00e9e le 30 octobre 1995 en Suisse, est r\u00e9v\u00e9l\u00e9e au public en 2016 \u00e0 l\u2019occasion du programme de T\u00e9l\u00e9-r\u00e9alit\u00e9<em>\u00a0Les Princes de l\u2019amour 4<\/em>, diffus\u00e9e sur W9. Entre 2017 et 2018, elle avait particip\u00e9e \u00e0 l\u2019\u00e9mission comme pr\u00e9tendante de Julien Marlon, les\u00a0<em>Vacances des Anges 2, Bienvenue chez les Grecs<\/em><em>,\u00a0Friends Trip 4 et les Anges 10.\u00a0<\/em>Astrid Nelsia, est aujourd\u2019hui une c\u00e9l\u00e9brit\u00e9 tr\u00e8s active sur les r\u00e9seaux sociaux et en particulier Instagram sur lequel elle d\u00e9voile ses formes g\u00e9n\u00e9reuses apr\u00e8s avoir eu recours \u00e0 la chirurgie esth\u00e9tique.<\/p>\n<figure id=\"attachment_1689\" aria-describedby=\"caption-attachment-1689\" style=\"width: 300px\" class=\"wp-caption alignleft\"><img loading=\"lazy\" class=\"size-medium wp-image-1689\" src=\"https:\/\/univers-med.com\/blog\/wp-content\/uploads\/2020\/10\/Astrid-Nelsia-chirurgie-esth\u00e9tique-300x223.jpg\" alt=\"Astrid Nelsia chirurgie esth\u00e9tique\" width=\"300\" height=\"223\" srcset=\"https:\/\/www.univers-med.com\/blog\/wp-content\/uploads\/2020\/10\/Astrid-Nelsia-chirurgie-esth\u00e9tique-300x223.jpg 300w, https:\/\/www.univers-med.com\/blog\/wp-content\/uploads\/2020\/10\/Astrid-Nelsia-chirurgie-esth\u00e9tique-80x60.jpg 80w, https:\/\/www.univers-med.com\/blog\/wp-content\/uploads\/2020\/10\/Astrid-Nelsia-chirurgie-esth\u00e9tique-265x198.jpg 265w, https:\/\/www.univers-med.com\/blog\/wp-content\/uploads\/2020\/10\/Astrid-Nelsia-chirurgie-esth\u00e9tique.jpg 500w\" sizes=\"(max-width: 300px) 100vw, 300px\" \/><figcaption id=\"caption-attachment-1689\" class=\"wp-caption-text\">Astrid Nelsia chirurgie esth\u00e9tique<\/figcaption><\/figure>\n<div id=\"ez-toc-container\" class=\"ez-toc-v2_0_72 counter-hierarchy ez-toc-counter ez-toc-grey ez-toc-container-direction\">\n<div class=\"ez-toc-title-container\">\n<p class=\"ez-toc-title\" style=\"cursor:inherit\">Table of Contents<\/p>\n<span class=\"ez-toc-title-toggle\"><a href=\"#\" class=\"ez-toc-pull-right ez-toc-btn ez-toc-btn-xs ez-toc-btn-default ez-toc-toggle\" aria-label=\"Toggle Table of Content\"><span class=\"ez-toc-js-icon-con\"><span class=\"\"><span class=\"eztoc-hide\" style=\"display:none;\">Toggle<\/span><span class=\"ez-toc-icon-toggle-span\"><svg style=\"fill: #999;color:#999\" xmlns=\"http:\/\/www.w3.org\/2000\/svg\" class=\"list-377408\" width=\"20px\" height=\"20px\" viewBox=\"0 0 24 24\" fill=\"none\"><path d=\"M6 6H4v2h2V6zm14 0H8v2h12V6zM4 11h2v2H4v-2zm16 0H8v2h12v-2zM4 16h2v2H4v-2zm16 0H8v2h12v-2z\" fill=\"currentColor\"><\/path><\/svg><svg style=\"fill: #999;color:#999\" class=\"arrow-unsorted-368013\" xmlns=\"http:\/\/www.w3.org\/2000\/svg\" width=\"10px\" height=\"10px\" viewBox=\"0 0 24 24\" version=\"1.2\" baseProfile=\"tiny\"><path d=\"M18.2 9.3l-6.2-6.3-6.2 6.3c-.2.2-.3.4-.3.7s.1.5.3.7c.2.2.4.3.7.3h11c.3 0 .5-.1.7-.3.2-.2.3-.5.3-.7s-.1-.5-.3-.7zM5.8 14.7l6.2 6.3 6.2-6.3c.2-.2.3-.5.3-.7s-.1-.5-.3-.7c-.2-.2-.4-.3-.7-.3h-11c-.3 0-.5.1-.7.3-.2.2-.3.5-.3.7s.1.5.3.7z\"\/><\/svg><\/span><\/span><\/span><\/a><\/span><\/div>\n<nav><ul class='ez-toc-list ez-toc-list-level-1 ' ><li class='ez-toc-page-1 ez-toc-heading-level-2'><a class=\"ez-toc-link ez-toc-heading-1\" href=\"https:\/\/www.univers-med.com\/blog\/astrid-nelsia-chirurgie-esthetique\/#Astrid_Nelsia_et_la_chirurgie_esthetique\" title=\"Astrid Nelsia et la chirurgie esth\u00e9tique\">Astrid Nelsia et la chirurgie esth\u00e9tique<\/a><\/li><li class='ez-toc-page-1 ez-toc-heading-level-2'><a class=\"ez-toc-link ez-toc-heading-2\" href=\"https:\/\/www.univers-med.com\/blog\/astrid-nelsia-chirurgie-esthetique\/#Astrid_Nelsia_subie_une_augmentation_mammaire_par_protheses\" title=\"Astrid Nelsia subie une augmentation mammaire par proth\u00e8ses\">Astrid Nelsia subie une augmentation mammaire par proth\u00e8ses<\/a><\/li><li class='ez-toc-page-1 ez-toc-heading-level-2'><a class=\"ez-toc-link ez-toc-heading-3\" href=\"https:\/\/www.univers-med.com\/blog\/astrid-nelsia-chirurgie-esthetique\/#Astrid_Nelsia_Partante_pour_une_chirurgie_de_lipoaspiration\" title=\"Astrid Nelsia, Partante pour une chirurgie de lipoaspiration\">Astrid Nelsia, Partante pour une chirurgie de lipoaspiration<\/a><\/li><\/ul><\/nav><\/div>\n<h2><span class=\"ez-toc-section\" id=\"Astrid_Nelsia_et_la_chirurgie_esthetique\"><\/span>Astrid Nelsia et la chirurgie esth\u00e9tique<span class=\"ez-toc-section-end\"><\/span><\/h2>\n<p>En r\u00e9alit\u00e9, la <strong>candidate de la t\u00e9l\u00e9r\u00e9alit\u00e9<\/strong> est toujours tr\u00e8s honn\u00eate envers sa communaut\u00e9, en effet, elle ne s&rsquo;en cache pas avoir subie une chirurgie esth\u00e9tique pour qu\u2019elle puisse se sentir mieux dans sa peau et son corps telle qu\u2019une intervention de <strong>augmentation de la taille se ses seins\u00a0<\/strong>. R\u00e9cemment, la starlette avait d\u00e9voil\u00e9e le r\u00e9sultat de sa nouvelle op\u00e9ration, \u00e0 savoir, une <strong>op\u00e9ration d\u2019augmentation mammaire<\/strong>.<\/p>\n<p><img loading=\"lazy\" class=\"size-full wp-image-1692 alignleft\" src=\"https:\/\/univers-med.com\/blog\/wp-content\/uploads\/2020\/10\/Astrid-Nelsia-chirurgie-esthetique.jpg\" alt=\"Astrid Nelsia chirurgie\" width=\"208\" height=\"242\" \/><\/p>\n<h2><span class=\"ez-toc-section\" id=\"Astrid_Nelsia_subie_une_augmentation_mammaire_par_protheses\"><\/span>Astrid Nelsia subie une augmentation mammaire par proth\u00e8ses<span class=\"ez-toc-section-end\"><\/span><\/h2>\n<p>Pour mettre fin \u00e0 complexe li\u00e9e \u00e0 <strong>sa petite poitrine<\/strong>, la starlette a d\u00e9cid\u00e9e de recourir \u00e0 une <strong>chirurgie d\u2019augmentation des seins<\/strong>. Sur son Instagram, elle avait annonc\u00e9e le mardi 9 juin 2020 que \u00ab\u00a0\u00c7a s&rsquo;est super bien pass\u00e9. La premi\u00e8re fois que j&rsquo;ai refait ma poitrine,\u00a0j&rsquo;avais un bonnet A ou un petit B et j&rsquo;\u00e9tais pass\u00e9e au D. Donc j&rsquo;ai eu super mal parce que plus tu as une petite poitrine, plus tu la grossis et plus \u00e7a fait mal\u00a0\u00bb.<\/p>\n<p>La <strong>chirurgie de pose d\u2019implants mammaires<\/strong>, permet d\u2019agir sur le ph\u00e9nom\u00e8ne d\u2019<strong>hypotrophie mammaire<\/strong> li\u00e9e \u00e0 un insuffisant volume des seins qui affecte leur aspect pour devenir plat ainsi qu\u2019un complexe physique avec un manque de confiance en soi.<\/p>\n<p>Une proth\u00e8se mammaire, est un dispositif m\u00e9dical utilis\u00e9 en chirurgie esth\u00e9tique des seins afin de reconstruire la forme de la poitrine seins ou augmenter son volume au profit du bien-\u00eatre de la patiente. Aujourd\u2019hui, Astrid Nelsia \u00e0 pass\u00e9e d&rsquo;un bonnet D \u00e0 un bonnet C.<\/p>\n<p><img loading=\"lazy\" class=\"size-medium wp-image-1693 aligncenter\" src=\"https:\/\/univers-med.com\/blog\/wp-content\/uploads\/2020\/10\/Astrid-Nelsia-augmentation-mammaire-300x158.jpg\" alt=\"Astrid Nelsia augmentation mammaire\" width=\"300\" height=\"158\" srcset=\"https:\/\/www.univers-med.com\/blog\/wp-content\/uploads\/2020\/10\/Astrid-Nelsia-augmentation-mammaire-300x158.jpg 300w, https:\/\/www.univers-med.com\/blog\/wp-content\/uploads\/2020\/10\/Astrid-Nelsia-augmentation-mammaire-768x403.jpg 768w, https:\/\/www.univers-med.com\/blog\/wp-content\/uploads\/2020\/10\/Astrid-Nelsia-augmentation-mammaire-1024x538.jpg 1024w, https:\/\/www.univers-med.com\/blog\/wp-content\/uploads\/2020\/10\/Astrid-Nelsia-augmentation-mammaire-696x365.jpg 696w, https:\/\/www.univers-med.com\/blog\/wp-content\/uploads\/2020\/10\/Astrid-Nelsia-augmentation-mammaire-1068x561.jpg 1068w, https:\/\/www.univers-med.com\/blog\/wp-content\/uploads\/2020\/10\/Astrid-Nelsia-augmentation-mammaire-800x420.jpg 800w, https:\/\/www.univers-med.com\/blog\/wp-content\/uploads\/2020\/10\/Astrid-Nelsia-augmentation-mammaire.jpg 1200w\" sizes=\"(max-width: 300px) 100vw, 300px\" \/><\/p>\n<h2><span class=\"ez-toc-section\" id=\"Astrid_Nelsia_Partante_pour_une_chirurgie_de_lipoaspiration\"><\/span><u>Astrid Nelsia, Partante pour une chirurgie de lipoaspiration<\/u><span class=\"ez-toc-section-end\"><\/span><\/h2>\n<p>En r\u00e9alit\u00e9, la <strong>star de T\u00e9l\u00e9r\u00e9alit\u00e9<\/strong> ne compte pas s&rsquo;arr\u00eater avec la chirurgie esth\u00e9tique, en effet, elle d\u00e9sire se faire op\u00e9rer au mois octobre prochain pour une intervention de liposuccion en annon\u00e7ant que \u00ab\u00a0Je vais souffrir. Apr\u00e8s, j&rsquo;arr\u00eate la chirurgie. Mais ne pensez pas que j&rsquo;en fais trop, \u00e7a fait deux ans que je n&rsquo;avais rien fait. J&rsquo;ai juste fait mes l\u00e8vres et des petites injections\u00a0\u00bb.<\/p>\n<p>La chirurgie esth\u00e9tique de lipoapiration, est indiqu\u00e9e pour \u00e9liminer de fa\u00e7on d\u00e9finitive les cellules et les tissus adipeux responsables de l\u2019accumulation de la graisse sur les diff\u00e9rentes r\u00e9gions du corps afin de retrouver une silhouette harmonieuse ainsi que sur certaines zones de la face comme le double menton.<\/p>\n<p>En fait, l\u2019accumulation de la graisse peut se manifester sur des r\u00e9gions non appr\u00e9ci\u00e9es comme le ventre ou les culottes de cheval malgr\u00e9 la pratique de sport et les r\u00e9gimes alimentaires, en effet, il s\u2019agit de zones qui restent dures \u00e0 affiner.<\/p>\n","protected":false},"excerpt":{"rendered":"<p>Astrid Nelsia, n\u00e9e le 30 octobre 1995 en Suisse, est r\u00e9v\u00e9l\u00e9e au public en 2016 \u00e0 l\u2019occasion du programme de T\u00e9l\u00e9-r\u00e9alit\u00e9\u00a0Les Princes de l\u2019amour 4, diffus\u00e9e sur W9. Entre 2017 et 2018, elle avait particip\u00e9e \u00e0 l\u2019\u00e9mission comme pr\u00e9tendante de Julien Marlon, les\u00a0Vacances des Anges 2, Bienvenue chez les Grecs,\u00a0Friends Trip 4 et les Anges [&hellip;]<\/p>\n","protected":false},"author":1,"featured_media":1693,"comment_status":"closed","ping_status":"closed","sticky":false,"template":"","format":"standard","meta":[],"categories":[2],"tags":[675,683,706,685,781,830,829,234,861,852,948,201,952,671,862,819,950,822,844,1043,853,854],"yoast_head":"<!-- This site is optimized with the Yoast SEO plugin v20.6 - https:\/\/yoast.com\/wordpress\/plugins\/seo\/ -->\n<title>Astrid Nelsia chirurgie esth\u00e9tique : avant apr\u00e8s<\/title>\n<meta name=\"description\" content=\"Astrid Nelsia chirurgie esth\u00e9tique : op\u00e9ration augmentation mammaire . la condidate de t\u00e9l\u00e9r\u00e9alit\u00e9 subie une augmentation mammaire par proth\u00e8ses\" \/>\n<meta name=\"robots\" content=\"index, follow, max-snippet:-1, max-image-preview:large, max-video-preview:-1\" \/>\n<link rel=\"canonical\" href=\"https:\/\/www.univers-med.com\/blog\/astrid-nelsia-chirurgie-esthetique\/\" \/>\n<meta property=\"og:locale\" content=\"fr_FR\" \/>\n<meta property=\"og:type\" content=\"article\" \/>\n<meta property=\"og:title\" content=\"Astrid Nelsia chirurgie esth\u00e9tique : avant apr\u00e8s\" \/>\n<meta property=\"og:description\" content=\"Astrid Nelsia chirurgie esth\u00e9tique : op\u00e9ration augmentation mammaire . la condidate de t\u00e9l\u00e9r\u00e9alit\u00e9 subie une augmentation mammaire par proth\u00e8ses\" \/>\n<meta property=\"og:url\" content=\"https:\/\/www.univers-med.com\/blog\/astrid-nelsia-chirurgie-esthetique\/\" \/>\n<meta property=\"og:site_name\" content=\"Blog Univers-med\" \/>\n<meta property=\"article:published_time\" content=\"2020-10-01T12:23:16+00:00\" \/>\n<meta property=\"article:modified_time\" content=\"2023-06-20T11:20:14+00:00\" \/>\n<meta property=\"og:image\" content=\"https:\/\/www.univers-med.com\/blog\/wp-content\/uploads\/2020\/10\/Astrid-Nelsia-augmentation-mammaire.jpg\" \/>\n\t<meta property=\"og:image:width\" content=\"1200\" \/>\n\t<meta property=\"og:image:height\" content=\"630\" \/>\n\t<meta property=\"og:image:type\" content=\"image\/jpeg\" \/>\n<meta name=\"author\" content=\"blog-univers-med\" \/>\n<meta name=\"twitter:card\" content=\"summary_large_image\" \/>\n<meta name=\"twitter:creator\" content=\"@MeduniversTn\" \/>\n<meta name=\"twitter:site\" content=\"@MeduniversTn\" \/>\n<script type=\"application\/ld+json\" class=\"yoast-schema-graph\">{\"@context\":\"https:\/\/schema.org\",\"@graph\":[{\"@type\":\"Article\",\"@id\":\"https:\/\/www.univers-med.com\/blog\/astrid-nelsia-chirurgie-esthetique\/#article\",\"isPartOf\":{\"@id\":\"https:\/\/www.univers-med.com\/blog\/astrid-nelsia-chirurgie-esthetique\/\"},\"author\":{\"name\":\"blog-univers-med\",\"@id\":\"https:\/\/www.univers-med.com\/blog\/#\/schema\/person\/a4d4b2b10c240db88faecbdd5f1175cf\"},\"headline\":\"Astrid Nelsia chirurgie esth\u00e9tique\",\"datePublished\":\"2020-10-01T12:23:16+00:00\",\"dateModified\":\"2023-06-20T11:20:14+00:00\",\"mainEntityOfPage\":{\"@id\":\"https:\/\/www.univers-med.com\/blog\/astrid-nelsia-chirurgie-esthetique\/\"},\"wordCount\":592,\"publisher\":{\"@id\":\"https:\/\/www.univers-med.com\/blog\/#\/schema\/person\/a4d4b2b10c240db88faecbdd5f1175cf\"},\"keywords\":[\"augmentation du volume de la glande mammaire masculine\",\"augmentation mammaire \u00e0 l\u2019aide de proth\u00e8ses mammaires\",\"Augmentation mammaire avec implants mammaires\",\"Augmentation mammaire Tunisie par implant mammaire\",\"candidat de t\u00e9l\u00e9-r\u00e9alit\u00e9\",\"candidat telerealite avant apres\",\"candidates de t\u00e9l\u00e9 r\u00e9alit\u00e9 avant et apr\u00e8s la chirurgie esth\u00e9tique\",\"Chirurgie de la ptose mammaire\",\"chirurgie esth\u00e9tique star de la t\u00e9l\u00e9r\u00e9alit\u00e9\",\"chirurgie esth\u00e9tique t\u00e9l\u00e9 r\u00e9alit\u00e9\",\"chirurgie esthetique tunisie tele realite\",\"chirurgie mammaire\",\"chirurgien esthetique telerealite\",\"hypertrophie mammaire femme\",\"les candidates de t\u00e9l\u00e9 r\u00e9alit\u00e9 avant et apr\u00e8s la chirurgie esth\u00e9tique\",\"les stars de la t\u00e9l\u00e9r\u00e9alit\u00e9 et la chirurgie esthetique\",\"star tele realite chirurgie\",\"stars des t\u00e9l\u00e9r\u00e9alit\u00e9s\",\"stars et des starlettes de la t\u00e9l\u00e9r\u00e9alit\u00e9\",\"stralette des programmes de T\u00e9l\u00e9r\u00e9alit\u00e9\",\"t\u00e9l\u00e9 r\u00e9alit\u00e9 chirurgie esth\u00e9tique france\",\"telerealite chirurgie avant apres\"],\"articleSection\":[\"Chirurgie de la silhouette\"],\"inLanguage\":\"fr-FR\"},{\"@type\":\"WebPage\",\"@id\":\"https:\/\/www.univers-med.com\/blog\/astrid-nelsia-chirurgie-esthetique\/\",\"url\":\"https:\/\/www.univers-med.com\/blog\/astrid-nelsia-chirurgie-esthetique\/\",\"name\":\"Astrid Nelsia chirurgie esth\u00e9tique : avant apr\u00e8s\",\"isPartOf\":{\"@id\":\"https:\/\/www.univers-med.com\/blog\/#website\"},\"datePublished\":\"2020-10-01T12:23:16+00:00\",\"dateModified\":\"2023-06-20T11:20:14+00:00\",\"description\":\"Astrid Nelsia chirurgie esth\u00e9tique : op\u00e9ration augmentation mammaire . la condidate de t\u00e9l\u00e9r\u00e9alit\u00e9 subie une augmentation mammaire par proth\u00e8ses\",\"breadcrumb\":{\"@id\":\"https:\/\/www.univers-med.com\/blog\/astrid-nelsia-chirurgie-esthetique\/#breadcrumb\"},\"inLanguage\":\"fr-FR\",\"potentialAction\":[{\"@type\":\"ReadAction\",\"target\":[\"https:\/\/www.univers-med.com\/blog\/astrid-nelsia-chirurgie-esthetique\/\"]}]},{\"@type\":\"BreadcrumbList\",\"@id\":\"https:\/\/www.univers-med.com\/blog\/astrid-nelsia-chirurgie-esthetique\/#breadcrumb\",\"itemListElement\":[{\"@type\":\"ListItem\",\"position\":1,\"name\":\"Accueil\",\"item\":\"https:\/\/www.univers-med.com\/blog\/\"},{\"@type\":\"ListItem\",\"position\":2,\"name\":\"Astrid Nelsia chirurgie esth\u00e9tique\"}]},{\"@type\":\"WebSite\",\"@id\":\"https:\/\/www.univers-med.com\/blog\/#website\",\"url\":\"https:\/\/www.univers-med.com\/blog\/\",\"name\":\"Blog Univers-med\",\"description\":\"Blog Univers-med\",\"publisher\":{\"@id\":\"https:\/\/www.univers-med.com\/blog\/#\/schema\/person\/a4d4b2b10c240db88faecbdd5f1175cf\"},\"alternateName\":\"chirurgie esth\u00e9tique Tunisie\",\"potentialAction\":[{\"@type\":\"SearchAction\",\"target\":{\"@type\":\"EntryPoint\",\"urlTemplate\":\"https:\/\/www.univers-med.com\/blog\/?s={search_term_string}\"},\"query-input\":\"required name=search_term_string\"}],\"inLanguage\":\"fr-FR\"},{\"@type\":[\"Person\",\"Organization\"],\"@id\":\"https:\/\/www.univers-med.com\/blog\/#\/schema\/person\/a4d4b2b10c240db88faecbdd5f1175cf\",\"name\":\"blog-univers-med\",\"image\":{\"@type\":\"ImageObject\",\"inLanguage\":\"fr-FR\",\"@id\":\"https:\/\/www.univers-med.com\/blog\/#\/schema\/person\/image\/\",\"url\":\"https:\/\/www.univers-med.com\/blog\/wp-content\/uploads\/2020\/10\/cropped-logo-1.png\",\"contentUrl\":\"https:\/\/www.univers-med.com\/blog\/wp-content\/uploads\/2020\/10\/cropped-logo-1.png\",\"width\":512,\"height\":512,\"caption\":\"blog-univers-med\"},\"logo\":{\"@id\":\"https:\/\/www.univers-med.com\/blog\/#\/schema\/person\/image\/\"},\"sameAs\":[\"https:\/\/www.instagram.com\/univers_med_officiel\/\"],\"url\":\"https:\/\/www.univers-med.com\/blog\/author\/blog-univers-med\/\"}]}<\/script>\n<!-- \/ Yoast SEO plugin. -->","yoast_head_json":{"title":"Astrid Nelsia chirurgie esth\u00e9tique : avant apr\u00e8s","description":"Astrid Nelsia chirurgie esth\u00e9tique : op\u00e9ration augmentation mammaire . la condidate de t\u00e9l\u00e9r\u00e9alit\u00e9 subie une augmentation mammaire par proth\u00e8ses","robots":{"index":"index","follow":"follow","max-snippet":"max-snippet:-1","max-image-preview":"max-image-preview:large","max-video-preview":"max-video-preview:-1"},"canonical":"https:\/\/www.univers-med.com\/blog\/astrid-nelsia-chirurgie-esthetique\/","og_locale":"fr_FR","og_type":"article","og_title":"Astrid Nelsia chirurgie esth\u00e9tique : avant apr\u00e8s","og_description":"Astrid Nelsia chirurgie esth\u00e9tique : op\u00e9ration augmentation mammaire . la condidate de t\u00e9l\u00e9r\u00e9alit\u00e9 subie une augmentation mammaire par proth\u00e8ses","og_url":"https:\/\/www.univers-med.com\/blog\/astrid-nelsia-chirurgie-esthetique\/","og_site_name":"Blog Univers-med","article_published_time":"2020-10-01T12:23:16+00:00","article_modified_time":"2023-06-20T11:20:14+00:00","og_image":[{"width":1200,"height":630,"url":"https:\/\/www.univers-med.com\/blog\/wp-content\/uploads\/2020\/10\/Astrid-Nelsia-augmentation-mammaire.jpg","type":"image\/jpeg"}],"author":"blog-univers-med","twitter_card":"summary_large_image","twitter_creator":"@MeduniversTn","twitter_site":"@MeduniversTn","schema":{"@context":"https:\/\/schema.org","@graph":[{"@type":"Article","@id":"https:\/\/www.univers-med.com\/blog\/astrid-nelsia-chirurgie-esthetique\/#article","isPartOf":{"@id":"https:\/\/www.univers-med.com\/blog\/astrid-nelsia-chirurgie-esthetique\/"},"author":{"name":"blog-univers-med","@id":"https:\/\/www.univers-med.com\/blog\/#\/schema\/person\/a4d4b2b10c240db88faecbdd5f1175cf"},"headline":"Astrid Nelsia chirurgie esth\u00e9tique","datePublished":"2020-10-01T12:23:16+00:00","dateModified":"2023-06-20T11:20:14+00:00","mainEntityOfPage":{"@id":"https:\/\/www.univers-med.com\/blog\/astrid-nelsia-chirurgie-esthetique\/"},"wordCount":592,"publisher":{"@id":"https:\/\/www.univers-med.com\/blog\/#\/schema\/person\/a4d4b2b10c240db88faecbdd5f1175cf"},"keywords":["augmentation du volume de la glande mammaire masculine","augmentation mammaire \u00e0 l\u2019aide de proth\u00e8ses mammaires","Augmentation mammaire avec implants mammaires","Augmentation mammaire Tunisie par implant mammaire","candidat de t\u00e9l\u00e9-r\u00e9alit\u00e9","candidat telerealite avant apres","candidates de t\u00e9l\u00e9 r\u00e9alit\u00e9 avant et apr\u00e8s la chirurgie esth\u00e9tique","Chirurgie de la ptose mammaire","chirurgie esth\u00e9tique star de la t\u00e9l\u00e9r\u00e9alit\u00e9","chirurgie esth\u00e9tique t\u00e9l\u00e9 r\u00e9alit\u00e9","chirurgie esthetique tunisie tele realite","chirurgie mammaire","chirurgien esthetique telerealite","hypertrophie mammaire femme","les candidates de t\u00e9l\u00e9 r\u00e9alit\u00e9 avant et apr\u00e8s la chirurgie esth\u00e9tique","les stars de la t\u00e9l\u00e9r\u00e9alit\u00e9 et la chirurgie esthetique","star tele realite chirurgie","stars des t\u00e9l\u00e9r\u00e9alit\u00e9s","stars et des starlettes de la t\u00e9l\u00e9r\u00e9alit\u00e9","stralette des programmes de T\u00e9l\u00e9r\u00e9alit\u00e9","t\u00e9l\u00e9 r\u00e9alit\u00e9 chirurgie esth\u00e9tique france","telerealite chirurgie avant apres"],"articleSection":["Chirurgie de la silhouette"],"inLanguage":"fr-FR"},{"@type":"WebPage","@id":"https:\/\/www.univers-med.com\/blog\/astrid-nelsia-chirurgie-esthetique\/","url":"https:\/\/www.univers-med.com\/blog\/astrid-nelsia-chirurgie-esthetique\/","name":"Astrid Nelsia chirurgie esth\u00e9tique : avant apr\u00e8s","isPartOf":{"@id":"https:\/\/www.univers-med.com\/blog\/#website"},"datePublished":"2020-10-01T12:23:16+00:00","dateModified":"2023-06-20T11:20:14+00:00","description":"Astrid Nelsia chirurgie esth\u00e9tique : op\u00e9ration augmentation mammaire . la condidate de t\u00e9l\u00e9r\u00e9alit\u00e9 subie une augmentation mammaire par proth\u00e8ses","breadcrumb":{"@id":"https:\/\/www.univers-med.com\/blog\/astrid-nelsia-chirurgie-esthetique\/#breadcrumb"},"inLanguage":"fr-FR","potentialAction":[{"@type":"ReadAction","target":["https:\/\/www.univers-med.com\/blog\/astrid-nelsia-chirurgie-esthetique\/"]}]},{"@type":"BreadcrumbList","@id":"https:\/\/www.univers-med.com\/blog\/astrid-nelsia-chirurgie-esthetique\/#breadcrumb","itemListElement":[{"@type":"ListItem","position":1,"name":"Accueil","item":"https:\/\/www.univers-med.com\/blog\/"},{"@type":"ListItem","position":2,"name":"Astrid Nelsia chirurgie esth\u00e9tique"}]},{"@type":"WebSite","@id":"https:\/\/www.univers-med.com\/blog\/#website","url":"https:\/\/www.univers-med.com\/blog\/","name":"Blog Univers-med","description":"Blog Univers-med","publisher":{"@id":"https:\/\/www.univers-med.com\/blog\/#\/schema\/person\/a4d4b2b10c240db88faecbdd5f1175cf"},"alternateName":"chirurgie esth\u00e9tique Tunisie","potentialAction":[{"@type":"SearchAction","target":{"@type":"EntryPoint","urlTemplate":"https:\/\/www.univers-med.com\/blog\/?s={search_term_string}"},"query-input":"required name=search_term_string"}],"inLanguage":"fr-FR"},{"@type":["Person","Organization"],"@id":"https:\/\/www.univers-med.com\/blog\/#\/schema\/person\/a4d4b2b10c240db88faecbdd5f1175cf","name":"blog-univers-med","image":{"@type":"ImageObject","inLanguage":"fr-FR","@id":"https:\/\/www.univers-med.com\/blog\/#\/schema\/person\/image\/","url":"https:\/\/www.univers-med.com\/blog\/wp-content\/uploads\/2020\/10\/cropped-logo-1.png","contentUrl":"https:\/\/www.univers-med.com\/blog\/wp-content\/uploads\/2020\/10\/cropped-logo-1.png","width":512,"height":512,"caption":"blog-univers-med"},"logo":{"@id":"https:\/\/www.univers-med.com\/blog\/#\/schema\/person\/image\/"},"sameAs":["https:\/\/www.instagram.com\/univers_med_officiel\/"],"url":"https:\/\/www.univers-med.com\/blog\/author\/blog-univers-med\/"}]}},"_links":{"self":[{"href":"https:\/\/www.univers-med.com\/blog\/wp-json\/wp\/v2\/posts\/1685"}],"collection":[{"href":"https:\/\/www.univers-med.com\/blog\/wp-json\/wp\/v2\/posts"}],"about":[{"href":"https:\/\/www.univers-med.com\/blog\/wp-json\/wp\/v2\/types\/post"}],"author":[{"embeddable":true,"href":"https:\/\/www.univers-med.com\/blog\/wp-json\/wp\/v2\/users\/1"}],"replies":[{"embeddable":true,"href":"https:\/\/www.univers-med.com\/blog\/wp-json\/wp\/v2\/comments?post=1685"}],"version-history":[{"count":9,"href":"https:\/\/www.univers-med.com\/blog\/wp-json\/wp\/v2\/posts\/1685\/revisions"}],"predecessor-version":[{"id":7078,"href":"https:\/\/www.univers-med.com\/blog\/wp-json\/wp\/v2\/posts\/1685\/revisions\/7078"}],"wp:featuredmedia":[{"embeddable":true,"href":"https:\/\/www.univers-med.com\/blog\/wp-json\/wp\/v2\/media\/1693"}],"wp:attachment":[{"href":"https:\/\/www.univers-med.com\/blog\/wp-json\/wp\/v2\/media?parent=1685"}],"wp:term":[{"taxonomy":"category","embeddable":true,"href":"https:\/\/www.univers-med.com\/blog\/wp-json\/wp\/v2\/categories?post=1685"},{"taxonomy":"post_tag","embeddable":true,"href":"https:\/\/www.univers-med.com\/blog\/wp-json\/wp\/v2\/tags?post=1685"}],"curies":[{"name":"wp","href":"https:\/\/api.w.org\/{rel}","templated":true}]}}